{"id":1648,"date":"2016-05-06T19:08:15","date_gmt":"2016-05-06T19:08:15","guid":{"rendered":"http:\/\/www.jornaldaconstrucaocivil.com.br\/?p=1648"},"modified":"2016-05-06T19:08:15","modified_gmt":"2016-05-06T19:08:15","slug":"novos-desafios-e-alta-produtividade-marcam-os-40-anos-de-historia-da-brafer","status":"publish","type":"post","link":"https:\/\/construcaocivil.siriusmarketingedesign.com.br\/?p=1648","title":{"rendered":"Novos desafios e alta produtividade marcam os 40 anos de hist\u00f3ria da Brafer"},"content":{"rendered":"<p><span style=\"color: #000080;\"><strong><em>Com capacidade de produ\u00e7\u00e3o que chega a 40 mil toneladas de estruturas met\u00e1licas por ano, empresa se adapta e investe em diversos segmentos do mercado.<\/em><\/strong><\/span><\/p>\n<p><span style=\"color: #000000;\">Refer\u00eancia em estruturas met\u00e1licas no Brasil e na Am\u00e9rica do Sul, a Brafer completa 40 anos em abril de 2016. Inaugurada em 1976, a empresa esteve presente na constru\u00e7\u00e3o de importantes obras para o pa\u00eds, &#8211; com destaques recentes para a revitaliza\u00e7\u00e3o do Maracan\u00e3 e as constru\u00e7\u00f5es do est\u00e1dio do Corinthians e do Atl\u00e9tico Paranaense, todos participantes da Copa do Mundo de 2014. A Brafer \u00e9 conhecida por fabricar estruturas que fogem do padr\u00e3o construtivo convencional. Obras desafiadoras, que possuem um apelo estrutural e visual complexos, fazem parte do diversificado portf\u00f3lio da empresa.<\/span><\/p>\n<p><span style=\"color: #000000;\">Contando atualmente com um efetivo de cerca de 1000 colaboradores, somando as sedes de Arauc\u00e1ria, Rio de Janeiro, escrit\u00f3rio comercial em S\u00e3o Paulo e canteiros de obras espalhados pelo Brasil, a empresa cresceu de forma org\u00e2nica &#8211; gradual e planejada &#8211; e \u00e9 entendida pelo presidente da Brafer, Marino Garofani, como fruto de muito esfor\u00e7o, \u00e9tica, seriedade e determina\u00e7\u00e3o.<span style=\"color: #800000;\"><em> \u201cEsses s\u00e3o os nossos princ\u00edpios. Est\u00e3o enraizados em nossa cultura e garantem o desenvolvimento da empresa, &#8211; sempre aliados a qualidade do produto e do atendimento\u201d<\/em><\/span>, comenta Garofani.<\/span><\/p>\n<p><span style=\"color: #000000;\">O capital humano tamb\u00e9m \u00e9 muito importante para a companhia, que investe em profissionais altamente capacitados, motivados e que desejem trilhar carreira na empresa. Al\u00e9m disso, a f\u00e1brica tamb\u00e9m utiliza das mais atuais m\u00e1quinas e softwares de gerenciamento do mercado, aumentando o controle e precis\u00e3o de toda a produ\u00e7\u00e3o. Esse investimento cont\u00ednuo torna a Brafer um local de trabalho seguro, moderno, \u00e1gil e qualificado, o que resulta em dados positivos: entre 2008 e 2015, o n\u00famero de acidentes diminuiu de 200 para 20. <span style=\"color: #800000;\"><em>\u201cE esses 20 acidentes aconteceram devido ao fator humano, n\u00e3o por condi\u00e7\u00f5es inseguras de trabalho. Nosso objetivo \u00e9 alcan\u00e7ar o n\u00famero de zero acidentes \u2013 e estamos investindo nisso\u201d<\/em><\/span>, diz o diretor industrial da Brafer, Ricardo Foganholi.<\/span><\/p>\n<p><span style=\"color: #000000;\"><strong>Presente e futuro<\/strong><\/span><\/p>\n<p><span style=\"color: #000000;\">Pensando no momento da economia brasileira, a Brafer adapta-se as demandas do mercado e realiza investimentos para um futuro pr\u00f3ximo. Atualmente, 60% do efetivo da empresa est\u00e1 dedicada \u00e0 parte de torres e galvaniza\u00e7\u00e3o. <span style=\"color: #800000;\"><em>\u201cTemos a nossa pr\u00f3pria galvanizadora desde 1996 e, no \u00faltimo ano, investimos em uma nova planta de galvaniza\u00e7\u00e3o, com capacidade de produ\u00e7\u00e3o anual de 25 mil toneladas, que est\u00e1 a todo vapor\u201d,<\/em><\/span> salienta o vice-presidente da Brafer, Luiz Carlos Caggiano, que lembra que a empresa tamb\u00e9m realiza galvaniza\u00e7\u00f5es para terceiros.<\/span><\/p>\n<p><span style=\"color: #000000;\">Com esse mesmo pensamento, a companhia investe em parcerias estrat\u00e9gicas, sendo uma delas com o Grupo Clavijo, para a produ\u00e7\u00e3o de estruturas suporte para pain\u00e9is voltados \u00e0 capta\u00e7\u00e3o de energia solar.<span style=\"color: #800000;\"><em> \u201cAcredito que tanto nessa \u00e1rea quanto na de infraestrutura em geral, o Brasil ainda tem muito a crescer \u2013 e a Brafer estar\u00e1 pronta para atender a essas demandas\u201d,<\/em><\/span> acrescenta Caggiano, que conclui frisando que, <em>\u201ca Brafer \u00e9 capaz de oferecer solu\u00e7\u00f5es para todo tipo de projeto que envolva estruturas met\u00e1licas. Fazemos aquilo que for melhor para cada cliente, de forma personalizada e flex\u00edvel\u201d.<\/em><\/span><\/p>\n","protected":false},"excerpt":{"rendered":"<p>Com capacidade de produ\u00e7\u00e3o que chega a 40 mil toneladas de estruturas met\u00e1licas por ano, empresa se adapta e investe em diversos segmentos do mercado. Refer\u00eancia em estruturas met\u00e1licas no Brasil e na Am\u00e9rica do Sul, a Brafer completa 40 anos em abril de 2016. Inaugurada em 1976, a empresa esteve presente na constru\u00e7\u00e3o de [&hellip;]<\/p>\n","protected":false},"author":1,"featured_media":0,"comment_status":"open","ping_status":"open","sticky":false,"template":"","format":"standard","meta":{"_uag_custom_page_level_css":"","footnotes":""},"categories":[12591],"tags":[680,848,1528,4489,4628,5657,6096,7070,10375],"class_list":["post-1648","post","type-post","status-publish","format-standard","hentry","category-produtos","tag-america-do-sul","tag-araucaria-pr","tag-brafer-40-anos","tag-escritorio-comercial-em-sao-paulo","tag-estruturas-metalicas","tag-grupo-clavijo","tag-infraestrutura","tag-luiz-carlos-caggiano","tag-rio-de-janeiro"],"blocksy_meta":[],"spectra_blocks_featured_image_url":null,"spectra_blocks_author_info":{"display_name":"Jornal da Constru\u00e7\u00e3o Civil","avatar_url":"https:\/\/secure.gravatar.com\/avatar\/973c9774fd44ddaceb026973c4962faa70fc512bc4c9da68e8ebb40fecee6540?s=96&d=mm&r=g","author_link":"https:\/\/construcaocivil.siriusmarketingedesign.com.br\/?author=1","description":"Desde de 2013, levando muitas informa\u00e7\u00f5es, lan\u00e7amentos e produtos de qualidade para toda cadeia produtiva da constru\u00e7\u00e3o. O Futuro da constru\u00e7\u00e3o passa por aqui,"},"uagb_featured_image_src":{"full":false,"thumbnail":false,"medium":false,"medium_large":false,"large":false,"1536x1536":false,"2048x2048":false},"uagb_author_info":{"display_name":"Jornal da Constru\u00e7\u00e3o Civil","author_link":"https:\/\/construcaocivil.siriusmarketingedesign.com.br\/?author=1"},"uagb_comment_info":0,"uagb_excerpt":"Com capacidade de produ\u00e7\u00e3o que chega a 40 mil toneladas de estruturas met\u00e1licas por ano, empresa se adapta e investe em diversos segmentos do mercado. Refer\u00eancia em estruturas met\u00e1licas no Brasil e na Am\u00e9rica do Sul, a Brafer completa 40 anos em abril de 2016. Inaugurada em 1976, a empresa esteve presente na constru\u00e7\u00e3o de&hellip;","_links":{"self":[{"href":"https:\/\/construcaocivil.siriusmarketingedesign.com.br\/index.php?rest_route=\/wp\/v2\/posts\/1648","targetHints":{"allow":["GET"]}}],"collection":[{"href":"https:\/\/construcaocivil.siriusmarketingedesign.com.br\/index.php?rest_route=\/wp\/v2\/posts"}],"about":[{"href":"https:\/\/construcaocivil.siriusmarketingedesign.com.br\/index.php?rest_route=\/wp\/v2\/types\/post"}],"author":[{"embeddable":true,"href":"https:\/\/construcaocivil.siriusmarketingedesign.com.br\/index.php?rest_route=\/wp\/v2\/users\/1"}],"replies":[{"embeddable":true,"href":"https:\/\/construcaocivil.siriusmarketingedesign.com.br\/index.php?rest_route=%2Fwp%2Fv2%2Fcomments&post=1648"}],"version-history":[{"count":0,"href":"https:\/\/construcaocivil.siriusmarketingedesign.com.br\/index.php?rest_route=\/wp\/v2\/posts\/1648\/revisions"}],"wp:attachment":[{"href":"https:\/\/construcaocivil.siriusmarketingedesign.com.br\/index.php?rest_route=%2Fwp%2Fv2%2Fmedia&parent=1648"}],"wp:term":[{"taxonomy":"category","embeddable":true,"href":"https:\/\/construcaocivil.siriusmarketingedesign.com.br\/index.php?rest_route=%2Fwp%2Fv2%2Fcategories&post=1648"},{"taxonomy":"post_tag","embeddable":true,"href":"https:\/\/construcaocivil.siriusmarketingedesign.com.br\/index.php?rest_route=%2Fwp%2Fv2%2Ftags&post=1648"}],"curies":[{"name":"wp","href":"https:\/\/api.w.org\/{rel}","templated":true}]}}