{"id":16480,"date":"2021-05-22T22:22:36","date_gmt":"2021-05-23T01:22:36","guid":{"rendered":"https:\/\/www.jornaldaconstrucaocivil.com.br\/?p=16480"},"modified":"2023-02-14T10:43:50","modified_gmt":"2023-02-14T13:43:50","slug":"maquinas-para-construcao-falta-de-pecas-insumos-e-componentes-elevam-precos-e-prazos-de-entrega-aumentam-para-o-clienete","status":"publish","type":"post","link":"https:\/\/construcaocivil.siriusmarketingedesign.com.br\/?p=16480","title":{"rendered":"M\u00e1quinas para Constru\u00e7\u00e3o: Falta de pe\u00e7as, insumos e componentes elevam pre\u00e7os e  prazos de entrega aumentam para o clienete"},"content":{"rendered":"<div>\n<div>\n<p style=\"text-align: justify;\"><span style=\"color: #993300;\">Maio<\/span>, <span style=\"color: #993300;\">2021<\/span> &#8211; O mercado de m\u00e1quinas para constru\u00e7\u00e3o e minera\u00e7\u00e3o passa por um momento \u00edmpar, cujos os maiores desafios, segundo os especialistas do <strong><em>Webinar<\/em><\/strong>\u00a0<strong><em>O Momento do Setor de M\u00e1quinas na Constru\u00e7\u00e3o \u2013 Os fatos que impactam o mercado<\/em><\/strong>, s\u00e3o: a falta de pe\u00e7as, insumos e componentes, o prazo elevado para entrega dos equipamentos e a varia\u00e7\u00e3o de pre\u00e7os de compra. O evento online da\u00a0<strong>Associa\u00e7\u00e3o Brasileira de Tecnologia para Constru\u00e7\u00e3o e Minera\u00e7\u00e3o (Sobratema)<\/strong> foi promovido, quinta-feira, 20 de maio, com mais de 2300 visualiza\u00e7\u00f5es durante a transmiss\u00e3o.<\/p>\n<figure id=\"attachment_16482\" aria-describedby=\"caption-attachment-16482\" style=\"width: 300px\" class=\"wp-caption alignleft\"><img loading=\"lazy\" decoding=\"async\" class=\"size-medium wp-image-16482\" src=\"https:\/\/www.jornaldaconstrucaocivil.com.br\/wp-content\/uploads\/2021\/05\/2021.05.21-Sobratema-Webinar-Fatores-pos-300x169.jpg\" alt=\"\" width=\"300\" height=\"169\" srcset=\"https:\/\/construcaocivil.siriusmarketingedesign.com.br\/wp-content\/uploads\/2021\/05\/2021.05.21-Sobratema-Webinar-Fatores-pos-300x169.jpg 300w, https:\/\/construcaocivil.siriusmarketingedesign.com.br\/wp-content\/uploads\/2021\/05\/2021.05.21-Sobratema-Webinar-Fatores-pos-1024x576.jpg 1024w, https:\/\/construcaocivil.siriusmarketingedesign.com.br\/wp-content\/uploads\/2021\/05\/2021.05.21-Sobratema-Webinar-Fatores-pos-768x432.jpg 768w, https:\/\/construcaocivil.siriusmarketingedesign.com.br\/wp-content\/uploads\/2021\/05\/2021.05.21-Sobratema-Webinar-Fatores-pos.jpg 1366w\" sizes=\"auto, (max-width: 300px) 100vw, 300px\" \/><figcaption id=\"caption-attachment-16482\" class=\"wp-caption-text\">Participantes do Webinar Sobratema O Momento do Setor de M\u00e1quinas na Constru\u00e7\u00e3o \u2013 Os fatos que impactam o mercado<\/figcaption><\/figure>\n<p style=\"text-align: justify;\">Na avalia\u00e7\u00e3o de\u00a0<strong>Alexandre Bernardes<\/strong>, presidente da C\u00e2mara Setorial de M\u00e1quinas Rodovi\u00e1rias (CSMR) da Associa\u00e7\u00e3o Brasileira da Ind\u00fastria de M\u00e1quinas e Equipamentos (Abimaq), outros fatores tamb\u00e9m influenciaram esse mercado, como a instabilidade cambial, que afeta o custo de produ\u00e7\u00e3o do pa\u00eds, e a ruptura da log\u00edstica da cadeia produtiva global durante a pandemia, em decorr\u00eancia das restri\u00e7\u00f5es e dos lockdowns. Em termos de escassez de insumos, ele trouxe como exemplos o a\u00e7o, as resinas, o n\u00e1ilon e a gusa, que impactam na produ\u00e7\u00e3o de componentes, como pneus, bombas, tubos e met\u00e1licos. \u201cToda a ind\u00fastria, de um modo geral, est\u00e1 lidando com essas quest\u00f5es, que causam distor\u00e7\u00f5es e um incremento nos custos\u201d.<\/p>\n<p style=\"text-align: justify;\">Com a pandemia e diante desse cen\u00e1rio do setor de m\u00e1quinas, a Camargo Corr\u00eaa Infra e o Grupo K, que engloba a Skava-Minas e a Lokaminas, precisaram realizar mudan\u00e7as e se adaptar, a fim de atender as demandas de novos projetos, que seguem em crescimento. Al\u00e9m da implementa\u00e7\u00e3o de protocolos e controles sanit\u00e1rios e seguran\u00e7a ao trabalhador, de novas rotinas de trabalho e de afastamento de colaboradores de grupos de riscos, as empresas adotaram um planejamento mais din\u00e2mico e ativo, com cronogramas atualizados e an\u00e1lises de custos, riscos e oportunidades.<\/p>\n<p style=\"text-align: justify;\">De acordo com\u00a0<strong>Jord\u00e3o Pinto Coelho Duarte<\/strong>, diretor de Opera\u00e7\u00f5es da Skava-Minas, tamb\u00e9m foi preciso planejar melhor as interven\u00e7\u00f5es e a manuten\u00e7\u00e3o dos equipamentos, devido ao atraso ou falta de pe\u00e7as e itens de desgaste, bem como desenvolver novos fornecedores e buscar por m\u00e3o de obra qualificada, uma vez que o mercado de minera\u00e7\u00e3o est\u00e1 em alta e para suprir os trabalhadores afastados em decorr\u00eancia da pandemia.<\/p>\n<p style=\"text-align: justify;\">Especificamente sobre o planejamento de frota, o Grupo K antecipou a renova\u00e7\u00e3o de suas m\u00e1quinas para o \u00faltimo trimestre de 2020, ap\u00f3s realizar um monitoramento constante do mercado, que apontava atrasos ou interrup\u00e7\u00e3o da cadeia de insumos. \u201cNos precavemos e compramos n\u00e3o apenas equipamentos, mas tamb\u00e9m insumos, pe\u00e7as, uniformes, ferramentas, Equipamentos de Prote\u00e7\u00e3o Individual (EPIs) para que a opera\u00e7\u00e3o se mantivesse ativa. Vimos uma oportunidade nessa estrat\u00e9gia, inclusive com a revis\u00e3o da taxa de financiamento para a aquisi\u00e7\u00e3o de m\u00e1quinas de 10% a 11% para 6% a 7% ao ano\u201d, disse\u00a0<strong>Jos\u00e9 Henrique Castro<\/strong>, diretor da Lokaminas Equipamentos, no\u00a0<strong><em>Webinar<\/em><\/strong>\u00a0<strong><em>O Momento do Setor de M\u00e1quinas na Constru\u00e7\u00e3o \u2013 Os fatos que impactam o mercado.<\/em><\/strong><\/p>\n<p style=\"text-align: justify;\">A companhia j\u00e1 come\u00e7ou a receber parte desses equipamentos, por\u00e9m alguns pedidos fechados h\u00e1 sete meses ainda n\u00e3o foram recebidos. Para este ano, a renova\u00e7\u00e3o da frota tamb\u00e9m foi antecipada, objetivando receber os novos equipamentos no primeiro semestre de 2022. \u201cO mercado de loca\u00e7\u00e3o est\u00e1 muito aquecido e tende a crescer ainda mais para atender a necessidade de equipamentos com mobiliza\u00e7\u00e3o imediata\u201d, explicou Castro. Outro ponto trazido foi a oportunidade de comercializa\u00e7\u00e3o de m\u00e1quinas usadas, que acompanhou o aquecimento do mercado de novos, gerando bons resultados em vendas.<\/p>\n<p style=\"text-align: justify;\"><strong>Amadeu Martinelli<\/strong>, executivo da \u00e1rea de gest\u00e3o de frotas e equipamentos da\u00a0Camargo Corr\u00eaa Infra, analisou que a alta demanda no mercado de rental culminou em valores entre 30% e 40% superiores nos contratos de loca\u00e7\u00e3o e gerou oportunidades para novas modalidades de contrata\u00e7\u00e3o e novos entrantes. Contudo, a seu ver, os locadores tamb\u00e9m est\u00e3o sofrendo com os prazos estendidos de entrega, pois s\u00e3o empresas que precisam ofertar disponibilidade, com mobiliza\u00e7\u00e3o imediata dos ativos.<\/p>\n<p style=\"text-align: justify;\">Entre as mudan\u00e7as feitas pela construtora, Martinelli citou o refor\u00e7o na gest\u00e3o proativa de manuten\u00e7\u00e3o, que beneficia a opera\u00e7\u00e3o da m\u00e1quina, com a diminui\u00e7\u00e3o de quebras e maior disponibilidade de pe\u00e7as. Em termos de oportunidade, ele falou ainda sobre o surgimento de novas modalidades de compra de equipamentos e neg\u00f3cios diferenciados na \u00e1rea do rental.<\/p>\n<p style=\"text-align: justify;\">A produ\u00e7\u00e3o e a comercializa\u00e7\u00e3o de m\u00e1quinas devem crescer neste ano novamente, com a demanda crescente de projetos em infraestrutura, minera\u00e7\u00e3o, agroneg\u00f3cio e constru\u00e7\u00e3o civil. A capacidade instalada anual da ind\u00fastria \u00e9 de 60 mil m\u00e1quinas e atualmente s\u00e3o produzidas mais de 22 mil unidades.<\/p>\n<p style=\"text-align: justify;\">Com transmiss\u00e3o pelo Canal da Sobratema no\u00a0<a href=\"https:\/\/youtu.be\/qPWnPEB6aaM\" target=\"_blank\" rel=\"noopener noreferrer\">YouTube<\/a>, o\u00a0<strong><em>Webinar<\/em><\/strong>\u00a0<strong><em>O Momento do Setor de M\u00e1quinas na Constru\u00e7\u00e3o \u2013 Os fatos que impactam o mercado\u00a0<\/em><\/strong>foi aberto pelo engenheiro\u00a0<strong>Afonso Mamede<\/strong>, presidente da Sobratema, que salientou as boas perspectivas do setor de infraestrutura, com as novas concess\u00f5es e os marcos legais do Saneamento e do G\u00e1s Natural, resultando em uma procura ainda maior por m\u00e1quinas, e\u00a0contou ainda com a mensagem de\u00a0<strong>Rolf Pickert<\/strong>, diretor geral da Messe Muenchen do Brasil, sobre a Smart.Con, que acontecer\u00e1 nos dias 6 e 7 de julho, e ter\u00e1 mais de 30 horas de conte\u00fado em sess\u00f5es simult\u00e2neas e mais de 60 palestrantes. As inscri\u00e7\u00f5es est\u00e3o abertas no\u00a0site oficial.<\/p>\n<p style=\"text-align: justify;\">O evento online da Sobratema teve o patroc\u00ednio ouro da Komatsu; e prata, da Brasif M\u00e1quinas, Sotreq\/Caterpillar e Tracbel, e o apoio institucional de 26 entidades setoriais.<\/p>\n<\/div>\n<\/div>\n<p style=\"text-align: justify;\">\n","protected":false},"excerpt":{"rendered":"<p>Maio, 2021 &#8211; O mercado de m\u00e1quinas para constru\u00e7\u00e3o e minera\u00e7\u00e3o passa por um momento \u00edmpar, cujos os maiores desafios, segundo os especialistas do Webinar\u00a0O Momento do Setor de M\u00e1quinas na Constru\u00e7\u00e3o \u2013 Os fatos que impactam o mercado, s\u00e3o: a falta de pe\u00e7as, insumos e componentes, o prazo elevado para entrega dos equipamentos e [&hellip;]<\/p>\n","protected":false},"author":1,"featured_media":16481,"comment_status":"open","ping_status":"open","sticky":false,"template":"","format":"standard","meta":{"_uag_custom_page_level_css":"","footnotes":""},"categories":[32],"tags":[21210,2886,21209,21206,21207,21208,12623],"class_list":["post-16480","post","type-post","status-publish","format-standard","has-post-thumbnail","hentry","category-maquinas-e-equipamentos","tag-construcao-e-equipamentos","tag-construcao-e-mineracao","tag-fabricantes-de-peas","tag-falta-pecas-para-maquinas-pesadas","tag-insumos-e-componentes","tag-precos-40-caros-pecas-e-componentes","tag-sobratema"],"blocksy_meta":[],"spectra_blocks_featured_image_url":{"thumbnail":{"url":"https:\/\/construcaocivil.siriusmarketingedesign.com.br\/wp-content\/uploads\/2021\/05\/loja-pecas-maquinas-pesadas-03-150x150.jpg","width":150,"height":150},"medium":{"url":"https:\/\/construcaocivil.siriusmarketingedesign.com.br\/wp-content\/uploads\/2021\/05\/loja-pecas-maquinas-pesadas-03-300x200.jpg","width":300,"height":200},"medium_large":{"url":"https:\/\/construcaocivil.siriusmarketingedesign.com.br\/wp-content\/uploads\/2021\/05\/loja-pecas-maquinas-pesadas-03-768x513.jpg","width":768,"height":513},"large":{"url":"https:\/\/construcaocivil.siriusmarketingedesign.com.br\/wp-content\/uploads\/2021\/05\/loja-pecas-maquinas-pesadas-03.jpg","width":800,"height":534},"full":{"url":"https:\/\/construcaocivil.siriusmarketingedesign.com.br\/wp-content\/uploads\/2021\/05\/loja-pecas-maquinas-pesadas-03.jpg","width":800,"height":534}},"spectra_blocks_author_info":{"display_name":"Jornal da Constru\u00e7\u00e3o Civil","avatar_url":"https:\/\/secure.gravatar.com\/avatar\/973c9774fd44ddaceb026973c4962faa70fc512bc4c9da68e8ebb40fecee6540?s=96&d=mm&r=g","author_link":"https:\/\/construcaocivil.siriusmarketingedesign.com.br\/?author=1","description":"Desde de 2013, levando muitas informa\u00e7\u00f5es, lan\u00e7amentos e produtos de qualidade para toda cadeia produtiva da constru\u00e7\u00e3o. O Futuro da constru\u00e7\u00e3o passa por aqui,"},"uagb_featured_image_src":{"full":["https:\/\/construcaocivil.siriusmarketingedesign.com.br\/wp-content\/uploads\/2021\/05\/loja-pecas-maquinas-pesadas-03.jpg",800,534,false],"thumbnail":["https:\/\/construcaocivil.siriusmarketingedesign.com.br\/wp-content\/uploads\/2021\/05\/loja-pecas-maquinas-pesadas-03-150x150.jpg",150,150,true],"medium":["https:\/\/construcaocivil.siriusmarketingedesign.com.br\/wp-content\/uploads\/2021\/05\/loja-pecas-maquinas-pesadas-03-300x200.jpg",300,200,true],"medium_large":["https:\/\/construcaocivil.siriusmarketingedesign.com.br\/wp-content\/uploads\/2021\/05\/loja-pecas-maquinas-pesadas-03-768x513.jpg",768,513,true],"large":["https:\/\/construcaocivil.siriusmarketingedesign.com.br\/wp-content\/uploads\/2021\/05\/loja-pecas-maquinas-pesadas-03.jpg",800,534,false],"1536x1536":["https:\/\/construcaocivil.siriusmarketingedesign.com.br\/wp-content\/uploads\/2021\/05\/loja-pecas-maquinas-pesadas-03.jpg",800,534,false],"2048x2048":["https:\/\/construcaocivil.siriusmarketingedesign.com.br\/wp-content\/uploads\/2021\/05\/loja-pecas-maquinas-pesadas-03.jpg",800,534,false]},"uagb_author_info":{"display_name":"Jornal da Constru\u00e7\u00e3o Civil","author_link":"https:\/\/construcaocivil.siriusmarketingedesign.com.br\/?author=1"},"uagb_comment_info":0,"uagb_excerpt":"Maio, 2021 &#8211; O mercado de m\u00e1quinas para constru\u00e7\u00e3o e minera\u00e7\u00e3o passa por um momento \u00edmpar, cujos os maiores desafios, segundo os especialistas do Webinar\u00a0O Momento do Setor de M\u00e1quinas na Constru\u00e7\u00e3o \u2013 Os fatos que impactam o mercado, s\u00e3o: a falta de pe\u00e7as, insumos e componentes, o prazo elevado para entrega dos equipamentos e&hellip;","_links":{"self":[{"href":"https:\/\/construcaocivil.siriusmarketingedesign.com.br\/index.php?rest_route=\/wp\/v2\/posts\/16480","targetHints":{"allow":["GET"]}}],"collection":[{"href":"https:\/\/construcaocivil.siriusmarketingedesign.com.br\/index.php?rest_route=\/wp\/v2\/posts"}],"about":[{"href":"https:\/\/construcaocivil.siriusmarketingedesign.com.br\/index.php?rest_route=\/wp\/v2\/types\/post"}],"author":[{"embeddable":true,"href":"https:\/\/construcaocivil.siriusmarketingedesign.com.br\/index.php?rest_route=\/wp\/v2\/users\/1"}],"replies":[{"embeddable":true,"href":"https:\/\/construcaocivil.siriusmarketingedesign.com.br\/index.php?rest_route=%2Fwp%2Fv2%2Fcomments&post=16480"}],"version-history":[{"count":0,"href":"https:\/\/construcaocivil.siriusmarketingedesign.com.br\/index.php?rest_route=\/wp\/v2\/posts\/16480\/revisions"}],"wp:featuredmedia":[{"embeddable":true,"href":"https:\/\/construcaocivil.siriusmarketingedesign.com.br\/index.php?rest_route=\/wp\/v2\/media\/16481"}],"wp:attachment":[{"href":"https:\/\/construcaocivil.siriusmarketingedesign.com.br\/index.php?rest_route=%2Fwp%2Fv2%2Fmedia&parent=16480"}],"wp:term":[{"taxonomy":"category","embeddable":true,"href":"https:\/\/construcaocivil.siriusmarketingedesign.com.br\/index.php?rest_route=%2Fwp%2Fv2%2Fcategories&post=16480"},{"taxonomy":"post_tag","embeddable":true,"href":"https:\/\/construcaocivil.siriusmarketingedesign.com.br\/index.php?rest_route=%2Fwp%2Fv2%2Ftags&post=16480"}],"curies":[{"name":"wp","href":"https:\/\/api.w.org\/{rel}","templated":true}]}}