{"id":16489,"date":"2021-05-23T22:24:24","date_gmt":"2021-05-24T01:24:24","guid":{"rendered":"https:\/\/www.jornaldaconstrucaocivil.com.br\/?p=16489"},"modified":"2023-03-24T11:18:13","modified_gmt":"2023-03-24T14:18:13","slug":"paulo-mendes-da-rocha-nota-de-pesar-do-conselho-de-arquitetura-e-urbanismo-do-brasil","status":"publish","type":"post","link":"https:\/\/construcaocivil.siriusmarketingedesign.com.br\/?p=16489","title":{"rendered":"Paulo Mendes da Rocha: nota de pesar do Conselho de Arquitetura e Urbanismo do Brasil"},"content":{"rendered":"<p style=\"text-align: justify;\"><span style=\"color: #993300;\">Maio<\/span>, <span style=\"color: #993300;\">2021<\/span> &#8211; O Conselho de Arquitetura e Urbanismo do Brasil manifesta imenso pesar pelo falecimento do arquiteto e urbanista Paulo Mendes da Rocha, um dos mais destacados e premiados nomes internacionais da profiss\u00e3o nas \u00faltimas d\u00e9cadas. Deixa um legado de obras-primas resultado de uma pr\u00e1tica profissional marcada pela ousadia e apuro tecnol\u00f3gico.\u00a0 \u00a0Paulo Mendes da Rocha foi um educador generoso, n\u00e3o apenas como professor, mas tamb\u00e9m na conviv\u00eancia di\u00e1ria com os colegas com quem trabalhou em projetos e em obras. Expressamos nossos sentimentos aos familiares, aos amigos, aos colegas e \u00e0 sociedade brasileira como um todo, que perdeu um humanista que expressava com vigor o compromisso social da Arquitetura e Urbanismo. Nadia Somekh, Presidente do CAU Brasil.<\/p>\n<p><strong>PALESTRA MAGNA<\/strong><\/p>\n<p>Assista a palestra magna Paulo Mendes da Rocha na II Confer\u00eancia Nacional de Arquitetura e Urbanismo promovida pelo CAU Brasil, no Rio de Janeiro, em 2017.<\/p>\n<p>&nbsp;<\/p>\n<p><iframe loading=\"lazy\" title=\"CAU\/BR: Palestra magna de Paulo Mendes da Rocha\" width=\"1290\" height=\"726\" src=\"https:\/\/www.youtube.com\/embed\/4iDBXKnUTyQ?feature=oembed\" frameborder=\"0\" allow=\"accelerometer; autoplay; clipboard-write; encrypted-media; gyroscope; picture-in-picture; web-share\" referrerpolicy=\"strict-origin-when-cross-origin\" allowfullscreen><\/iframe><\/p>\n<p>&nbsp;<\/p>\n<p><strong>VIDA E OBRA<\/strong><\/p>\n<p>&nbsp;<\/p>\n<p>Em 2016, aliando-se \u00e0s homenagens prestadas por ocasi\u00e3o do recebimento do Le\u00e3o de Ouro da Bienal de Veneza, o CAU Brasil lan\u00e7ou um hotsite especial contando a vida a obra de Paulo Mendes da Rocha. Navegue pelo hotsite para conhecer mais sobre ele e sua obra:<\/p>\n<p>&nbsp;<\/p>\n<p>Home \u2013\u00a0\u201cIntelectual inconformado, arquiteto desafiador e humanista apaixonado. Uma \u201clenda vida\u201d<\/p>\n<p>&nbsp;<\/p>\n<p>Biografia \u2013\u00a0O pai engenheiro e Vilanova Artigas, esteios da forma\u00e7\u00e3o do arquiteto<\/p>\n<p>&nbsp;<\/p>\n<p>Projetos \u2013\u00a0Projetos em destaque<\/p>\n<p>&nbsp;<\/p>\n<p>Linha do Tempo \u2013\u00a0Vida profissional e obra completa<\/p>\n<p>&nbsp;<\/p>\n<p>Pr\u00eamios \u2013\u00a0Um colecionador de pr\u00eamios\u00a0\u2013<\/p>\n<p>&nbsp;<\/p>\n<p>Entrevista \u2013\u00a0Sem entre linhas (entrevista para o CAU\/SP)<\/p>\n<p>&nbsp;<\/p>\n<p>Vilanova Artigas \u2013\u00a0O Paulo, seu pai e o meu pai (por Rosa Artigas)<\/p>\n<p>&nbsp;<\/p>\n<p>Depoimentos \u2013\u00a0Colegas falam de Paulo Mendes da Rocha<\/p>\n<p>&nbsp;<\/p>\n<p>V\u00eddeos \u2013\u00a0Document\u00e1rio, palestras e entrevistas<\/p>\n<p>&nbsp;<\/p>\n<p>Links \u2013\u00a0Links de mat\u00e9rias e artigos sobre Paulo Mendes da Rocha<\/p>\n<p>&nbsp;<\/p>\n<p>Bibliografia \u2013\u00a0Livros sobre o arquiteto<\/p>\n<p><strong>Fonte: CAU-BR<\/strong><\/p>\n<p>&nbsp;<\/p>\n<p>&nbsp;<\/p>\n","protected":false},"excerpt":{"rendered":"<p>Maio, 2021 &#8211; O Conselho de Arquitetura e Urbanismo do Brasil manifesta imenso pesar pelo falecimento do arquiteto e urbanista Paulo Mendes da Rocha, um dos mais destacados e premiados nomes internacionais da profiss\u00e3o nas \u00faltimas d\u00e9cadas. Deixa um legado de obras-primas resultado de uma pr\u00e1tica profissional marcada pela ousadia e apuro tecnol\u00f3gico.\u00a0 \u00a0Paulo Mendes [&hellip;]<\/p>\n","protected":false},"author":1,"featured_media":16490,"comment_status":"open","ping_status":"open","sticky":false,"template":"","format":"standard","meta":{"_uag_custom_page_level_css":"","footnotes":""},"categories":[27],"tags":[21219,923,2015,21217,21218],"class_list":["post-16489","post","type-post","status-publish","format-standard","has-post-thumbnail","hentry","category-acontece","tag-arquitetura-social","tag-arquitetura-e-urbanismo","tag-cau-br","tag-morte-do-arquiteto-e-urbanista-paulo-mendes-rocha","tag-novo-marco-da-arquitetura-e-urbanismo"],"blocksy_meta":[],"spectra_blocks_featured_image_url":{"thumbnail":{"url":"https:\/\/construcaocivil.siriusmarketingedesign.com.br\/wp-content\/uploads\/2021\/05\/Paulo-Mendes-da-Rocha-7-768x334-1-150x150.jpg","width":150,"height":150},"medium":{"url":"https:\/\/construcaocivil.siriusmarketingedesign.com.br\/wp-content\/uploads\/2021\/05\/Paulo-Mendes-da-Rocha-7-768x334-1-300x130.jpg","width":300,"height":130},"medium_large":{"url":"https:\/\/construcaocivil.siriusmarketingedesign.com.br\/wp-content\/uploads\/2021\/05\/Paulo-Mendes-da-Rocha-7-768x334-1.jpg","width":768,"height":334},"large":{"url":"https:\/\/construcaocivil.siriusmarketingedesign.com.br\/wp-content\/uploads\/2021\/05\/Paulo-Mendes-da-Rocha-7-768x334-1.jpg","width":768,"height":334},"full":{"url":"https:\/\/construcaocivil.siriusmarketingedesign.com.br\/wp-content\/uploads\/2021\/05\/Paulo-Mendes-da-Rocha-7-768x334-1.jpg","width":768,"height":334}},"spectra_blocks_author_info":{"display_name":"Jornal da Constru\u00e7\u00e3o Civil","avatar_url":"https:\/\/secure.gravatar.com\/avatar\/973c9774fd44ddaceb026973c4962faa70fc512bc4c9da68e8ebb40fecee6540?s=96&d=mm&r=g","author_link":"https:\/\/construcaocivil.siriusmarketingedesign.com.br\/?author=1","description":"Desde de 2013, levando muitas informa\u00e7\u00f5es, lan\u00e7amentos e produtos de qualidade para toda cadeia produtiva da constru\u00e7\u00e3o. O Futuro da constru\u00e7\u00e3o passa por aqui,"},"uagb_featured_image_src":{"full":["https:\/\/construcaocivil.siriusmarketingedesign.com.br\/wp-content\/uploads\/2021\/05\/Paulo-Mendes-da-Rocha-7-768x334-1.jpg",768,334,false],"thumbnail":["https:\/\/construcaocivil.siriusmarketingedesign.com.br\/wp-content\/uploads\/2021\/05\/Paulo-Mendes-da-Rocha-7-768x334-1-150x150.jpg",150,150,true],"medium":["https:\/\/construcaocivil.siriusmarketingedesign.com.br\/wp-content\/uploads\/2021\/05\/Paulo-Mendes-da-Rocha-7-768x334-1-300x130.jpg",300,130,true],"medium_large":["https:\/\/construcaocivil.siriusmarketingedesign.com.br\/wp-content\/uploads\/2021\/05\/Paulo-Mendes-da-Rocha-7-768x334-1.jpg",768,334,false],"large":["https:\/\/construcaocivil.siriusmarketingedesign.com.br\/wp-content\/uploads\/2021\/05\/Paulo-Mendes-da-Rocha-7-768x334-1.jpg",768,334,false],"1536x1536":["https:\/\/construcaocivil.siriusmarketingedesign.com.br\/wp-content\/uploads\/2021\/05\/Paulo-Mendes-da-Rocha-7-768x334-1.jpg",768,334,false],"2048x2048":["https:\/\/construcaocivil.siriusmarketingedesign.com.br\/wp-content\/uploads\/2021\/05\/Paulo-Mendes-da-Rocha-7-768x334-1.jpg",768,334,false]},"uagb_author_info":{"display_name":"Jornal da Constru\u00e7\u00e3o Civil","author_link":"https:\/\/construcaocivil.siriusmarketingedesign.com.br\/?author=1"},"uagb_comment_info":0,"uagb_excerpt":"Maio, 2021 &#8211; O Conselho de Arquitetura e Urbanismo do Brasil manifesta imenso pesar pelo falecimento do arquiteto e urbanista Paulo Mendes da Rocha, um dos mais destacados e premiados nomes internacionais da profiss\u00e3o nas \u00faltimas d\u00e9cadas. Deixa um legado de obras-primas resultado de uma pr\u00e1tica profissional marcada pela ousadia e apuro tecnol\u00f3gico.\u00a0 \u00a0Paulo Mendes&hellip;","_links":{"self":[{"href":"https:\/\/construcaocivil.siriusmarketingedesign.com.br\/index.php?rest_route=\/wp\/v2\/posts\/16489","targetHints":{"allow":["GET"]}}],"collection":[{"href":"https:\/\/construcaocivil.siriusmarketingedesign.com.br\/index.php?rest_route=\/wp\/v2\/posts"}],"about":[{"href":"https:\/\/construcaocivil.siriusmarketingedesign.com.br\/index.php?rest_route=\/wp\/v2\/types\/post"}],"author":[{"embeddable":true,"href":"https:\/\/construcaocivil.siriusmarketingedesign.com.br\/index.php?rest_route=\/wp\/v2\/users\/1"}],"replies":[{"embeddable":true,"href":"https:\/\/construcaocivil.siriusmarketingedesign.com.br\/index.php?rest_route=%2Fwp%2Fv2%2Fcomments&post=16489"}],"version-history":[{"count":0,"href":"https:\/\/construcaocivil.siriusmarketingedesign.com.br\/index.php?rest_route=\/wp\/v2\/posts\/16489\/revisions"}],"wp:featuredmedia":[{"embeddable":true,"href":"https:\/\/construcaocivil.siriusmarketingedesign.com.br\/index.php?rest_route=\/wp\/v2\/media\/16490"}],"wp:attachment":[{"href":"https:\/\/construcaocivil.siriusmarketingedesign.com.br\/index.php?rest_route=%2Fwp%2Fv2%2Fmedia&parent=16489"}],"wp:term":[{"taxonomy":"category","embeddable":true,"href":"https:\/\/construcaocivil.siriusmarketingedesign.com.br\/index.php?rest_route=%2Fwp%2Fv2%2Fcategories&post=16489"},{"taxonomy":"post_tag","embeddable":true,"href":"https:\/\/construcaocivil.siriusmarketingedesign.com.br\/index.php?rest_route=%2Fwp%2Fv2%2Ftags&post=16489"}],"curies":[{"name":"wp","href":"https:\/\/api.w.org\/{rel}","templated":true}]}}