{"id":16498,"date":"2021-05-25T19:00:50","date_gmt":"2021-05-25T22:00:50","guid":{"rendered":"https:\/\/www.jornaldaconstrucaocivil.com.br\/?p=16498"},"modified":"2021-05-25T19:00:50","modified_gmt":"2021-05-25T22:00:50","slug":"com-alta-letalidade-entre-a-populacao-pobre-e-negra-seminario-debate-luta-antirracista-e-mobilidade-urbana","status":"publish","type":"post","link":"https:\/\/construcaocivil.siriusmarketingedesign.com.br\/?p=16498","title":{"rendered":"Com alta letalidade entre a popula\u00e7\u00e3o pobre e negra, semin\u00e1rio debate luta antirracista e mobilidade urbana"},"content":{"rendered":"<p style=\"text-align: justify;\"><span style=\"color: #993300;\">Maio<\/span>, <span style=\"color: #993300;\">2021<\/span> &#8211; O per\u00edodo de pandemia de Covid-19 no Brasil, entre abril de 2020 e mar\u00e7o de 2021, mostra que motoristas e cobradores de \u00f4nibus est\u00e3o no topo do ranking de desligamentos trabalhistas causados por mortes, segundo levantamento do Cadastro Geral de Empregados e Desempregados (Caged) do Minist\u00e9rio da Economia. J\u00e1 um estudo do N\u00facleo de Opera\u00e7\u00f5es e Intelig\u00eancia em Sa\u00fade, da PUC-Rio, demonstra que 55% da popula\u00e7\u00e3o negra morre por covid, enquanto entre brancos, a estimativa \u00e9 de 38%. Para debater sobre o tema que ainda \u00e9 pouco discutido, a Funda\u00e7\u00e3o Rosa Luxemburgo e a editora Autonomia Liter\u00e1ria promovem um ciclo de lives sobre a luta antirracista com foco na quest\u00e3o da mobilidade urbana. Os encontros acontecer\u00e3o aos s\u00e1bados durante os meses de maio e junho pelo canal do Youtube da editora.<\/p>\n<p style=\"text-align: justify;\">\u201cDurante a pandemia ficou ainda mais n\u00edtido que o racismo sustenta as estruturas de mobilidade. Enquanto a \u00fanica sa\u00edda apontada por especialista para se proteger da morte pelo COVID era ficar em casa, sem garantias de trabalho, pessoas negras, pobres das periferias seguiram colocando suas vidas em risco para n\u00e3o morrer pela epidemia da fome\u201d, diz Rafaela Albergaria, coorganizadora do livro Mobilidade Antirracista e mediadora do evento.<\/p>\n<p style=\"text-align: justify;\">Rafaela sofreu as consequ\u00eancias da inefici\u00eancia e descaso no sistema de transporte coletivo ao perder a prima, Joana Bonif\u00e1cio, morta aos 19 anos ao cair nos trilhos da esta\u00e7\u00e3o de trem Coelho da Rocha (RJ). A partir desse fato, a pesquisadora e sua fam\u00edlia iniciaram uma mobiliza\u00e7\u00e3o para debater a recorr\u00eancia desse tipo de ocorr\u00eancia e a necessidade de repensar mobilidade enquanto direito de ir e vir com seguran\u00e7a.<\/p>\n<p style=\"text-align: justify;\">Durante o semin\u00e1rio, ser\u00e3o debatidos os temas \u201cMobilidade e feminismo antirracista\u201d, \u201cA que custo esse direito? O valor da mobilidade antirracista\u201d, \u201cAntirracismo \u00e9 lutar por se mover-Agenda Pelo Desencarceramento\u201d e \u201cSegrega\u00e7\u00e3o e Exterm\u00ednio\u201d. A escolha dos assuntos partiu da abordagem do livro Mobilidade Antirracista, organizado por Daniel Santini, Rafaela Albergaria e Pa\u00edque Duques Santar\u00e9m, e publicado pela editora Autonomia Liter\u00e1ria e funda\u00e7\u00e3o Rosa Luxemburgo. A publica\u00e7\u00e3o retrata um dos aspectos mais importantes e menos discutidos do racismo: a espacialidade. E conta com textos de Silvio Luiz de Almeida, Tal\u00edria Petrone, BNeg\u00e3o, Nego Bispo, Lucas Koka e outros pensadores negros.<\/p>\n<p>Acompanhe a programa\u00e7\u00e3o completa pelo site:\u00a0<span style=\"text-decoration: underline;\"><strong><span style=\"color: #0000ff; text-decoration: underline;\">https:\/\/rosalux.org.br\/mobilidade-e-feminismo-antirracista\/.<\/span><\/strong><\/span><\/p>\n<p>Assista pelo canal do\u00a0<strong><span style=\"color: #0000ff;\"><a style=\"color: #0000ff;\" href=\"https:\/\/gateway.pr.comunique-se.com.br\/api\/Campaign\/AddCampaignEmailClick\/d180b0e9-a4f5-4aa1-8ea4-08d91f02997c\/https%253a%252f%252fwww.youtube.com%252fchannel%252fUCvP8pzE7wMb0-X-uSc0LhHw\/b20bfdd4-a02b-41a4-eb6d-08d7c5ff26d1\/webobras@gmail.com\/True\" target=\"_blank\" rel=\"noopener noreferrer\" data-saferedirecturl=\"https:\/\/www.google.com\/url?q=https:\/\/gateway.pr.comunique-se.com.br\/api\/Campaign\/AddCampaignEmailClick\/d180b0e9-a4f5-4aa1-8ea4-08d91f02997c\/https%25253a%25252f%25252fwww.youtube.com%25252fchannel%25252fUCvP8pzE7wMb0-X-uSc0LhHw\/b20bfdd4-a02b-41a4-eb6d-08d7c5ff26d1\/webobras@gmail.com\/True&amp;source=gmail&amp;ust=1622063222547000&amp;usg=AFQjCNHyAdZCtr2TFU2m7GsF3G7pJ6MZhw\">Youtube da editora Autonomia Liter\u00e1ria<\/a>.<\/span><\/strong><\/p>\n<p style=\"text-align: justify;\">\n<p style=\"text-align: justify;\">\n<p style=\"text-align: justify;\">\n<p>&nbsp;<\/p>\n<p>&nbsp;<\/p>\n<p>&nbsp;<\/p>\n<p>&nbsp;<\/p>\n<p>&nbsp;<\/p>\n","protected":false},"excerpt":{"rendered":"<p>Maio, 2021 &#8211; O per\u00edodo de pandemia de Covid-19 no Brasil, entre abril de 2020 e mar\u00e7o de 2021, mostra que motoristas e cobradores de \u00f4nibus est\u00e3o no topo do ranking de desligamentos trabalhistas causados por mortes, segundo levantamento do Cadastro Geral de Empregados e Desempregados (Caged) do Minist\u00e9rio da Economia. J\u00e1 um estudo do [&hellip;]<\/p>\n","protected":false},"author":1,"featured_media":16499,"comment_status":"open","ping_status":"open","sticky":false,"template":"","format":"standard","meta":{"_uag_custom_page_level_css":"","footnotes":""},"categories":[27],"tags":[21228,18617,3501,21229,21230,7773,21227,10593,21226],"class_list":["post-16498","post","type-post","status-publish","format-standard","has-post-thumbnail","hentry","category-acontece","tag-areas-abandonadas","tag-covid-19","tag-desemprego","tag-empreendedorismo-para-quem","tag-mobilidade-antirracista","tag-mobilidade-urbana","tag-populacoes-negras","tag-saneamento","tag-violencia-policial"],"blocksy_meta":[],"spectra_blocks_featured_image_url":{"thumbnail":{"url":"https:\/\/construcaocivil.siriusmarketingedesign.com.br\/wp-content\/uploads\/2021\/05\/AA-FAVELAS-150x150.jpg","width":150,"height":150},"medium":{"url":"https:\/\/construcaocivil.siriusmarketingedesign.com.br\/wp-content\/uploads\/2021\/05\/AA-FAVELAS-300x200.jpg","width":300,"height":200},"medium_large":{"url":"https:\/\/construcaocivil.siriusmarketingedesign.com.br\/wp-content\/uploads\/2021\/05\/AA-FAVELAS-768x512.jpg","width":768,"height":512},"large":{"url":"https:\/\/construcaocivil.siriusmarketingedesign.com.br\/wp-content\/uploads\/2021\/05\/AA-FAVELAS.jpg","width":900,"height":600},"full":{"url":"https:\/\/construcaocivil.siriusmarketingedesign.com.br\/wp-content\/uploads\/2021\/05\/AA-FAVELAS.jpg","width":900,"height":600}},"spectra_blocks_author_info":{"display_name":"Jornal da Constru\u00e7\u00e3o Civil","avatar_url":"https:\/\/secure.gravatar.com\/avatar\/973c9774fd44ddaceb026973c4962faa70fc512bc4c9da68e8ebb40fecee6540?s=96&d=mm&r=g","author_link":"https:\/\/construcaocivil.siriusmarketingedesign.com.br\/?author=1","description":"Desde de 2013, levando muitas informa\u00e7\u00f5es, lan\u00e7amentos e produtos de qualidade para toda cadeia produtiva da constru\u00e7\u00e3o. O Futuro da constru\u00e7\u00e3o passa por aqui,"},"uagb_featured_image_src":{"full":["https:\/\/construcaocivil.siriusmarketingedesign.com.br\/wp-content\/uploads\/2021\/05\/AA-FAVELAS.jpg",900,600,false],"thumbnail":["https:\/\/construcaocivil.siriusmarketingedesign.com.br\/wp-content\/uploads\/2021\/05\/AA-FAVELAS-150x150.jpg",150,150,true],"medium":["https:\/\/construcaocivil.siriusmarketingedesign.com.br\/wp-content\/uploads\/2021\/05\/AA-FAVELAS-300x200.jpg",300,200,true],"medium_large":["https:\/\/construcaocivil.siriusmarketingedesign.com.br\/wp-content\/uploads\/2021\/05\/AA-FAVELAS-768x512.jpg",768,512,true],"large":["https:\/\/construcaocivil.siriusmarketingedesign.com.br\/wp-content\/uploads\/2021\/05\/AA-FAVELAS.jpg",900,600,false],"1536x1536":["https:\/\/construcaocivil.siriusmarketingedesign.com.br\/wp-content\/uploads\/2021\/05\/AA-FAVELAS.jpg",900,600,false],"2048x2048":["https:\/\/construcaocivil.siriusmarketingedesign.com.br\/wp-content\/uploads\/2021\/05\/AA-FAVELAS.jpg",900,600,false]},"uagb_author_info":{"display_name":"Jornal da Constru\u00e7\u00e3o Civil","author_link":"https:\/\/construcaocivil.siriusmarketingedesign.com.br\/?author=1"},"uagb_comment_info":0,"uagb_excerpt":"Maio, 2021 &#8211; O per\u00edodo de pandemia de Covid-19 no Brasil, entre abril de 2020 e mar\u00e7o de 2021, mostra que motoristas e cobradores de \u00f4nibus est\u00e3o no topo do ranking de desligamentos trabalhistas causados por mortes, segundo levantamento do Cadastro Geral de Empregados e Desempregados (Caged) do Minist\u00e9rio da Economia. J\u00e1 um estudo do&hellip;","_links":{"self":[{"href":"https:\/\/construcaocivil.siriusmarketingedesign.com.br\/index.php?rest_route=\/wp\/v2\/posts\/16498","targetHints":{"allow":["GET"]}}],"collection":[{"href":"https:\/\/construcaocivil.siriusmarketingedesign.com.br\/index.php?rest_route=\/wp\/v2\/posts"}],"about":[{"href":"https:\/\/construcaocivil.siriusmarketingedesign.com.br\/index.php?rest_route=\/wp\/v2\/types\/post"}],"author":[{"embeddable":true,"href":"https:\/\/construcaocivil.siriusmarketingedesign.com.br\/index.php?rest_route=\/wp\/v2\/users\/1"}],"replies":[{"embeddable":true,"href":"https:\/\/construcaocivil.siriusmarketingedesign.com.br\/index.php?rest_route=%2Fwp%2Fv2%2Fcomments&post=16498"}],"version-history":[{"count":0,"href":"https:\/\/construcaocivil.siriusmarketingedesign.com.br\/index.php?rest_route=\/wp\/v2\/posts\/16498\/revisions"}],"wp:featuredmedia":[{"embeddable":true,"href":"https:\/\/construcaocivil.siriusmarketingedesign.com.br\/index.php?rest_route=\/wp\/v2\/media\/16499"}],"wp:attachment":[{"href":"https:\/\/construcaocivil.siriusmarketingedesign.com.br\/index.php?rest_route=%2Fwp%2Fv2%2Fmedia&parent=16498"}],"wp:term":[{"taxonomy":"category","embeddable":true,"href":"https:\/\/construcaocivil.siriusmarketingedesign.com.br\/index.php?rest_route=%2Fwp%2Fv2%2Fcategories&post=16498"},{"taxonomy":"post_tag","embeddable":true,"href":"https:\/\/construcaocivil.siriusmarketingedesign.com.br\/index.php?rest_route=%2Fwp%2Fv2%2Ftags&post=16498"}],"curies":[{"name":"wp","href":"https:\/\/api.w.org\/{rel}","templated":true}]}}