{"id":16501,"date":"2021-05-25T20:40:54","date_gmt":"2021-05-25T23:40:54","guid":{"rendered":"https:\/\/www.jornaldaconstrucaocivil.com.br\/?p=16501"},"modified":"2021-05-25T20:40:54","modified_gmt":"2021-05-25T23:40:54","slug":"aumento-das-demissoes-nas-micro-e-pequenas-industrias-atinge-o-pior-resultado-dos-ultimos-dois-anos","status":"publish","type":"post","link":"https:\/\/construcaocivil.siriusmarketingedesign.com.br\/?p=16501","title":{"rendered":"Aumento das demiss\u00f5es nas micro e pequenas ind\u00fastrias atinge o pior resultado dos \u00faltimos dois anos"},"content":{"rendered":"<p style=\"text-align: justify;\">Maio, 2021 &#8211; H\u00e1 quase dois anos as micro e pequenas ind\u00fastrias n\u00e3o registravam n\u00fameros de emprego t\u00e3o ruins. O setor, que a partir de julho de 2019 vinha reportando um aumento na abertura de vagas, segue demitindo mais do que contratando desde o in\u00edcio da pandemia. As informa\u00e7\u00f5es s\u00e3o do Indicador de Atividade da Micro e Pequena Ind\u00fastria, realizado pelo Datafolha, a pedido do Sindicato das Micro e Pequenas Ind\u00fastrias do Estado de S\u00e3o Paulo (Simpi).<\/p>\n<p style=\"text-align: justify;\">O \u00edndice de contrata\u00e7\u00f5es, que varia de 0 a 200, teve queda de 95 para 90 pontos entre mar\u00e7o e abril, o pior resultado do ano. Registros abaixo de 100 pontos apontam para perda de postos de trabalho, ou seja, mais demiss\u00f5es do que contrata\u00e7\u00f5es. Veja o gr\u00e1fico abaixo:<\/p>\n<figure id=\"attachment_16502\" aria-describedby=\"caption-attachment-16502\" style=\"width: 300px\" class=\"wp-caption alignleft\"><img loading=\"lazy\" decoding=\"async\" class=\"size-medium wp-image-16502\" src=\"https:\/\/www.jornaldaconstrucaocivil.com.br\/wp-content\/uploads\/2021\/05\/unnamed-10-300x137.jpg\" alt=\"\" width=\"300\" height=\"137\" srcset=\"https:\/\/construcaocivil.siriusmarketingedesign.com.br\/wp-content\/uploads\/2021\/05\/unnamed-10-300x137.jpg 300w, https:\/\/construcaocivil.siriusmarketingedesign.com.br\/wp-content\/uploads\/2021\/05\/unnamed-10-768x350.jpg 768w, https:\/\/construcaocivil.siriusmarketingedesign.com.br\/wp-content\/uploads\/2021\/05\/unnamed-10.jpg 825w\" sizes=\"auto, (max-width: 300px) 100vw, 300px\" \/><figcaption id=\"caption-attachment-16502\" class=\"wp-caption-text\">SIMPI<\/figcaption><\/figure>\n<p style=\"text-align: justify;\">Considerando o atual cen\u00e1rio de incertezas, com o alto custo de produ\u00e7\u00e3o e queda no consumo, a expectativa \u00e9 de aumento no desemprego nos pr\u00f3ximos meses para 69% das micro e pequenas ind\u00fastrias consultadas na pesquisa. Tamb\u00e9m o maior \u00edndice de pessimismo registrado nos \u00faltimos cinco anos.<\/p>\n<p style=\"text-align: justify;\"><strong><span style=\"color: #993300;\">Insatisfa\u00e7\u00e3o do empres\u00e1rio com os neg\u00f3cios<\/span><\/strong><\/p>\n<p style=\"text-align: justify;\">O \u00edndice de satisfa\u00e7\u00e3o das micro e pequenas ind\u00fastrias no Estado de S\u00e3o Paulo mostra o pior resultado de 2021. Em janeiro alcan\u00e7ou 126 pontos, indicando otimismo, mas voltou a cair, revelando a pior nota dos \u00faltimos quatro anos. Importante salientar que 42% das MPI\u2019s de todo Brasil est\u00e3o em S\u00e3o Paulo.<\/p>\n<figure id=\"attachment_16503\" aria-describedby=\"caption-attachment-16503\" style=\"width: 300px\" class=\"wp-caption alignright\"><img loading=\"lazy\" decoding=\"async\" class=\"size-medium wp-image-16503\" src=\"https:\/\/www.jornaldaconstrucaocivil.com.br\/wp-content\/uploads\/2021\/05\/unnamed-11-300x140.jpg\" alt=\"\" width=\"300\" height=\"140\" srcset=\"https:\/\/construcaocivil.siriusmarketingedesign.com.br\/wp-content\/uploads\/2021\/05\/unnamed-11-300x140.jpg 300w, https:\/\/construcaocivil.siriusmarketingedesign.com.br\/wp-content\/uploads\/2021\/05\/unnamed-11-768x359.jpg 768w, https:\/\/construcaocivil.siriusmarketingedesign.com.br\/wp-content\/uploads\/2021\/05\/unnamed-11.jpg 833w\" sizes=\"auto, (max-width: 300px) 100vw, 300px\" \/><figcaption id=\"caption-attachment-16503\" class=\"wp-caption-text\">SIMPI<\/figcaption><\/figure>\n<p style=\"text-align: justify;\"><strong><span style=\"color: #993300;\">Realidade das vendas abaixo da expectativa<\/span><\/strong><\/p>\n<p style=\"text-align: justify;\">Em rela\u00e7\u00e3o ao resultado das vendas nas micro e pequenas ind\u00fastrias, o montante registrado ficou abaixo do esperado para 68% dos entrevistados. Para 25% est\u00e1 dentro do esperado e apenas 7% afirmaram que venderam acima do esperado.<\/p>\n<p style=\"text-align: justify;\"><strong><span style=\"color: #993300;\">Avalia\u00e7\u00e3o macroecon\u00f4mica<\/span><\/strong><\/p>\n<p style=\"text-align: justify;\">Numa avalia\u00e7\u00e3o geral da economia do pa\u00eds, de acordo com a pesquisa, 64% das micro e pequenas ind\u00fastrias consultadas classificam como ruim ou p\u00e9ssima. Para 28%, a situa\u00e7\u00e3o \u00e9 regular. E apenas 7% percebem como boa ou \u00f3tima. Em rela\u00e7\u00e3o ao futuro pr\u00f3ximo, 47% dos entrevistados na pesquisa acreditam que a situa\u00e7\u00e3o econ\u00f4mica do Brasil vai piorar. Para 29%, ficar\u00e1 como est\u00e1. E outros 21% acham que vai melhorar.<\/p>\n<figure id=\"attachment_16504\" aria-describedby=\"caption-attachment-16504\" style=\"width: 300px\" class=\"wp-caption alignleft\"><img loading=\"lazy\" decoding=\"async\" class=\"size-medium wp-image-16504\" src=\"https:\/\/www.jornaldaconstrucaocivil.com.br\/wp-content\/uploads\/2021\/05\/unnamed-13-300x175.jpg\" alt=\"\" width=\"300\" height=\"175\" srcset=\"https:\/\/construcaocivil.siriusmarketingedesign.com.br\/wp-content\/uploads\/2021\/05\/unnamed-13-300x175.jpg 300w, https:\/\/construcaocivil.siriusmarketingedesign.com.br\/wp-content\/uploads\/2021\/05\/unnamed-13.jpg 354w\" sizes=\"auto, (max-width: 300px) 100vw, 300px\" \/><figcaption id=\"caption-attachment-16504\" class=\"wp-caption-text\">SIMPI<\/figcaption><\/figure>\n<p style=\"text-align: justify;\"><span style=\"color: #993300;\"><strong>Infla\u00e7\u00e3o vai piorar<\/strong><\/span><\/p>\n<p style=\"text-align: justify;\">A previs\u00e3o \u00e9 pessimista tamb\u00e9m com rela\u00e7\u00e3o \u00e0 expectativa de infla\u00e7\u00e3o. Para 77% das micro e pequenas ind\u00fastrias consultadas a infla\u00e7\u00e3o deve aumentar nos pr\u00f3ximos meses. Este \u00e9 o segundo pior resultado de acordo com a s\u00e9rie hist\u00f3rica da pesquisa, iniciada em 2013.<\/p>\n<p style=\"text-align: justify;\">Ainda de acordo com a pesquisa, para 18%, a infla\u00e7\u00e3o deve ficar como est\u00e1. E 4% acreditam que vai diminuir.<\/p>\n<p style=\"text-align: justify;\">Na avalia\u00e7\u00e3o do presidente do Sindicato da Micro e Pequena Ind\u00fastria no Estado de S\u00e3o Paulo (Simpi), Joseph Couri, os dados s\u00e3o extremamente preocupantes. \u201cEstamos com um programa lento de vacina\u00e7\u00e3o em todo o pa\u00eds e um cen\u00e1rio incerto de eleva\u00e7\u00e3o de custos e desemprego. As variantes disso s\u00e3o a perda de poder aquisitivo, queda no consumo e infla\u00e7\u00e3o elevada. A pesquisa mostra indicadores muito ruins, apontando para a necessidade urgente de medidas governamentais para manter vivas as empresas, os empregos e a atividade econ\u00f4mica\u201d, afirma. Para ele, \u00e9 fundamental que as empresas sobrevivam para que, ap\u00f3s superada a pandemia, o mercado interno possa voltar a crescer.<\/p>\n<p>&nbsp;<\/p>\n<p>&nbsp;<\/p>\n<figure id=\"attachment_16505\" aria-describedby=\"caption-attachment-16505\" style=\"width: 300px\" class=\"wp-caption aligncenter\"><img loading=\"lazy\" decoding=\"async\" class=\"size-medium wp-image-16505\" src=\"https:\/\/www.jornaldaconstrucaocivil.com.br\/wp-content\/uploads\/2021\/05\/unnamed-14-300x146.jpg\" alt=\"\" width=\"300\" height=\"146\" srcset=\"https:\/\/construcaocivil.siriusmarketingedesign.com.br\/wp-content\/uploads\/2021\/05\/unnamed-14-300x146.jpg 300w, https:\/\/construcaocivil.siriusmarketingedesign.com.br\/wp-content\/uploads\/2021\/05\/unnamed-14-768x375.jpg 768w, https:\/\/construcaocivil.siriusmarketingedesign.com.br\/wp-content\/uploads\/2021\/05\/unnamed-14.jpg 810w\" sizes=\"auto, (max-width: 300px) 100vw, 300px\" \/><figcaption id=\"caption-attachment-16505\" class=\"wp-caption-text\">SIMPI<\/figcaption><\/figure>\n<figure id=\"attachment_16506\" aria-describedby=\"caption-attachment-16506\" style=\"width: 300px\" class=\"wp-caption aligncenter\"><img loading=\"lazy\" decoding=\"async\" class=\"size-medium wp-image-16506\" src=\"https:\/\/www.jornaldaconstrucaocivil.com.br\/wp-content\/uploads\/2021\/05\/unnamed-15-300x138.jpg\" alt=\"\" width=\"300\" height=\"138\" srcset=\"https:\/\/construcaocivil.siriusmarketingedesign.com.br\/wp-content\/uploads\/2021\/05\/unnamed-15-300x138.jpg 300w, https:\/\/construcaocivil.siriusmarketingedesign.com.br\/wp-content\/uploads\/2021\/05\/unnamed-15-768x353.jpg 768w, https:\/\/construcaocivil.siriusmarketingedesign.com.br\/wp-content\/uploads\/2021\/05\/unnamed-15.jpg 814w\" sizes=\"auto, (max-width: 300px) 100vw, 300px\" \/><figcaption id=\"caption-attachment-16506\" class=\"wp-caption-text\">SIMPI<\/figcaption><\/figure>\n<p>&nbsp;<\/p>\n<figure id=\"attachment_16507\" aria-describedby=\"caption-attachment-16507\" style=\"width: 300px\" class=\"wp-caption aligncenter\"><img loading=\"lazy\" decoding=\"async\" class=\"size-medium wp-image-16507\" src=\"https:\/\/www.jornaldaconstrucaocivil.com.br\/wp-content\/uploads\/2021\/05\/unnamed-16-300x135.jpg\" alt=\"\" width=\"300\" height=\"135\" srcset=\"https:\/\/construcaocivil.siriusmarketingedesign.com.br\/wp-content\/uploads\/2021\/05\/unnamed-16-300x135.jpg 300w, https:\/\/construcaocivil.siriusmarketingedesign.com.br\/wp-content\/uploads\/2021\/05\/unnamed-16-768x344.jpg 768w, https:\/\/construcaocivil.siriusmarketingedesign.com.br\/wp-content\/uploads\/2021\/05\/unnamed-16.jpg 823w\" sizes=\"auto, (max-width: 300px) 100vw, 300px\" \/><figcaption id=\"caption-attachment-16507\" class=\"wp-caption-text\">SIMPI<\/figcaption><\/figure>\n<p style=\"text-align: justify;\"><span style=\"color: #993300;\"><strong>Sobre a pesquisa<\/strong><\/span><\/p>\n<p style=\"text-align: justify;\">O Indicador de Atividade da Micro e Pequena Ind\u00fastria de S\u00e3o Paulo, encomendado pelo Simpi e efetuada pelo Datafolha, \u00e9 reconhecido como antecipador de tend\u00eancia. \u00c9 importante salientar que 42% das MPI\u2019s de todo Brasil est\u00e3o em S\u00e3o Paulo.<\/p>\n<p style=\"text-align: justify;\"><strong>A coleta de dados ocorreu de 13 a 29 abril de 2021.<\/strong><\/p>\n<p>A \u00edntegra das pesquisas anteriores, desde mar\u00e7o de 2013, est\u00e1 dispon\u00edvel no site\u00a0<span style=\"color: #0000ff;\"><strong><a style=\"color: #0000ff;\" href=\"http:\/\/www.simpi.org.br\">\u00a0www.simpi.org.br<\/a><\/strong><\/span><\/p>\n<p>&nbsp;<\/p>\n","protected":false},"excerpt":{"rendered":"<p>Maio, 2021 &#8211; H\u00e1 quase dois anos as micro e pequenas ind\u00fastrias n\u00e3o registravam n\u00fameros de emprego t\u00e3o ruins. O setor, que a partir de julho de 2019 vinha reportando um aumento na abertura de vagas, segue demitindo mais do que contratando desde o in\u00edcio da pandemia. As informa\u00e7\u00f5es s\u00e3o do Indicador de Atividade da [&hellip;]<\/p>\n","protected":false},"author":1,"featured_media":14582,"comment_status":"open","ping_status":"open","sticky":false,"template":"","format":"standard","meta":{"_uag_custom_page_level_css":"","footnotes":""},"categories":[33],"tags":[21236,21232,21235,21234,21233,21231],"class_list":["post-16501","post","type-post","status-publish","format-standard","has-post-thumbnail","hentry","category-mercado","tag-1-milhao-de-empregos-perdidos","tag-700-mil-lojas-fechadas","tag-brasil-retraido-e-sem-ambiente-de-negocios","tag-paulo-guedes-acaba-com-economia","tag-pronampe-nao-funciona","tag-simpi"],"blocksy_meta":[],"spectra_blocks_featured_image_url":{"thumbnail":{"url":"https:\/\/construcaocivil.siriusmarketingedesign.com.br\/wp-content\/uploads\/2020\/09\/PLIPARTES-150x150.jpg","width":150,"height":150},"medium":{"url":"https:\/\/construcaocivil.siriusmarketingedesign.com.br\/wp-content\/uploads\/2020\/09\/PLIPARTES-300x139.jpg","width":300,"height":139},"medium_large":{"url":"https:\/\/construcaocivil.siriusmarketingedesign.com.br\/wp-content\/uploads\/2020\/09\/PLIPARTES-768x355.jpg","width":768,"height":355},"large":{"url":"https:\/\/construcaocivil.siriusmarketingedesign.com.br\/wp-content\/uploads\/2020\/09\/PLIPARTES-1024x474.jpg","width":1024,"height":474},"full":{"url":"https:\/\/construcaocivil.siriusmarketingedesign.com.br\/wp-content\/uploads\/2020\/09\/PLIPARTES.jpg","width":2414,"height":1117}},"spectra_blocks_author_info":{"display_name":"Jornal da Constru\u00e7\u00e3o Civil","avatar_url":"https:\/\/secure.gravatar.com\/avatar\/973c9774fd44ddaceb026973c4962faa70fc512bc4c9da68e8ebb40fecee6540?s=96&d=mm&r=g","author_link":"https:\/\/construcaocivil.siriusmarketingedesign.com.br\/?author=1","description":"Desde de 2013, levando muitas informa\u00e7\u00f5es, lan\u00e7amentos e produtos de qualidade para toda cadeia produtiva da constru\u00e7\u00e3o. O Futuro da constru\u00e7\u00e3o passa por aqui,"},"uagb_featured_image_src":{"full":["https:\/\/construcaocivil.siriusmarketingedesign.com.br\/wp-content\/uploads\/2020\/09\/PLIPARTES.jpg",2414,1117,false],"thumbnail":["https:\/\/construcaocivil.siriusmarketingedesign.com.br\/wp-content\/uploads\/2020\/09\/PLIPARTES-150x150.jpg",150,150,true],"medium":["https:\/\/construcaocivil.siriusmarketingedesign.com.br\/wp-content\/uploads\/2020\/09\/PLIPARTES-300x139.jpg",300,139,true],"medium_large":["https:\/\/construcaocivil.siriusmarketingedesign.com.br\/wp-content\/uploads\/2020\/09\/PLIPARTES-768x355.jpg",768,355,true],"large":["https:\/\/construcaocivil.siriusmarketingedesign.com.br\/wp-content\/uploads\/2020\/09\/PLIPARTES-1024x474.jpg",1024,474,true],"1536x1536":["https:\/\/construcaocivil.siriusmarketingedesign.com.br\/wp-content\/uploads\/2020\/09\/PLIPARTES-1536x711.jpg",1536,711,true],"2048x2048":["https:\/\/construcaocivil.siriusmarketingedesign.com.br\/wp-content\/uploads\/2020\/09\/PLIPARTES-2048x948.jpg",2048,948,true]},"uagb_author_info":{"display_name":"Jornal da Constru\u00e7\u00e3o Civil","author_link":"https:\/\/construcaocivil.siriusmarketingedesign.com.br\/?author=1"},"uagb_comment_info":0,"uagb_excerpt":"Maio, 2021 &#8211; H\u00e1 quase dois anos as micro e pequenas ind\u00fastrias n\u00e3o registravam n\u00fameros de emprego t\u00e3o ruins. O setor, que a partir de julho de 2019 vinha reportando um aumento na abertura de vagas, segue demitindo mais do que contratando desde o in\u00edcio da pandemia. As informa\u00e7\u00f5es s\u00e3o do Indicador de Atividade da&hellip;","_links":{"self":[{"href":"https:\/\/construcaocivil.siriusmarketingedesign.com.br\/index.php?rest_route=\/wp\/v2\/posts\/16501","targetHints":{"allow":["GET"]}}],"collection":[{"href":"https:\/\/construcaocivil.siriusmarketingedesign.com.br\/index.php?rest_route=\/wp\/v2\/posts"}],"about":[{"href":"https:\/\/construcaocivil.siriusmarketingedesign.com.br\/index.php?rest_route=\/wp\/v2\/types\/post"}],"author":[{"embeddable":true,"href":"https:\/\/construcaocivil.siriusmarketingedesign.com.br\/index.php?rest_route=\/wp\/v2\/users\/1"}],"replies":[{"embeddable":true,"href":"https:\/\/construcaocivil.siriusmarketingedesign.com.br\/index.php?rest_route=%2Fwp%2Fv2%2Fcomments&post=16501"}],"version-history":[{"count":0,"href":"https:\/\/construcaocivil.siriusmarketingedesign.com.br\/index.php?rest_route=\/wp\/v2\/posts\/16501\/revisions"}],"wp:featuredmedia":[{"embeddable":true,"href":"https:\/\/construcaocivil.siriusmarketingedesign.com.br\/index.php?rest_route=\/wp\/v2\/media\/14582"}],"wp:attachment":[{"href":"https:\/\/construcaocivil.siriusmarketingedesign.com.br\/index.php?rest_route=%2Fwp%2Fv2%2Fmedia&parent=16501"}],"wp:term":[{"taxonomy":"category","embeddable":true,"href":"https:\/\/construcaocivil.siriusmarketingedesign.com.br\/index.php?rest_route=%2Fwp%2Fv2%2Fcategories&post=16501"},{"taxonomy":"post_tag","embeddable":true,"href":"https:\/\/construcaocivil.siriusmarketingedesign.com.br\/index.php?rest_route=%2Fwp%2Fv2%2Ftags&post=16501"}],"curies":[{"name":"wp","href":"https:\/\/api.w.org\/{rel}","templated":true}]}}