{"id":16526,"date":"2021-05-27T19:11:25","date_gmt":"2021-05-27T22:11:25","guid":{"rendered":"https:\/\/www.jornaldaconstrucaocivil.com.br\/?p=16526"},"modified":"2021-05-27T19:11:25","modified_gmt":"2021-05-27T22:11:25","slug":"jaime-lerner-nota-de-pesar-do-conselho-de-arquitetura-e-urbanismo-do-brasil","status":"publish","type":"post","link":"https:\/\/construcaocivil.siriusmarketingedesign.com.br\/?p=16526","title":{"rendered":"Jaime Lerner: nota de pesar do Conselho de Arquitetura e Urbanismo do Brasil"},"content":{"rendered":"<p style=\"text-align: justify;\"><span style=\"color: #993300;\">Maio<\/span>, <span style=\"color: #993300;\">2021<\/span> &#8211; &#8220;Com o falecimento de Jaime Lerner, o Brasil perde mais um de seus arquitetos e urbanistas que conquistaram reconhecimento internacional por meio de sua pr\u00e1tica profissional e de gestor p\u00fablico inovadora e ousada. Ele era querido em todo mundo, n\u00e3o apenas entre os colegas de of\u00edcio, em reconhecimento pela transforma\u00e7\u00e3o de Curitiba em exemplo de cidade planejada para pessoas, integrando urbanismo com pol\u00edticas culturais e econ\u00f4micas.\u00a0 \u00a0O legado de Jaime Lerner vai al\u00e9m, por seus trabalhos em outras cidades do pa\u00eds e do exterior, e como pensador de quest\u00f5es urbanas com grande poder de comunica\u00e7\u00e3o e resson\u00e2ncia. Nadia Somekh, presidente do Conselho de Arquitetura e Urbanismo do Brasil&#8221;.<\/p>\n<p>V\u00eddeo Entrevista para o Portal &#8211; Jornal da Constru\u00e7\u00e3o Civil com Jaime Lern<\/p>\n<p><iframe loading=\"lazy\" title=\"Dia Mundial da Arquitetura: 1 minuto com o Arquiteto e urbanista Jaime Lerner\" width=\"1290\" height=\"726\" src=\"https:\/\/www.youtube.com\/embed\/C3SR282aD4Y?feature=oembed\" frameborder=\"0\" allow=\"accelerometer; autoplay; clipboard-write; encrypted-media; gyroscope; picture-in-picture; web-share\" referrerpolicy=\"strict-origin-when-cross-origin\" allowfullscreen><\/iframe><\/p>\n<p>&nbsp;<\/p>\n","protected":false},"excerpt":{"rendered":"<p>Maio, 2021 &#8211; &#8220;Com o falecimento de Jaime Lerner, o Brasil perde mais um de seus arquitetos e urbanistas que conquistaram reconhecimento internacional por meio de sua pr\u00e1tica profissional e de gestor p\u00fablico inovadora e ousada. Ele era querido em todo mundo, n\u00e3o apenas entre os colegas de of\u00edcio, em reconhecimento pela transforma\u00e7\u00e3o de Curitiba [&hellip;]<\/p>\n","protected":false},"author":1,"featured_media":13949,"comment_status":"open","ping_status":"open","sticky":false,"template":"","format":"standard","meta":{"_uag_custom_page_level_css":"","footnotes":""},"categories":[27],"tags":[2015,18617,3269,21256,21254,21255],"class_list":["post-16526","post","type-post","status-publish","format-standard","has-post-thumbnail","hentry","category-acontece","tag-cau-br","tag-covid-19","tag-curitiba-pr","tag-grandes-projetos-arquitetonicos","tag-jaime-lern-arquiteto-e-urbanista","tag-pandemia-matou-440-mil-brasileiros"],"blocksy_meta":[],"spectra_blocks_featured_image_url":{"thumbnail":{"url":"https:\/\/construcaocivil.siriusmarketingedesign.com.br\/wp-content\/uploads\/2020\/07\/JAIME-OOKK-150x150.jpg","width":150,"height":150},"medium":{"url":"https:\/\/construcaocivil.siriusmarketingedesign.com.br\/wp-content\/uploads\/2020\/07\/JAIME-OOKK-300x273.jpg","width":300,"height":273},"medium_large":{"url":"https:\/\/construcaocivil.siriusmarketingedesign.com.br\/wp-content\/uploads\/2020\/07\/JAIME-OOKK.jpg","width":418,"height":381},"large":{"url":"https:\/\/construcaocivil.siriusmarketingedesign.com.br\/wp-content\/uploads\/2020\/07\/JAIME-OOKK.jpg","width":418,"height":381},"full":{"url":"https:\/\/construcaocivil.siriusmarketingedesign.com.br\/wp-content\/uploads\/2020\/07\/JAIME-OOKK.jpg","width":418,"height":381}},"spectra_blocks_author_info":{"display_name":"Jornal da Constru\u00e7\u00e3o Civil","avatar_url":"https:\/\/secure.gravatar.com\/avatar\/973c9774fd44ddaceb026973c4962faa70fc512bc4c9da68e8ebb40fecee6540?s=96&d=mm&r=g","author_link":"https:\/\/construcaocivil.siriusmarketingedesign.com.br\/?author=1","description":"Desde de 2013, levando muitas informa\u00e7\u00f5es, lan\u00e7amentos e produtos de qualidade para toda cadeia produtiva da constru\u00e7\u00e3o. O Futuro da constru\u00e7\u00e3o passa por aqui,"},"uagb_featured_image_src":{"full":["https:\/\/construcaocivil.siriusmarketingedesign.com.br\/wp-content\/uploads\/2020\/07\/JAIME-OOKK.jpg",418,381,false],"thumbnail":["https:\/\/construcaocivil.siriusmarketingedesign.com.br\/wp-content\/uploads\/2020\/07\/JAIME-OOKK-150x150.jpg",150,150,true],"medium":["https:\/\/construcaocivil.siriusmarketingedesign.com.br\/wp-content\/uploads\/2020\/07\/JAIME-OOKK-300x273.jpg",300,273,true],"medium_large":["https:\/\/construcaocivil.siriusmarketingedesign.com.br\/wp-content\/uploads\/2020\/07\/JAIME-OOKK.jpg",418,381,false],"large":["https:\/\/construcaocivil.siriusmarketingedesign.com.br\/wp-content\/uploads\/2020\/07\/JAIME-OOKK.jpg",418,381,false],"1536x1536":["https:\/\/construcaocivil.siriusmarketingedesign.com.br\/wp-content\/uploads\/2020\/07\/JAIME-OOKK.jpg",418,381,false],"2048x2048":["https:\/\/construcaocivil.siriusmarketingedesign.com.br\/wp-content\/uploads\/2020\/07\/JAIME-OOKK.jpg",418,381,false]},"uagb_author_info":{"display_name":"Jornal da Constru\u00e7\u00e3o Civil","author_link":"https:\/\/construcaocivil.siriusmarketingedesign.com.br\/?author=1"},"uagb_comment_info":0,"uagb_excerpt":"Maio, 2021 &#8211; &#8220;Com o falecimento de Jaime Lerner, o Brasil perde mais um de seus arquitetos e urbanistas que conquistaram reconhecimento internacional por meio de sua pr\u00e1tica profissional e de gestor p\u00fablico inovadora e ousada. Ele era querido em todo mundo, n\u00e3o apenas entre os colegas de of\u00edcio, em reconhecimento pela transforma\u00e7\u00e3o de Curitiba&hellip;","_links":{"self":[{"href":"https:\/\/construcaocivil.siriusmarketingedesign.com.br\/index.php?rest_route=\/wp\/v2\/posts\/16526","targetHints":{"allow":["GET"]}}],"collection":[{"href":"https:\/\/construcaocivil.siriusmarketingedesign.com.br\/index.php?rest_route=\/wp\/v2\/posts"}],"about":[{"href":"https:\/\/construcaocivil.siriusmarketingedesign.com.br\/index.php?rest_route=\/wp\/v2\/types\/post"}],"author":[{"embeddable":true,"href":"https:\/\/construcaocivil.siriusmarketingedesign.com.br\/index.php?rest_route=\/wp\/v2\/users\/1"}],"replies":[{"embeddable":true,"href":"https:\/\/construcaocivil.siriusmarketingedesign.com.br\/index.php?rest_route=%2Fwp%2Fv2%2Fcomments&post=16526"}],"version-history":[{"count":0,"href":"https:\/\/construcaocivil.siriusmarketingedesign.com.br\/index.php?rest_route=\/wp\/v2\/posts\/16526\/revisions"}],"wp:featuredmedia":[{"embeddable":true,"href":"https:\/\/construcaocivil.siriusmarketingedesign.com.br\/index.php?rest_route=\/wp\/v2\/media\/13949"}],"wp:attachment":[{"href":"https:\/\/construcaocivil.siriusmarketingedesign.com.br\/index.php?rest_route=%2Fwp%2Fv2%2Fmedia&parent=16526"}],"wp:term":[{"taxonomy":"category","embeddable":true,"href":"https:\/\/construcaocivil.siriusmarketingedesign.com.br\/index.php?rest_route=%2Fwp%2Fv2%2Fcategories&post=16526"},{"taxonomy":"post_tag","embeddable":true,"href":"https:\/\/construcaocivil.siriusmarketingedesign.com.br\/index.php?rest_route=%2Fwp%2Fv2%2Ftags&post=16526"}],"curies":[{"name":"wp","href":"https:\/\/api.w.org\/{rel}","templated":true}]}}