{"id":16555,"date":"2021-06-02T00:47:15","date_gmt":"2021-06-02T03:47:15","guid":{"rendered":"https:\/\/www.jornaldaconstrucaocivil.com.br\/?p=16555"},"modified":"2021-06-02T00:47:15","modified_gmt":"2021-06-02T03:47:15","slug":"novo-centro-de-referencia-em-construcao-civil-da-firjan-senai-sesi-ja-oferece-cursos-com-tecnologia-avancada","status":"publish","type":"post","link":"https:\/\/construcaocivil.siriusmarketingedesign.com.br\/?p=16555","title":{"rendered":"Novo Centro de Refer\u00eancia em Constru\u00e7\u00e3o Civil da Firjan SENAI SESI j\u00e1 oferece cursos com tecnologia avan\u00e7ada"},"content":{"rendered":"<p class=\"v1MsoNormal\" style=\"text-align: justify;\"><span style=\"color: #993300;\">Maio<\/span>, <span style=\"color: #993300;\">2021<\/span> &#8211; O <b>Novo Centro de Refer\u00eancia da Constru\u00e7\u00e3o Civil da Firjan SENAI SESI Tijuca<\/b>\u00a0especializa e amplia a capacidade de atendimento em educa\u00e7\u00e3o profissional \u00e0 cadeia produtiva da constru\u00e7\u00e3o, com foco no futuro do trabalho e da ind\u00fastria. A mais moderna e atualizada unidade de forma\u00e7\u00e3o profissional e inova\u00e7\u00e3o do pa\u00eds,\u00a0<b>tem capacidade de atender por ano de 2.500 a 3.000 alunos\u00a0<\/b>do munic\u00edpio e tamb\u00e9m de\u00a0<b>todo o estado do Rio<\/b>\u00a0com cursos em EAD:\u00a0<span style=\"color: #0000ff;\"><a style=\"color: #0000ff;\" href=\"http:\/\/www.firjansenai.com.br\/cursosconstrucaocivil\" target=\"_blank\" rel=\"noopener noreferrer\">www.firjansenai.com.br\/cursosconstrucaocivil<\/a>.<\/span><\/p>\n<p class=\"v1MsoNormal\" style=\"text-align: justify;\">\u201cO Centro de Refer\u00eancia da Constru\u00e7\u00e3o Civil j\u00e1 nasce para formar profissionais qualificados e para apoiar as empresas com as tecnologias 4.0. Pelo material que temos, pela modernidade e pela capacidade de transformar profissionais do setor, \u00e9 considerado o mais moderno do Brasil. O Rio est\u00e1 passando por um momento de investimento em infraestrutura e precisa de qualifica\u00e7\u00e3o\u201d, ressaltou\u00a0<b>Eduardo Eugenio Gouv\u00eaa Vieira, presidente da Firjan.<\/b>\u00a0A unidade foi entregue no evento Rio Canteiro de Obras, realizado em 24\/05, em comemora\u00e7\u00e3o ao Dia da Ind\u00fastria.<\/p>\n<p class=\"v1MsoNormal\" style=\"text-align: justify;\">\u201cEstamos muito contentes com essa entrega, cujo projeto foi fruto de muita reflex\u00e3o e debate com o segmento, e esperamos que nosso Centro seja uma grande alavanca para transforma\u00e7\u00f5es positivas no setor em nosso estado e para forma\u00e7\u00e3o de uma nova gera\u00e7\u00e3o de profissionais\u201d, ressaltou\u00a0<b>Regina Malta, gerente geral de Educa\u00e7\u00e3o da Firjan SENAI SESI.<\/b><\/p>\n<p class=\"v1MsoNormal\" style=\"text-align: justify;\"><span style=\"color: #993300;\"><b>Portf\u00f3lio do Novo Centro de Refer\u00eancia da Constru\u00e7\u00e3o Civil da Firjan SENAI SESI Tijuca<\/b><\/span><\/p>\n<p class=\"v1MsoNormal\" style=\"text-align: justify;\">O portf\u00f3lio foi desenvolvido com base em tr\u00eas pilares: a digitaliza\u00e7\u00e3o, a industrializa\u00e7\u00e3o e a sustentabilidade. Isso se traduz em tr\u00eas linhas de cursos principais. A primeira diz respeito \u00e0 forma\u00e7\u00e3o na metodologia BIM (Building Information Modeling), uma revolu\u00e7\u00e3o na \u00e1rea de projetos de arquitetura, instala\u00e7\u00f5es, gest\u00e3o e execu\u00e7\u00e3o de obras, manuten\u00e7\u00e3o e opera\u00e7\u00e3o da edifica\u00e7\u00e3o. Outras aplica\u00e7\u00f5es s\u00e3o realizadas no FabLab, por meio da fabrica\u00e7\u00e3o digital e prototipagem r\u00e1pida.<\/p>\n<p class=\"v1MsoNormal\" style=\"text-align: justify;\">A segunda linha refere-se a novos processos construtivos, mais industrializados, como pr\u00e9-moldados, steel frame, parede de concreto, drywall, entre outros modernos m\u00e9todos construtivos. S\u00e3o processos tamb\u00e9m bastante disseminados em outros pa\u00edses, e que trazem ganhos de qualidade e produtividade significativos.<\/p>\n<p class=\"v1MsoNormal\" style=\"text-align: justify;\">Por fim, a terceira vertente \u00e9 a de cursos na \u00e1rea de energias renov\u00e1veis, efici\u00eancia energ\u00e9tica, instala\u00e7\u00f5es para re\u00faso e reaproveitamento de \u00e1guas pluviais e outras propostas voltadas para a sustentabilidade, incluindo tecnologias inteligentes de automa\u00e7\u00e3o predial e residencial. S\u00e3o transforma\u00e7\u00f5es que j\u00e1 v\u00eam ocorrendo no exterior e que demandam a forma\u00e7\u00e3o e atualiza\u00e7\u00e3o de profissionais em todos os n\u00edveis, incluindo o n\u00edvel operacional, t\u00e9cnico e superior.<\/p>\n<p class=\"v1MsoNormal\" style=\"text-align: justify;\">O novo Centro \u00e9 uma grande contribui\u00e7\u00e3o para a forma\u00e7\u00e3o dessas novas compet\u00eancias e para o avan\u00e7o dessa ind\u00fastria t\u00e3o fundamental, melhorando as condi\u00e7\u00f5es de trabalho, de produ\u00e7\u00e3o e de produtividade no setor, considerando ainda a vis\u00e3o de sustentabilidade, que vem se tornando muito relevante nos dias de hoje.<\/p>\n<p class=\"v1MsoNormal\" style=\"text-align: justify;\">Al\u00e9m dos t\u00edtulos de qualifica\u00e7\u00e3o de profissionais, h\u00e1 outros de aperfei\u00e7oamento para os v\u00e1rios n\u00edveis e, tamb\u00e9m, cursos t\u00e9cnicos de edifica\u00e7\u00f5es e de energias renov\u00e1veis, inclusive em uma modalidade articulada com o Ensino M\u00e9dio, direcionada para jovens. Ser\u00e3o muitas oportunidades de educa\u00e7\u00e3o profissional, sempre voltadas para o desenvolvimento do estado do Rio.<\/p>\n<p>Acesse\u00a0<span style=\"color: #0000ff;\"><a style=\"color: #0000ff;\" href=\"http:\/\/www.firjansenai.com.br\/cursosconstrucaocivil\" target=\"_blank\" rel=\"noopener noreferrer\">www.firjansenai.com.br\/cursosconstrucaocivil<\/a>.<\/span><\/p>\n<p class=\"v1MsoNormal\" style=\"text-align: justify;\">\n<p class=\"v1MsoNormal\" style=\"text-align: justify;\">\n<p class=\"v1MsoNormal\" style=\"text-align: justify;\">\n<p class=\"v1MsoNormal\" style=\"text-align: justify;\">Di<\/p>\n","protected":false},"excerpt":{"rendered":"<p>Maio, 2021 &#8211; O Novo Centro de Refer\u00eancia da Constru\u00e7\u00e3o Civil da Firjan SENAI SESI Tijuca\u00a0especializa e amplia a capacidade de atendimento em educa\u00e7\u00e3o profissional \u00e0 cadeia produtiva da constru\u00e7\u00e3o, com foco no futuro do trabalho e da ind\u00fastria. A mais moderna e atualizada unidade de forma\u00e7\u00e3o profissional e inova\u00e7\u00e3o do pa\u00eds,\u00a0tem capacidade de atender [&hellip;]<\/p>\n","protected":false},"author":1,"featured_media":16556,"comment_status":"open","ping_status":"open","sticky":false,"template":"","format":"standard","meta":{"_uag_custom_page_level_css":"","footnotes":""},"categories":[27],"tags":[15507,18403,15960,21295,21296,21294,11757],"class_list":["post-16555","post","type-post","status-publish","format-standard","has-post-thumbnail","hentry","category-acontece","tag-bim-na-construcao","tag-construcao-4-0","tag-construcao-e-tecnologia","tag-cursos-de-construcao","tag-novo-centro-de-referencia-construcao-civil","tag-senai-sesi-firjan","tag-tijuca-rj"],"blocksy_meta":[],"spectra_blocks_featured_image_url":{"thumbnail":{"url":"https:\/\/construcaocivil.siriusmarketingedesign.com.br\/wp-content\/uploads\/2021\/06\/Novo-Centro-de-Referencia-em-Construcao-Civil-Firjan-SENAI-SESI-Tijuca-Foto-Vinicius-Magalhaes-02-150x150.jpg","width":150,"height":150},"medium":{"url":"https:\/\/construcaocivil.siriusmarketingedesign.com.br\/wp-content\/uploads\/2021\/06\/Novo-Centro-de-Referencia-em-Construcao-Civil-Firjan-SENAI-SESI-Tijuca-Foto-Vinicius-Magalhaes-02-300x200.jpg","width":300,"height":200},"medium_large":{"url":"https:\/\/construcaocivil.siriusmarketingedesign.com.br\/wp-content\/uploads\/2021\/06\/Novo-Centro-de-Referencia-em-Construcao-Civil-Firjan-SENAI-SESI-Tijuca-Foto-Vinicius-Magalhaes-02-768x512.jpg","width":768,"height":512},"large":{"url":"https:\/\/construcaocivil.siriusmarketingedesign.com.br\/wp-content\/uploads\/2021\/06\/Novo-Centro-de-Referencia-em-Construcao-Civil-Firjan-SENAI-SESI-Tijuca-Foto-Vinicius-Magalhaes-02-1024x683.jpg","width":1024,"height":683},"full":{"url":"https:\/\/construcaocivil.siriusmarketingedesign.com.br\/wp-content\/uploads\/2021\/06\/Novo-Centro-de-Referencia-em-Construcao-Civil-Firjan-SENAI-SESI-Tijuca-Foto-Vinicius-Magalhaes-02-scaled.jpg","width":2560,"height":1707}},"spectra_blocks_author_info":{"display_name":"Jornal da Constru\u00e7\u00e3o Civil","avatar_url":"https:\/\/secure.gravatar.com\/avatar\/973c9774fd44ddaceb026973c4962faa70fc512bc4c9da68e8ebb40fecee6540?s=96&d=mm&r=g","author_link":"https:\/\/construcaocivil.siriusmarketingedesign.com.br\/?author=1","description":"Desde de 2013, levando muitas informa\u00e7\u00f5es, lan\u00e7amentos e produtos de qualidade para toda cadeia produtiva da constru\u00e7\u00e3o. O Futuro da constru\u00e7\u00e3o passa por aqui,"},"uagb_featured_image_src":{"full":["https:\/\/construcaocivil.siriusmarketingedesign.com.br\/wp-content\/uploads\/2021\/06\/Novo-Centro-de-Referencia-em-Construcao-Civil-Firjan-SENAI-SESI-Tijuca-Foto-Vinicius-Magalhaes-02-scaled.jpg",2560,1707,false],"thumbnail":["https:\/\/construcaocivil.siriusmarketingedesign.com.br\/wp-content\/uploads\/2021\/06\/Novo-Centro-de-Referencia-em-Construcao-Civil-Firjan-SENAI-SESI-Tijuca-Foto-Vinicius-Magalhaes-02-150x150.jpg",150,150,true],"medium":["https:\/\/construcaocivil.siriusmarketingedesign.com.br\/wp-content\/uploads\/2021\/06\/Novo-Centro-de-Referencia-em-Construcao-Civil-Firjan-SENAI-SESI-Tijuca-Foto-Vinicius-Magalhaes-02-300x200.jpg",300,200,true],"medium_large":["https:\/\/construcaocivil.siriusmarketingedesign.com.br\/wp-content\/uploads\/2021\/06\/Novo-Centro-de-Referencia-em-Construcao-Civil-Firjan-SENAI-SESI-Tijuca-Foto-Vinicius-Magalhaes-02-768x512.jpg",768,512,true],"large":["https:\/\/construcaocivil.siriusmarketingedesign.com.br\/wp-content\/uploads\/2021\/06\/Novo-Centro-de-Referencia-em-Construcao-Civil-Firjan-SENAI-SESI-Tijuca-Foto-Vinicius-Magalhaes-02-1024x683.jpg",1024,683,true],"1536x1536":["https:\/\/construcaocivil.siriusmarketingedesign.com.br\/wp-content\/uploads\/2021\/06\/Novo-Centro-de-Referencia-em-Construcao-Civil-Firjan-SENAI-SESI-Tijuca-Foto-Vinicius-Magalhaes-02-1536x1024.jpg",1536,1024,true],"2048x2048":["https:\/\/construcaocivil.siriusmarketingedesign.com.br\/wp-content\/uploads\/2021\/06\/Novo-Centro-de-Referencia-em-Construcao-Civil-Firjan-SENAI-SESI-Tijuca-Foto-Vinicius-Magalhaes-02-2048x1365.jpg",2048,1365,true]},"uagb_author_info":{"display_name":"Jornal da Constru\u00e7\u00e3o Civil","author_link":"https:\/\/construcaocivil.siriusmarketingedesign.com.br\/?author=1"},"uagb_comment_info":0,"uagb_excerpt":"Maio, 2021 &#8211; O Novo Centro de Refer\u00eancia da Constru\u00e7\u00e3o Civil da Firjan SENAI SESI Tijuca\u00a0especializa e amplia a capacidade de atendimento em educa\u00e7\u00e3o profissional \u00e0 cadeia produtiva da constru\u00e7\u00e3o, com foco no futuro do trabalho e da ind\u00fastria. A mais moderna e atualizada unidade de forma\u00e7\u00e3o profissional e inova\u00e7\u00e3o do pa\u00eds,\u00a0tem capacidade de atender&hellip;","_links":{"self":[{"href":"https:\/\/construcaocivil.siriusmarketingedesign.com.br\/index.php?rest_route=\/wp\/v2\/posts\/16555","targetHints":{"allow":["GET"]}}],"collection":[{"href":"https:\/\/construcaocivil.siriusmarketingedesign.com.br\/index.php?rest_route=\/wp\/v2\/posts"}],"about":[{"href":"https:\/\/construcaocivil.siriusmarketingedesign.com.br\/index.php?rest_route=\/wp\/v2\/types\/post"}],"author":[{"embeddable":true,"href":"https:\/\/construcaocivil.siriusmarketingedesign.com.br\/index.php?rest_route=\/wp\/v2\/users\/1"}],"replies":[{"embeddable":true,"href":"https:\/\/construcaocivil.siriusmarketingedesign.com.br\/index.php?rest_route=%2Fwp%2Fv2%2Fcomments&post=16555"}],"version-history":[{"count":0,"href":"https:\/\/construcaocivil.siriusmarketingedesign.com.br\/index.php?rest_route=\/wp\/v2\/posts\/16555\/revisions"}],"wp:featuredmedia":[{"embeddable":true,"href":"https:\/\/construcaocivil.siriusmarketingedesign.com.br\/index.php?rest_route=\/wp\/v2\/media\/16556"}],"wp:attachment":[{"href":"https:\/\/construcaocivil.siriusmarketingedesign.com.br\/index.php?rest_route=%2Fwp%2Fv2%2Fmedia&parent=16555"}],"wp:term":[{"taxonomy":"category","embeddable":true,"href":"https:\/\/construcaocivil.siriusmarketingedesign.com.br\/index.php?rest_route=%2Fwp%2Fv2%2Fcategories&post=16555"},{"taxonomy":"post_tag","embeddable":true,"href":"https:\/\/construcaocivil.siriusmarketingedesign.com.br\/index.php?rest_route=%2Fwp%2Fv2%2Ftags&post=16555"}],"curies":[{"name":"wp","href":"https:\/\/api.w.org\/{rel}","templated":true}]}}