{"id":16587,"date":"2021-06-07T01:01:13","date_gmt":"2021-06-07T04:01:13","guid":{"rendered":"https:\/\/www.jornaldaconstrucaocivil.com.br\/?p=16587"},"modified":"2021-06-07T01:01:13","modified_gmt":"2021-06-07T04:01:13","slug":"covid-19-e-protestos-raciais-conheca-os-ensaios-vencedores-do-premio-da-associacao-britanica-de-fotojornalismo","status":"publish","type":"post","link":"https:\/\/construcaocivil.siriusmarketingedesign.com.br\/?p=16587","title":{"rendered":"Covid-19 e protestos raciais: conhe\u00e7a os ensaios vencedores do pr\u00eamio da Associa\u00e7\u00e3o Brit\u00e2nica de Fotojornalismo"},"content":{"rendered":"<p class=\"\" style=\"text-align: justify;\"><span style=\"color: #993300;\">Maio<\/span>, 2021 &#8211; Um fot\u00f3grafo brit\u00e2nico radicado em Nova York, Adam Gray, foi o vencedor do pr\u00eamio <strong>BPPA Press Photographer of the Year,<\/strong>\u00a0organizado pela\u00a0<strong>British Press Photographers Association,<\/strong>\u00a0que representa os fotojornalistas da m\u00eddia brit\u00e2nica.\u00a0Gray ficou em primeiro lugar em duas das 10 categorias do concurso,\u00a0<i>Ensaio Fotogr\u00e1fico do Ano e Ensaio Covid-19,\u00a0<\/i>e assim somou invididualmente o maior n\u00famero de votos do j\u00fari.<\/p>\n<p class=\"\" style=\"text-align: justify;\">\u00a0O concurso recebeu mais de 2,4 mil trabalhos de 183 fot\u00f3grafos.<\/p>\n<p class=\"\" style=\"text-align: justify;\">As duas s\u00e9ries retratam os temas que mais mobilizaram a sociedade em 2020: a pandemia e os protestos contra a morte de George Floyd, que desencadeou um movimento global pela igualdade racial.<\/p>\n<p class=\"\" style=\"text-align: justify;\">Gray \u00e9 chefe de fotografia da ag\u00eancia SWNS em Nova York e tem 33 anos. Em junho de 2020, passou por um dos epis\u00f3dios mais marcantes da sua carreira, tornando-se o centro da not\u00edcia em vez de apenas document\u00e1-la.\u00a0Enquanto cobria os protestos raciais em Nova York, ele foi preso e ficou 12 horas sob cust\u00f3dia.<\/p>\n<p class=\"\" style=\"text-align: justify;\">O epis\u00f3dio teve repercuss\u00e3o mundial e envolveu at\u00e9 o governo brit\u00e2nico e o prefeito de Nova York, que condenaram as a\u00e7\u00f5es da pol\u00edcia.<\/p>\n<p class=\"\" style=\"text-align: justify;\">Sua s\u00e9rie vencedora do\u00a0<em>Ensaio Fotogr\u00e1fico do Ano<\/em>\u00a0mostra alguns momentos dos protestos raciais em v\u00e1rias cidades americanas.<\/p>\n<p>Acesse o link <strong><span style=\"text-decoration: underline; color: #0000ff;\">https:\/\/mediatalks.uol.com.br\/2021\/06\/06\/fotos-da-covid-e-de-protestos-raciais-levam-premio-de-fotojornalismo\/<\/span><\/strong><\/p>\n<p style=\"text-align: justify;\">\n<p style=\"text-align: justify;\">\n","protected":false},"excerpt":{"rendered":"<p>Maio, 2021 &#8211; Um fot\u00f3grafo brit\u00e2nico radicado em Nova York, Adam Gray, foi o vencedor do pr\u00eamio BPPA Press Photographer of the Year,\u00a0organizado pela\u00a0British Press Photographers Association,\u00a0que representa os fotojornalistas da m\u00eddia brit\u00e2nica.\u00a0Gray ficou em primeiro lugar em duas das 10 categorias do concurso,\u00a0Ensaio Fotogr\u00e1fico do Ano e Ensaio Covid-19,\u00a0e assim somou invididualmente o maior [&hellip;]<\/p>\n","protected":false},"author":1,"featured_media":16588,"comment_status":"open","ping_status":"open","sticky":false,"template":"","format":"standard","meta":{"_uag_custom_page_level_css":"","footnotes":""},"categories":[27],"tags":[21311,21312,21310,21313,19529,10158],"class_list":["post-16587","post","type-post","status-publish","format-standard","has-post-thumbnail","hentry","category-acontece","tag-agencia-swns","tag-concurso-de-fotojornalismo","tag-covid-19-x-racismo","tag-midia-talks","tag-nova-york","tag-reino-unido"],"blocksy_meta":[],"spectra_blocks_featured_image_url":{"thumbnail":{"url":"https:\/\/construcaocivil.siriusmarketingedesign.com.br\/wp-content\/uploads\/2021\/06\/Adam-Gray-by-BPPA-Black-Lives-Matter-mais-bem-vestidos-do-protesto-Nova-York-150x150.jpg","width":150,"height":150},"medium":{"url":"https:\/\/construcaocivil.siriusmarketingedesign.com.br\/wp-content\/uploads\/2021\/06\/Adam-Gray-by-BPPA-Black-Lives-Matter-mais-bem-vestidos-do-protesto-Nova-York-300x197.jpg","width":300,"height":197},"medium_large":{"url":"https:\/\/construcaocivil.siriusmarketingedesign.com.br\/wp-content\/uploads\/2021\/06\/Adam-Gray-by-BPPA-Black-Lives-Matter-mais-bem-vestidos-do-protesto-Nova-York-768x504.jpg","width":768,"height":504},"large":{"url":"https:\/\/construcaocivil.siriusmarketingedesign.com.br\/wp-content\/uploads\/2021\/06\/Adam-Gray-by-BPPA-Black-Lives-Matter-mais-bem-vestidos-do-protesto-Nova-York.jpg","width":820,"height":538},"full":{"url":"https:\/\/construcaocivil.siriusmarketingedesign.com.br\/wp-content\/uploads\/2021\/06\/Adam-Gray-by-BPPA-Black-Lives-Matter-mais-bem-vestidos-do-protesto-Nova-York.jpg","width":820,"height":538}},"spectra_blocks_author_info":{"display_name":"Jornal da Constru\u00e7\u00e3o Civil","avatar_url":"https:\/\/secure.gravatar.com\/avatar\/973c9774fd44ddaceb026973c4962faa70fc512bc4c9da68e8ebb40fecee6540?s=96&d=mm&r=g","author_link":"https:\/\/construcaocivil.siriusmarketingedesign.com.br\/?author=1","description":"Desde de 2013, levando muitas informa\u00e7\u00f5es, lan\u00e7amentos e produtos de qualidade para toda cadeia produtiva da constru\u00e7\u00e3o. O Futuro da constru\u00e7\u00e3o passa por aqui,"},"uagb_featured_image_src":{"full":["https:\/\/construcaocivil.siriusmarketingedesign.com.br\/wp-content\/uploads\/2021\/06\/Adam-Gray-by-BPPA-Black-Lives-Matter-mais-bem-vestidos-do-protesto-Nova-York.jpg",820,538,false],"thumbnail":["https:\/\/construcaocivil.siriusmarketingedesign.com.br\/wp-content\/uploads\/2021\/06\/Adam-Gray-by-BPPA-Black-Lives-Matter-mais-bem-vestidos-do-protesto-Nova-York-150x150.jpg",150,150,true],"medium":["https:\/\/construcaocivil.siriusmarketingedesign.com.br\/wp-content\/uploads\/2021\/06\/Adam-Gray-by-BPPA-Black-Lives-Matter-mais-bem-vestidos-do-protesto-Nova-York-300x197.jpg",300,197,true],"medium_large":["https:\/\/construcaocivil.siriusmarketingedesign.com.br\/wp-content\/uploads\/2021\/06\/Adam-Gray-by-BPPA-Black-Lives-Matter-mais-bem-vestidos-do-protesto-Nova-York-768x504.jpg",768,504,true],"large":["https:\/\/construcaocivil.siriusmarketingedesign.com.br\/wp-content\/uploads\/2021\/06\/Adam-Gray-by-BPPA-Black-Lives-Matter-mais-bem-vestidos-do-protesto-Nova-York.jpg",820,538,false],"1536x1536":["https:\/\/construcaocivil.siriusmarketingedesign.com.br\/wp-content\/uploads\/2021\/06\/Adam-Gray-by-BPPA-Black-Lives-Matter-mais-bem-vestidos-do-protesto-Nova-York.jpg",820,538,false],"2048x2048":["https:\/\/construcaocivil.siriusmarketingedesign.com.br\/wp-content\/uploads\/2021\/06\/Adam-Gray-by-BPPA-Black-Lives-Matter-mais-bem-vestidos-do-protesto-Nova-York.jpg",820,538,false]},"uagb_author_info":{"display_name":"Jornal da Constru\u00e7\u00e3o Civil","author_link":"https:\/\/construcaocivil.siriusmarketingedesign.com.br\/?author=1"},"uagb_comment_info":0,"uagb_excerpt":"Maio, 2021 &#8211; Um fot\u00f3grafo brit\u00e2nico radicado em Nova York, Adam Gray, foi o vencedor do pr\u00eamio BPPA Press Photographer of the Year,\u00a0organizado pela\u00a0British Press Photographers Association,\u00a0que representa os fotojornalistas da m\u00eddia brit\u00e2nica.\u00a0Gray ficou em primeiro lugar em duas das 10 categorias do concurso,\u00a0Ensaio Fotogr\u00e1fico do Ano e Ensaio Covid-19,\u00a0e assim somou invididualmente o maior&hellip;","_links":{"self":[{"href":"https:\/\/construcaocivil.siriusmarketingedesign.com.br\/index.php?rest_route=\/wp\/v2\/posts\/16587","targetHints":{"allow":["GET"]}}],"collection":[{"href":"https:\/\/construcaocivil.siriusmarketingedesign.com.br\/index.php?rest_route=\/wp\/v2\/posts"}],"about":[{"href":"https:\/\/construcaocivil.siriusmarketingedesign.com.br\/index.php?rest_route=\/wp\/v2\/types\/post"}],"author":[{"embeddable":true,"href":"https:\/\/construcaocivil.siriusmarketingedesign.com.br\/index.php?rest_route=\/wp\/v2\/users\/1"}],"replies":[{"embeddable":true,"href":"https:\/\/construcaocivil.siriusmarketingedesign.com.br\/index.php?rest_route=%2Fwp%2Fv2%2Fcomments&post=16587"}],"version-history":[{"count":0,"href":"https:\/\/construcaocivil.siriusmarketingedesign.com.br\/index.php?rest_route=\/wp\/v2\/posts\/16587\/revisions"}],"wp:featuredmedia":[{"embeddable":true,"href":"https:\/\/construcaocivil.siriusmarketingedesign.com.br\/index.php?rest_route=\/wp\/v2\/media\/16588"}],"wp:attachment":[{"href":"https:\/\/construcaocivil.siriusmarketingedesign.com.br\/index.php?rest_route=%2Fwp%2Fv2%2Fmedia&parent=16587"}],"wp:term":[{"taxonomy":"category","embeddable":true,"href":"https:\/\/construcaocivil.siriusmarketingedesign.com.br\/index.php?rest_route=%2Fwp%2Fv2%2Fcategories&post=16587"},{"taxonomy":"post_tag","embeddable":true,"href":"https:\/\/construcaocivil.siriusmarketingedesign.com.br\/index.php?rest_route=%2Fwp%2Fv2%2Ftags&post=16587"}],"curies":[{"name":"wp","href":"https:\/\/api.w.org\/{rel}","templated":true}]}}