{"id":1663,"date":"2016-05-06T21:04:34","date_gmt":"2016-05-06T21:04:34","guid":{"rendered":"http:\/\/www.jornaldaconstrucaocivil.com.br\/?p=1663"},"modified":"2016-05-06T21:04:34","modified_gmt":"2016-05-06T21:04:34","slug":"saude-e-beleza-marcam-comemoracao-das-maes-do-vida-em-movimento","status":"publish","type":"post","link":"https:\/\/construcaocivil.siriusmarketingedesign.com.br\/?p=1663","title":{"rendered":"Sa\u00fade e beleza marcam comemora\u00e7\u00e3o das m\u00e3es do Vida em Movimento"},"content":{"rendered":"<p><span style=\"color: #000000;\">Muita emo\u00e7\u00e3o e anima\u00e7\u00e3o marcaram a festa do dia das m\u00e3es do programa Vida em Movimento da Prefeitura de Itabora\u00ed, na manh\u00e3 dessa sexta-feira (06\/05) na sede do projeto, no Centro. Cerca de 40 idosas, que tamb\u00e9m s\u00e3o alunas do EJA (Escola para Jovens e Adultos), assistiram uma palestra sobre sa\u00fade na terceira idade, receberam presentes pelo Dia das M\u00e3es e participaram um de <strong>&#8220;roda de beleza&#8221;<\/strong> onde tiveram oportunidade de fazer limpeza de pele, maquiagem, sobrancelha, manicure e corte de cabelo gr\u00e1tis.<\/span><\/p>\n<figure id=\"attachment_1664\" aria-describedby=\"caption-attachment-1664\" style=\"width: 300px\" class=\"wp-caption alignleft\"><a href=\"http:\/\/www.jornaldaconstrucaocivil.com.br\/wp-content\/uploads\/2016\/05\/PROJETO.jpg\"><img loading=\"lazy\" decoding=\"async\" class=\"wp-image-1664 size-medium\" src=\"http:\/\/www.jornaldaconstrucaocivil.com.br\/wp-content\/uploads\/2016\/05\/PROJETO-300x200.jpg\" alt=\"PROJETO\" width=\"300\" height=\"200\" \/><\/a><figcaption id=\"caption-attachment-1664\" class=\"wp-caption-text\"><span style=\"color: #008000;\">A nutricionista Larissa Caldas e a assistente social Maria Aparecida fizeram palestra no Projeto Vida em Movimento &#8211;<span style=\"color: #0000ff;\"> foto Sandro Giron<\/span><\/span><\/figcaption><\/figure>\n<p><span style=\"color: #000000;\">O evento, que j\u00e1 vem sendo realizado desde ter\u00e7a-feira (3\/5), na sede do programa, contempla os 23 polos espalhados pela cidade. A comemora\u00e7\u00e3o, que vai se estender at\u00e9 a pr\u00f3xima ter\u00e7a-feira (9\/5), pretende recepcionar todas as 1.700 senhoras que participam do projeto com tratamento de beleza e um lanche especial.<\/span><\/p>\n<p><span style=\"color: #003366;\"><em>\u00a0<\/em><\/span><span style=\"color: #000000;\"><span style=\"color: #003366;\"><em>\u201cElas merecem, j\u00e1 passaram por muitas coisas na vida e agora precisamos mostrar o quanto s\u00e3o importantes. Todas saem daqui felizes e mais lindas do que j\u00e1 s\u00e3o. O nosso objetivo \u00e9 estimular nelas a autoestima. Por isso, distribu\u00edmos um porta-retratos com a foto de cada uma. Elas se olham e veem como est\u00e3o felizes\u201d,<\/em> <\/span>disse a coordenadora do Vida em Movimento, Ana Cardozo.<\/span><\/p>\n<p><span style=\"color: #000000;\">A nutricionista Larissa Caldas e a assistente social Maria Aparecida Coelho, ambos do Programa de Sa\u00fade do Idoso (PSI), fizeram uma palestra sobre a sa\u00fade do idoso e comandaram um bate papo leve e esclarecedor, sobre temas como alimenta\u00e7\u00e3o e sa\u00fade \u00edntima.<\/span><\/p>\n<p><span style=\"color: #000000;\">M\u00e3e de sete filhos, Eliete Ferreira, 65 anos, adorou o evento. Segundo ela, o Vida em Movimento fez com que ela deixasse de ser apenas uma vi\u00fava e dona de casa.<\/span><\/p>\n<p><span style=\"color: #000000;\">\u201cMeus filhos j\u00e1 est\u00e3o criados e agora \u00e9 minha vez. Hoje estudo, estou na primeira fase do EJA, fa\u00e7o croch\u00ea, bordado, aulas de inform\u00e1tica e gin\u00e1stica. N\u00e3o paro sen\u00e3o a cabe\u00e7a para tamb\u00e9m. Essa palestra de hoje ent\u00e3o foi maravilhosa pra mim. Fiz um exame que acusou uma altera\u00e7\u00e3o na taxa de glicose.Agora, estou aqui aprendendo o que posso ou n\u00e3o comer\u201d, disse Eliete.<\/span><\/p>\n<p><span style=\"color: #993300;\"><strong>O que \u00e9 o Projeto Vida em Movimento<\/strong><\/span><\/p>\n<p><span style=\"color: #000000;\">O Vida em Movimento atende aproximadamente duas mil pessoas no munic\u00edpio, entre homens e mulheres a partir dos 50 anos. O objetivo \u00e9 resgatar a autoestima e proporcionar melhor qualidade de vida. S\u00e3o oferecidas atividades f\u00edsicas orientadas por professores especializados, que incluem exerc\u00edcios de alongamento e um trabalho espec\u00edfico para as articula\u00e7\u00f5es, melhorando a for\u00e7a e o equil\u00edbrio. O projeto conta ainda com aulas de inform\u00e1tica, hidrogin\u00e1stica, Educa\u00e7\u00e3o de Jovens e Adultos (EJA), corte e costura, dan\u00e7a de sal\u00e3o, pintura em tela, pintura em tecido, croch\u00ea, tric\u00f4, vagonite e outros.<\/span><\/p>\n<p><span style=\"color: #000000;\">O EJA de Itabora\u00ed recebeu uma men\u00e7\u00e3o honrosa na entrega da Medalha Paulo Freire, um dos mais relevantes pr\u00eamios do Minist\u00e9rio da Educa\u00e7\u00e3o (MEC) por realizar uma experi\u00eancia voltada para a educa\u00e7\u00e3o dos idosos. O projeto ficou entre as 10 melhores iniciativas do Brasil, sendo o \u00fanico finalista do Estado do Rio de Janeiro.<\/span><\/p>\n","protected":false},"excerpt":{"rendered":"<p>Muita emo\u00e7\u00e3o e anima\u00e7\u00e3o marcaram a festa do dia das m\u00e3es do programa Vida em Movimento da Prefeitura de Itabora\u00ed, na manh\u00e3 dessa sexta-feira (06\/05) na sede do projeto, no Centro. Cerca de 40 idosas, que tamb\u00e9m s\u00e3o alunas do EJA (Escola para Jovens e Adultos), assistiram uma palestra sobre sa\u00fade na terceira idade, receberam [&hellip;]<\/p>\n","protected":false},"author":1,"featured_media":1664,"comment_status":"open","ping_status":"open","sticky":false,"template":"","format":"standard","meta":{"_uag_custom_page_level_css":"","footnotes":""},"categories":[37],"tags":[694,4007,4008,6421,8310,9736],"class_list":["post-1663","post","type-post","status-publish","format-standard","has-post-thumbnail","hentry","category-sustentabilidade","tag-ana-cardozo-coordenadora","tag-eja","tag-eja-itaborai","tag-itaborai-rj","tag-nutricionista-larissa-caldas","tag-projeto-vida-em-movimento"],"blocksy_meta":[],"spectra_blocks_featured_image_url":[],"spectra_blocks_author_info":{"display_name":"Jornal da Constru\u00e7\u00e3o Civil","avatar_url":"https:\/\/secure.gravatar.com\/avatar\/973c9774fd44ddaceb026973c4962faa70fc512bc4c9da68e8ebb40fecee6540?s=96&d=mm&r=g","author_link":"https:\/\/construcaocivil.siriusmarketingedesign.com.br\/?author=1","description":"Desde de 2013, levando muitas informa\u00e7\u00f5es, lan\u00e7amentos e produtos de qualidade para toda cadeia produtiva da constru\u00e7\u00e3o. O Futuro da constru\u00e7\u00e3o passa por aqui,"},"uagb_featured_image_src":{"full":false,"thumbnail":false,"medium":false,"medium_large":false,"large":false,"1536x1536":false,"2048x2048":false},"uagb_author_info":{"display_name":"Jornal da Constru\u00e7\u00e3o Civil","author_link":"https:\/\/construcaocivil.siriusmarketingedesign.com.br\/?author=1"},"uagb_comment_info":0,"uagb_excerpt":"Muita emo\u00e7\u00e3o e anima\u00e7\u00e3o marcaram a festa do dia das m\u00e3es do programa Vida em Movimento da Prefeitura de Itabora\u00ed, na manh\u00e3 dessa sexta-feira (06\/05) na sede do projeto, no Centro. Cerca de 40 idosas, que tamb\u00e9m s\u00e3o alunas do EJA (Escola para Jovens e Adultos), assistiram uma palestra sobre sa\u00fade na terceira idade, receberam&hellip;","_links":{"self":[{"href":"https:\/\/construcaocivil.siriusmarketingedesign.com.br\/index.php?rest_route=\/wp\/v2\/posts\/1663","targetHints":{"allow":["GET"]}}],"collection":[{"href":"https:\/\/construcaocivil.siriusmarketingedesign.com.br\/index.php?rest_route=\/wp\/v2\/posts"}],"about":[{"href":"https:\/\/construcaocivil.siriusmarketingedesign.com.br\/index.php?rest_route=\/wp\/v2\/types\/post"}],"author":[{"embeddable":true,"href":"https:\/\/construcaocivil.siriusmarketingedesign.com.br\/index.php?rest_route=\/wp\/v2\/users\/1"}],"replies":[{"embeddable":true,"href":"https:\/\/construcaocivil.siriusmarketingedesign.com.br\/index.php?rest_route=%2Fwp%2Fv2%2Fcomments&post=1663"}],"version-history":[{"count":0,"href":"https:\/\/construcaocivil.siriusmarketingedesign.com.br\/index.php?rest_route=\/wp\/v2\/posts\/1663\/revisions"}],"wp:attachment":[{"href":"https:\/\/construcaocivil.siriusmarketingedesign.com.br\/index.php?rest_route=%2Fwp%2Fv2%2Fmedia&parent=1663"}],"wp:term":[{"taxonomy":"category","embeddable":true,"href":"https:\/\/construcaocivil.siriusmarketingedesign.com.br\/index.php?rest_route=%2Fwp%2Fv2%2Fcategories&post=1663"},{"taxonomy":"post_tag","embeddable":true,"href":"https:\/\/construcaocivil.siriusmarketingedesign.com.br\/index.php?rest_route=%2Fwp%2Fv2%2Ftags&post=1663"}],"curies":[{"name":"wp","href":"https:\/\/api.w.org\/{rel}","templated":true}]}}