{"id":16633,"date":"2021-06-14T19:59:46","date_gmt":"2021-06-14T22:59:46","guid":{"rendered":"https:\/\/www.jornaldaconstrucaocivil.com.br\/?p=16633"},"modified":"2023-02-18T21:19:59","modified_gmt":"2023-02-19T00:19:59","slug":"mradia-digna-projeto-reforma-casa-de-jovem-com-necessidade-especial","status":"publish","type":"post","link":"https:\/\/construcaocivil.siriusmarketingedesign.com.br\/?p=16633","title":{"rendered":"Mradia Digna: Projeto reforma casa de\u202fjovem com necessidade especial"},"content":{"rendered":"<p style=\"text-align: justify;\">Junho, 2021 &#8211; Reformar a casa \u00e9 a vontade de muitos brasileiros, mas para as pessoas com defici\u00eancia esse desejo de ter um ambiente acess\u00edvel \u00e9 ainda maior. E para aqueles que vivem em situa\u00e7\u00e3o de vulnerabilidade social \u00e9 mais dif\u00edcil ainda, conseguir ter em suas resid\u00eancias as adapta\u00e7\u00f5es necess\u00e1rias para manter o conforto no dia a dia.<\/p>\n<p>Pensando no bem-estar dessas pessoas, o\u00a0<span style=\"color: #0000ff;\">Instituto MPD,<\/span>\u00a0organiza\u00e7\u00e3o sem fins\u202flucrativos criado pela construtora\u202f<span style=\"color: #0000ff;\">\u00a0MPD Engenharia,<\/span>\u00a0firmou uma parceria com o projeto Jo\u00e3o de Barro, da\u202fAssocia\u00e7\u00e3o Beneficente Comunidade de Amor Rainha da Paz, uma Organiza\u00e7\u00e3o da Sociedade Civil (OSC),\u202fque reabilita pessoas com defici\u00eancia, apoiando e orientando suas fam\u00edlias.<\/p>\n<p>Diante disso, h\u00e1 tr\u00eas meses a casa da jovem de 18 anos,\u202fGeovana da Silva Barbosa,\u202fmoradora de Santana de Parna\u00edba, munic\u00edpio de S\u00e3o Paulo, passou por uma intensa reforma para proporcion\u00e1-la com um lar seguro e aconchegante, que foi entregue no in\u00edcio do m\u00eas de junho. A adolescente que possui defici\u00eancia\u202ftoxoplasmose cong\u00eanita, paralisia cerebral e defici\u00eancia visual\u202fdesde o seu\u202fnascimento\u202fencontrava dificuldades de locomo\u00e7\u00e3o no local. Por isso, foram realizadas diversas adapta\u00e7\u00f5es e\u202fmelhorias para atender melhor \u00e0s suas necessidades do dia a dia.<\/p>\n<p>Detalhes do Projeto:<\/p>\n<p>&#8211; O processo de reforma foi realizado e acompanhado por arquitetos, engenheiros, entre outros colaboradores\u202fda MPD Engenharia e volunt\u00e1rios\u202fdo Instituto MPD. Eles\u202fque\u202fdesenvolveram o projeto e verificaram as interven\u00e7\u00f5es e readequa\u00e7\u00f5es\u202fdo im\u00f3vel\u202fatendendo\u202fas\u202f<wbr \/>necessidades e limita\u00e7\u00f5es;<\/p>\n<p>&#8211; Todo o material utilizado na reforma da casa, como piso, portas, janelas, fia\u00e7\u00e3o, entre outros, s\u00e3o de alta qualidade e s\u00e3o os mesmos utilizados nos empreendimentos da MPD Engenharia;<\/p>\n<p>&#8211; Al\u00e9m da reforma, o Instituto MPD tamb\u00e9m doou m\u00f3veis novos e utens\u00edlios dom\u00e9sticos;<\/p>\n<p>&#8211; No segundo semestre ser\u00e1 selecionada outra fam\u00edlia para que seja realizada uma nova reforma, tamb\u00e9m em parceria com a Associa\u00e7\u00e3o Rainha da Paz. A organiza\u00e7\u00e3o que atende mais de 400 fam\u00edlias possui um cadastro atualizado de todas elas e periodicamente verifica suas necessidades para que tamb\u00e9m possam ser beneficiadas pelo projeto Jo\u00e3o de Barro.<\/p>\n","protected":false},"excerpt":{"rendered":"<p>Junho, 2021 &#8211; Reformar a casa \u00e9 a vontade de muitos brasileiros, mas para as pessoas com defici\u00eancia esse desejo de ter um ambiente acess\u00edvel \u00e9 ainda maior. E para aqueles que vivem em situa\u00e7\u00e3o de vulnerabilidade social \u00e9 mais dif\u00edcil ainda, conseguir ter em suas resid\u00eancias as adapta\u00e7\u00f5es necess\u00e1rias para manter o conforto no [&hellip;]<\/p>\n","protected":false},"author":1,"featured_media":16634,"comment_status":"open","ping_status":"open","sticky":false,"template":"","format":"standard","meta":{"_uag_custom_page_level_css":"","footnotes":""},"categories":[30],"tags":[21365,21364,21363,20526,7191,21150,20528,20738,10626],"class_list":["post-16633","post","type-post","status-publish","format-standard","has-post-thumbnail","hentry","category-imoveis","tag-casa-solucoes-sociais","tag-casa-e-imoveis","tag-casas-pcd","tag-instituto-mpd","tag-mao-de-obra","tag-moradia-digna","tag-mpd-engenharia","tag-reformas-e-reparos","tag-santana-do-parnaiba-sp"],"blocksy_meta":[],"spectra_blocks_featured_image_url":{"thumbnail":{"url":"https:\/\/construcaocivil.siriusmarketingedesign.com.br\/wp-content\/uploads\/2021\/06\/unnamed-150x150.jpg","width":150,"height":150},"medium":{"url":"https:\/\/construcaocivil.siriusmarketingedesign.com.br\/wp-content\/uploads\/2021\/06\/unnamed-300x203.jpg","width":300,"height":203},"medium_large":{"url":"https:\/\/construcaocivil.siriusmarketingedesign.com.br\/wp-content\/uploads\/2021\/06\/unnamed.jpg","width":714,"height":482},"large":{"url":"https:\/\/construcaocivil.siriusmarketingedesign.com.br\/wp-content\/uploads\/2021\/06\/unnamed.jpg","width":714,"height":482},"full":{"url":"https:\/\/construcaocivil.siriusmarketingedesign.com.br\/wp-content\/uploads\/2021\/06\/unnamed.jpg","width":714,"height":482}},"spectra_blocks_author_info":{"display_name":"Jornal da Constru\u00e7\u00e3o Civil","avatar_url":"https:\/\/secure.gravatar.com\/avatar\/973c9774fd44ddaceb026973c4962faa70fc512bc4c9da68e8ebb40fecee6540?s=96&d=mm&r=g","author_link":"https:\/\/construcaocivil.siriusmarketingedesign.com.br\/?author=1","description":"Desde de 2013, levando muitas informa\u00e7\u00f5es, lan\u00e7amentos e produtos de qualidade para toda cadeia produtiva da constru\u00e7\u00e3o. O Futuro da constru\u00e7\u00e3o passa por aqui,"},"uagb_featured_image_src":{"full":["https:\/\/construcaocivil.siriusmarketingedesign.com.br\/wp-content\/uploads\/2021\/06\/unnamed.jpg",714,482,false],"thumbnail":["https:\/\/construcaocivil.siriusmarketingedesign.com.br\/wp-content\/uploads\/2021\/06\/unnamed-150x150.jpg",150,150,true],"medium":["https:\/\/construcaocivil.siriusmarketingedesign.com.br\/wp-content\/uploads\/2021\/06\/unnamed-300x203.jpg",300,203,true],"medium_large":["https:\/\/construcaocivil.siriusmarketingedesign.com.br\/wp-content\/uploads\/2021\/06\/unnamed.jpg",714,482,false],"large":["https:\/\/construcaocivil.siriusmarketingedesign.com.br\/wp-content\/uploads\/2021\/06\/unnamed.jpg",714,482,false],"1536x1536":["https:\/\/construcaocivil.siriusmarketingedesign.com.br\/wp-content\/uploads\/2021\/06\/unnamed.jpg",714,482,false],"2048x2048":["https:\/\/construcaocivil.siriusmarketingedesign.com.br\/wp-content\/uploads\/2021\/06\/unnamed.jpg",714,482,false]},"uagb_author_info":{"display_name":"Jornal da Constru\u00e7\u00e3o Civil","author_link":"https:\/\/construcaocivil.siriusmarketingedesign.com.br\/?author=1"},"uagb_comment_info":0,"uagb_excerpt":"Junho, 2021 &#8211; Reformar a casa \u00e9 a vontade de muitos brasileiros, mas para as pessoas com defici\u00eancia esse desejo de ter um ambiente acess\u00edvel \u00e9 ainda maior. E para aqueles que vivem em situa\u00e7\u00e3o de vulnerabilidade social \u00e9 mais dif\u00edcil ainda, conseguir ter em suas resid\u00eancias as adapta\u00e7\u00f5es necess\u00e1rias para manter o conforto no&hellip;","_links":{"self":[{"href":"https:\/\/construcaocivil.siriusmarketingedesign.com.br\/index.php?rest_route=\/wp\/v2\/posts\/16633","targetHints":{"allow":["GET"]}}],"collection":[{"href":"https:\/\/construcaocivil.siriusmarketingedesign.com.br\/index.php?rest_route=\/wp\/v2\/posts"}],"about":[{"href":"https:\/\/construcaocivil.siriusmarketingedesign.com.br\/index.php?rest_route=\/wp\/v2\/types\/post"}],"author":[{"embeddable":true,"href":"https:\/\/construcaocivil.siriusmarketingedesign.com.br\/index.php?rest_route=\/wp\/v2\/users\/1"}],"replies":[{"embeddable":true,"href":"https:\/\/construcaocivil.siriusmarketingedesign.com.br\/index.php?rest_route=%2Fwp%2Fv2%2Fcomments&post=16633"}],"version-history":[{"count":0,"href":"https:\/\/construcaocivil.siriusmarketingedesign.com.br\/index.php?rest_route=\/wp\/v2\/posts\/16633\/revisions"}],"wp:featuredmedia":[{"embeddable":true,"href":"https:\/\/construcaocivil.siriusmarketingedesign.com.br\/index.php?rest_route=\/wp\/v2\/media\/16634"}],"wp:attachment":[{"href":"https:\/\/construcaocivil.siriusmarketingedesign.com.br\/index.php?rest_route=%2Fwp%2Fv2%2Fmedia&parent=16633"}],"wp:term":[{"taxonomy":"category","embeddable":true,"href":"https:\/\/construcaocivil.siriusmarketingedesign.com.br\/index.php?rest_route=%2Fwp%2Fv2%2Fcategories&post=16633"},{"taxonomy":"post_tag","embeddable":true,"href":"https:\/\/construcaocivil.siriusmarketingedesign.com.br\/index.php?rest_route=%2Fwp%2Fv2%2Ftags&post=16633"}],"curies":[{"name":"wp","href":"https:\/\/api.w.org\/{rel}","templated":true}]}}