{"id":16636,"date":"2021-06-14T20:21:06","date_gmt":"2021-06-14T23:21:06","guid":{"rendered":"https:\/\/www.jornaldaconstrucaocivil.com.br\/?p=16636"},"modified":"2023-02-18T21:20:09","modified_gmt":"2023-02-19T00:20:09","slug":"smart-con-debate-novas-tecnologias-para-engenharia","status":"publish","type":"post","link":"https:\/\/construcaocivil.siriusmarketingedesign.com.br\/?p=16636","title":{"rendered":"Smart.Con debate novas tecnologias para Engenharia"},"content":{"rendered":"<div style=\"text-align: justify;\"><span style=\"color: #993300;\">Junho<\/span>, 2021 &#8211; Nos pr\u00f3ximos dias 06 e 07 de julho profissionais das \u00e1reas de Engenharia, Projetos, Opera\u00e7\u00f5es e Novos Neg\u00f3cios ter\u00e3o a oportunidade de aprofundar seus conhecimentos na primeira edi\u00e7\u00e3o da <span style=\"color: #0000ff;\">Smart.Con<\/span>, que ter\u00e1 transmiss\u00e3o 100% digital. O evento, que conta com conta com o\u00a0Grupo AIZ\u00a0como Patrocinador Diamante,<span style=\"color: #0000ff;\">\u00a0<a style=\"color: #0000ff;\" href=\"https:\/\/yvegeenenislale.i-mpr.com\/link.php?code=bDpodHRwcyUzQSUyRiUyRnd3dy5kb2N1c2lnbi5jb20uYnIlMkY6MjY3MzcxMzc1NTp3ZWJvYnJhc0BnbWFpbC5jb206MTU5MmFk\" target=\"_blank\" rel=\"noopener\" data-saferedirecturl=\"https:\/\/www.google.com\/url?q=https:\/\/yvegeenenislale.i-mpr.com\/link.php?code%3DbDpodHRwcyUzQSUyRiUyRnd3dy5kb2N1c2lnbi5jb20uYnIlMkY6MjY3MzcxMzc1NTp3ZWJvYnJhc0BnbWFpbC5jb206MTU5MmFk&amp;source=gmail&amp;ust=1623798248840000&amp;usg=AFQjCNEKUpQgcmYMjK8ge0127hOkF2sSxQ\">Docusign\u00a0<\/a><\/span>como Patrocinador Prata, e\u00a0<span style=\"color: #0000ff;\">Komatsu\u00a0<\/span>como Patrocinador Bronze, abrigar\u00e1 uma extensa grade de palestras com cases e profissionais de renome com objetivo de disseminar conte\u00fado e troca de experi\u00eancias.<\/p>\n<\/div>\n<div style=\"text-align: justify;\">\n<div>No primeiro dia de evento, 06 de julho, o destaque fica para a palestra sobre as Possibilidades da Engenharia Inteligente na qual Arthur Costa Sousa, vice-presidente da Concremat Engenharia, Paulo Vandor, strategy advisor &amp; head of S\u00e3o Paulo Office da L.E.K. Consulting e Diego Mendes, CEO da ConstruCode, v\u00e3o abordar as principais tend\u00eancias globais, quais s\u00e3o as transforma\u00e7\u00f5es no setor e seu uso na cadeia da constru\u00e7\u00e3o al\u00e9m de analisar os resultados e impactos na gest\u00e3o da obra.<\/div>\n<\/div>\n<div style=\"text-align: justify;\">\n<div><\/div>\n<p>Outro ponto que chama a aten\u00e7\u00e3o no primeiro dia do evento \u00e9 a apresenta\u00e7\u00e3o sobre a Racionaliza\u00e7\u00e3o Construtiva no Parque da Cidade, a transforma\u00e7\u00e3o do canteiro de obras em centrais de montagem, adapta\u00e7\u00e3o de conceitos da ind\u00fastria automobil\u00edstica para promover a efetiva inova\u00e7\u00e3o em constru\u00e7\u00e3o civil. Camila Silva e Pedro Ivo, ambos da Matec Engenharia, apresentar\u00e3o o case da empresa, que utiliza uma s\u00e9rie de ferramentas tecnol\u00f3gicas para garantir a produtividade e minimiza\u00e7\u00e3o de riscos em seus canteiros de obras.<\/p>\n<div>J\u00e1 no segundo e \u00faltimo dia de\u00a0Smart.Con, 07 de julho, um dos temas mais aguardados \u00e9 com foco em sustentabilidade. Os debatedores Fabr\u00edcio Soler, s\u00f3cio da Felsberg Advogados e consultor do Banco Mundial, Johannes Kingber, consultor, e Luiz Henrique Ferreira, CEO da Inovatech Engenharia, prometem aprofundar seus conhecimentos a cerca da concep\u00e7\u00e3o e execu\u00e7\u00e3o de projetos com vistas \u00e0s certifica\u00e7\u00f5es de sustentabilidade. Entre os pontos a serem debatidos est\u00e3o as premissas para implementar sistemas avan\u00e7ados e sustent\u00e1veis para obten\u00e7\u00e3o da certifica\u00e7\u00e3o LEED, auditoria ambiental, aspectos jur\u00eddicos em sustentabilidade, a import\u00e2ncia de se investir em comunica\u00e7\u00e3o internas para disseminar as pr\u00e1ticas sustent\u00e1veis.<\/p>\n<\/div>\n<div>Ainda no dia 07 de julho os participantes tamb\u00e9m poder\u00e3o acompanhar palestra focada em tecnologia, especificamente a impress\u00e3o 3D aplicada \u00e0 fase do projeto e as redu\u00e7\u00f5es de custo nos processos construtivos. Fabio Andreosi, professor do curso de especializa\u00e7\u00e3o em Ind\u00fastria 4.0 da Universidade Tecnol\u00f3gica do Paran\u00e1, ir\u00e1 analisar o atual cen\u00e1rio da impress\u00e3o 3D no Brasil, sua viabilidade e aplicabilidade, al\u00e9m de explanar a respeito nas novas fronteiras e desafios para expans\u00e3o tecnol\u00f3gica.<\/p>\n<\/div>\n<div>A\u00a0Smart.Con, organizada pela Messe Muenchen do Brasil, em parceria com a Sobratema (Associa\u00e7\u00e3o Brasileira de Tecnologia para Constru\u00e7\u00e3o e Minera\u00e7\u00e3o), tem a programa\u00e7\u00e3o completa e a lista de convidados participantes disponibilizada no site oficial do evento e o \u00faltimo lote de inscri\u00e7\u00f5es com valores especiais se encerra em breve.<\/p>\n<\/div>\n<div>Saiba mais sobre a Smart.Con em\u00a0<span style=\"color: #0000ff;\"><a style=\"color: #0000ff;\" href=\"https:\/\/www.exposmartcon.com.br\/\" target=\"_blank\" rel=\"noopener\" data-saferedirecturl=\"https:\/\/www.google.com\/url?q=https:\/\/www.exposmartcon.com.br&amp;source=gmail&amp;ust=1623798248840000&amp;usg=AFQjCNEOB4KPCGyAKGAEhKc6hJY63h8LFw\">https:\/\/www.exposmartcon.com.<wbr \/>br<\/a><\/span><\/div>\n<\/div>\n","protected":false},"excerpt":{"rendered":"<p>Junho, 2021 &#8211; Nos pr\u00f3ximos dias 06 e 07 de julho profissionais das \u00e1reas de Engenharia, Projetos, Opera\u00e7\u00f5es e Novos Neg\u00f3cios ter\u00e3o a oportunidade de aprofundar seus conhecimentos na primeira edi\u00e7\u00e3o da Smart.Con, que ter\u00e1 transmiss\u00e3o 100% digital. O evento, que conta com conta com o\u00a0Grupo AIZ\u00a0como Patrocinador Diamante,\u00a0Docusign\u00a0como Patrocinador Prata, e\u00a0Komatsu\u00a0como Patrocinador Bronze, abrigar\u00e1 [&hellip;]<\/p>\n","protected":false},"author":1,"featured_media":16637,"comment_status":"open","ping_status":"open","sticky":false,"template":"","format":"standard","meta":{"_uag_custom_page_level_css":"","footnotes":""},"categories":[33],"tags":[19225,21366,12623,21368,21367],"class_list":["post-16636","post","type-post","status-publish","format-standard","has-post-thumbnail","hentry","category-mercado","tag-projetos-de-engenharia","tag-smart-con","tag-sobratema","tag-solucoes-para-construcao-pesada","tag-tecnologias-na-engenharia"],"blocksy_meta":[],"spectra_blocks_featured_image_url":{"thumbnail":{"url":"https:\/\/construcaocivil.siriusmarketingedesign.com.br\/wp-content\/uploads\/2021\/06\/unnamed-1-150x150.jpg","width":150,"height":150},"medium":{"url":"https:\/\/construcaocivil.siriusmarketingedesign.com.br\/wp-content\/uploads\/2021\/06\/unnamed-1-300x145.jpg","width":300,"height":145},"medium_large":{"url":"https:\/\/construcaocivil.siriusmarketingedesign.com.br\/wp-content\/uploads\/2021\/06\/unnamed-1.jpg","width":632,"height":305},"large":{"url":"https:\/\/construcaocivil.siriusmarketingedesign.com.br\/wp-content\/uploads\/2021\/06\/unnamed-1.jpg","width":632,"height":305},"full":{"url":"https:\/\/construcaocivil.siriusmarketingedesign.com.br\/wp-content\/uploads\/2021\/06\/unnamed-1.jpg","width":632,"height":305}},"spectra_blocks_author_info":{"display_name":"Jornal da Constru\u00e7\u00e3o Civil","avatar_url":"https:\/\/secure.gravatar.com\/avatar\/973c9774fd44ddaceb026973c4962faa70fc512bc4c9da68e8ebb40fecee6540?s=96&d=mm&r=g","author_link":"https:\/\/construcaocivil.siriusmarketingedesign.com.br\/?author=1","description":"Desde de 2013, levando muitas informa\u00e7\u00f5es, lan\u00e7amentos e produtos de qualidade para toda cadeia produtiva da constru\u00e7\u00e3o. O Futuro da constru\u00e7\u00e3o passa por aqui,"},"uagb_featured_image_src":{"full":["https:\/\/construcaocivil.siriusmarketingedesign.com.br\/wp-content\/uploads\/2021\/06\/unnamed-1.jpg",632,305,false],"thumbnail":["https:\/\/construcaocivil.siriusmarketingedesign.com.br\/wp-content\/uploads\/2021\/06\/unnamed-1-150x150.jpg",150,150,true],"medium":["https:\/\/construcaocivil.siriusmarketingedesign.com.br\/wp-content\/uploads\/2021\/06\/unnamed-1-300x145.jpg",300,145,true],"medium_large":["https:\/\/construcaocivil.siriusmarketingedesign.com.br\/wp-content\/uploads\/2021\/06\/unnamed-1.jpg",632,305,false],"large":["https:\/\/construcaocivil.siriusmarketingedesign.com.br\/wp-content\/uploads\/2021\/06\/unnamed-1.jpg",632,305,false],"1536x1536":["https:\/\/construcaocivil.siriusmarketingedesign.com.br\/wp-content\/uploads\/2021\/06\/unnamed-1.jpg",632,305,false],"2048x2048":["https:\/\/construcaocivil.siriusmarketingedesign.com.br\/wp-content\/uploads\/2021\/06\/unnamed-1.jpg",632,305,false]},"uagb_author_info":{"display_name":"Jornal da Constru\u00e7\u00e3o Civil","author_link":"https:\/\/construcaocivil.siriusmarketingedesign.com.br\/?author=1"},"uagb_comment_info":0,"uagb_excerpt":"Junho, 2021 &#8211; Nos pr\u00f3ximos dias 06 e 07 de julho profissionais das \u00e1reas de Engenharia, Projetos, Opera\u00e7\u00f5es e Novos Neg\u00f3cios ter\u00e3o a oportunidade de aprofundar seus conhecimentos na primeira edi\u00e7\u00e3o da Smart.Con, que ter\u00e1 transmiss\u00e3o 100% digital. O evento, que conta com conta com o\u00a0Grupo AIZ\u00a0como Patrocinador Diamante,\u00a0Docusign\u00a0como Patrocinador Prata, e\u00a0Komatsu\u00a0como Patrocinador Bronze, abrigar\u00e1&hellip;","_links":{"self":[{"href":"https:\/\/construcaocivil.siriusmarketingedesign.com.br\/index.php?rest_route=\/wp\/v2\/posts\/16636","targetHints":{"allow":["GET"]}}],"collection":[{"href":"https:\/\/construcaocivil.siriusmarketingedesign.com.br\/index.php?rest_route=\/wp\/v2\/posts"}],"about":[{"href":"https:\/\/construcaocivil.siriusmarketingedesign.com.br\/index.php?rest_route=\/wp\/v2\/types\/post"}],"author":[{"embeddable":true,"href":"https:\/\/construcaocivil.siriusmarketingedesign.com.br\/index.php?rest_route=\/wp\/v2\/users\/1"}],"replies":[{"embeddable":true,"href":"https:\/\/construcaocivil.siriusmarketingedesign.com.br\/index.php?rest_route=%2Fwp%2Fv2%2Fcomments&post=16636"}],"version-history":[{"count":0,"href":"https:\/\/construcaocivil.siriusmarketingedesign.com.br\/index.php?rest_route=\/wp\/v2\/posts\/16636\/revisions"}],"wp:featuredmedia":[{"embeddable":true,"href":"https:\/\/construcaocivil.siriusmarketingedesign.com.br\/index.php?rest_route=\/wp\/v2\/media\/16637"}],"wp:attachment":[{"href":"https:\/\/construcaocivil.siriusmarketingedesign.com.br\/index.php?rest_route=%2Fwp%2Fv2%2Fmedia&parent=16636"}],"wp:term":[{"taxonomy":"category","embeddable":true,"href":"https:\/\/construcaocivil.siriusmarketingedesign.com.br\/index.php?rest_route=%2Fwp%2Fv2%2Fcategories&post=16636"},{"taxonomy":"post_tag","embeddable":true,"href":"https:\/\/construcaocivil.siriusmarketingedesign.com.br\/index.php?rest_route=%2Fwp%2Fv2%2Ftags&post=16636"}],"curies":[{"name":"wp","href":"https:\/\/api.w.org\/{rel}","templated":true}]}}