{"id":16654,"date":"2021-06-16T21:22:35","date_gmt":"2021-06-17T00:22:35","guid":{"rendered":"https:\/\/www.jornaldaconstrucaocivil.com.br\/?p=16654"},"modified":"2021-06-16T21:22:35","modified_gmt":"2021-06-17T00:22:35","slug":"pesquisa-revela-deficit-de-imoveis-acima-de-dois-quartos-em-uberlandia","status":"publish","type":"post","link":"https:\/\/construcaocivil.siriusmarketingedesign.com.br\/?p=16654","title":{"rendered":"Pesquisa revela d\u00e9ficit de im\u00f3veis acima de dois quartos em Uberl\u00e2ndia"},"content":{"rendered":"<div id=\"message-htmlpart1\" class=\"message-htmlpart\">\n<div class=\"rcmBody\" dir=\"ltr\">\n<div>\n<div dir=\"ltr\">\n<div>\n<div dir=\"ltr\">\n<div>\n<div dir=\"ltr\">\n<div>\n<div dir=\"ltr\">\n<div>\n<div dir=\"ltr\">\n<div>\n<div dir=\"ltr\">\n<div dir=\"ltr\">\n<div>\n<div dir=\"ltr\">\n<div>\n<div dir=\"ltr\">\n<div dir=\"ltr\">\n<div dir=\"ltr\">\n<div dir=\"ltr\">\n<div dir=\"ltr\">\n<div>\n<div dir=\"ltr\">\n<div>\n<p style=\"text-align: justify;\"><span style=\"color: #993300;\">Uberl\u00e2ndia<\/span><b>, <\/b><span style=\"color: #993300;\">Junho <\/span><b>,<\/b><span style=\"color: #993300;\">2021 <\/span><b>&#8211; <\/b>Enquanto muitos setores da economia sentiram bruscamente o impacto da crise econ\u00f4mica gerada com a chegada da pandemia do novo coronav\u00edrus, o mercado imobili\u00e1rio se manteve ativo. Em Uberl\u00e2ndia, o ano de 2020 se sustentou aquecido para construtoras e incorporadoras e 2021 n\u00e3o ser\u00e1 diferente. Foi o que comprovou a pesquisa mais recente sobre o mercado imobili\u00e1rio encomenda pelo Sindicato da Ind\u00fastria da Constru\u00e7\u00e3o Civil do Tri\u00e2ngulo Mineiro e Alto Parana\u00edba (Sinduscon-Tap) ao Bureau de Intelig\u00eancia Corporativa (Brain).<\/p>\n<p style=\"text-align: justify;\">\u00a0\u00a0\u00a0No 1\u00b0 trimestre de 2021, foram lan\u00e7ados sete empreendimentos residenciais na cidade de Uberl\u00e2ndia, correspondendo a 976 unidades e VGV Lan\u00e7ado de R$ 239 milh\u00f5es. Nesse trimestre, as vendas fecharam com 2.458 unidades, sendo 1.993 unidades residenciais verticais, 510 unidades horizontais e 15 vendas nas unidades comerciais.<\/p>\n<p style=\"text-align: justify;\">\u00a0\u00a0\u00a0A pesquisa ainda revelou que a menor disponibilidade sobre a oferta lan\u00e7ada encontra-se no padr\u00e3o Luxo (3%).\u00a0\u00a0Desagregando a oferta residencial final do m\u00eas de mar\u00e7o\/21 por tipologia de n\u00famero de quartos, observou-se que 76,7% do total (2.174 unidades) eram de dois quartos e 20,1% (571 unidades) eram de tr\u00eas quartos.<\/p>\n<p style=\"text-align: justify;\"><b>Lan\u00e7amento \u00a0<\/b><\/p>\n<p style=\"text-align: justify;\">Para 2021, as expectativas para o mercado imobili\u00e1rio em Uberl\u00e2ndia s\u00e3o positivas. A Brasal Incorpora\u00e7\u00f5es, por exemplo, est\u00e1 a caminho do quarto lan\u00e7amento na cidade. O DUO \u00e9 um projeto que contempla apartamentos de 185 e 225 m\u00b2 com quatro su\u00edtes e penthouses de 448 e 453 m\u00b2 com cinco su\u00edtes e, como em todo empreendimento Brasal, vem cercado de m\u00faltiplos espa\u00e7os como coworking, espa\u00e7o kids, sal\u00e3o de festas, academia, playground, sauna\/descanso, piscina adulto e infantil, quadra esportiva e de street ball , entre outros.<\/p>\n<p style=\"text-align: justify;\">\u00a0\u00a0\u00a0De acordo com o gerente comercial da filial Uberl\u00e2ndia, Gustavo Cavalcante, existem duas op\u00e7\u00f5es de metragem com diferentes tipos de plantas (reversibilidade) para o cliente decidir qual \u00e9 o melhor para o momento de sua vida. &#8220;O consumidor pode escolher entre duas torres, com variedade nas op\u00e7\u00f5es de planta do apartamento, sendo metragem (185 ou 225m\u00b2), quantidade de su\u00edtes (tr\u00eas ou quatro) e se ser\u00e1 cozinha aberta ou fechada. Para este empreendimento, estamos falando com fam\u00edlias que valorizam a conviv\u00eancia, integra\u00e7\u00e3o e lazer. Sem contar a \u00e1rea de lazer que traz muitas op\u00e7\u00f5es, totalizando 16 espa\u00e7os de \u00e1reas comuns&#8221;, conta.<\/p>\n<p style=\"text-align: justify;\">\u00a0\u00a0\u00a0A procura por im\u00f3veis que ofere\u00e7am conforto, qualidade de vida, privacidade, contato com a natureza, boa localiza\u00e7\u00e3o, entre outros atributos, tem tornado os empreendimentos de alto padr\u00e3o sin\u00f4nimo de investimento. Isso \u00e9 refletido a cada lan\u00e7amento da Brasal, que tem comprovado as boas vendas. De acordo com o departamento comercial da Brasal, o Triad Vertical Residence, condom\u00ednio de tr\u00eas torres, j\u00e1 foi entregue e est\u00e1 com as \u00faltimas unidades dispon\u00edveis para venda.<\/p>\n<p style=\"text-align: justify;\">\u00a0\u00a0\u00a0O Sense Vertical Living tamb\u00e9m com tr\u00eas torres, ter\u00e1 a Sense Touch (96 apartamentos de 151 m\u00b2 e duas coberturas privativas de 315m\u00b2) entregue no segundo semestre deste ano, e a Sense Wind (92 apartamentos de 135m\u00b2 e duas coberturas privativas de 280m\u00b2) e a Sense Lumini (80 apartamentos de 115m\u00b2 e duas coberturas de 260m\u00b2) no primeiro semestre de 2022.<\/p>\n<p style=\"text-align: justify;\">\u00a0\u00a0\u00a0O Arven, que \u00e9 um empreendimento de torre \u00fanica e apenas 30 unidades, est\u00e1 iniciando a obra e j\u00e1 conta com mais de 37% dos apartamentos vendidos. &#8220;De todas as 455 unidades dos empreendimentos da Brasal lan\u00e7ados, a incorporadora vendeu 353 at\u00e9 o momento&#8221;, disse o gerente comercial da filial Uberl\u00e2ndia, Gustavo Cavalcante.<\/p>\n<p style=\"text-align: justify;\">\u00a0\u00a0\u00a0&#8220;Agora estamos lan\u00e7ando o DUO e j\u00e1 estamos com mais projetos engatilhados. A Brasal veio para Uberl\u00e2ndia com muita estrat\u00e9gia e projetos arrojados, mudando o cen\u00e1rio da cidade. Nosso objetivo \u00e9 trazer sempre empreendimentos que v\u00e3o ao encontro do que as pessoas almejam como moradia de qualidade e liberdade para adaptar a planta ao seu gosto. Queremos empregar pessoas, crescer junto com a regi\u00e3o Sul e refor\u00e7ar nossa marca na cidade a cada nova entrega&#8221;, ressalta o diretor da Brasal Incorpora\u00e7\u00f5es filial Uberl\u00e2ndia, Guilherme Sacramento.<\/p>\n<\/div>\n<\/div>\n<\/div>\n<\/div>\n<\/div>\n<\/div>\n<\/div>\n<\/div>\n<\/div>\n<\/div>\n<\/div>\n<\/div>\n<\/div>\n<\/div>\n<\/div>\n<\/div>\n<\/div>\n<\/div>\n<\/div>\n<\/div>\n<\/div>\n<\/div>\n<\/div>\n<\/div>\n<\/div>\n<\/div>\n<p class=\"image-attachment\" style=\"text-align: justify;\">\n","protected":false},"excerpt":{"rendered":"<p>Uberl\u00e2ndia, Junho ,2021 &#8211; Enquanto muitos setores da economia sentiram bruscamente o impacto da crise econ\u00f4mica gerada com a chegada da pandemia do novo coronav\u00edrus, o mercado imobili\u00e1rio se manteve ativo. Em Uberl\u00e2ndia, o ano de 2020 se sustentou aquecido para construtoras e incorporadoras e 2021 n\u00e3o ser\u00e1 diferente. Foi o que comprovou a pesquisa [&hellip;]<\/p>\n","protected":false},"author":1,"featured_media":16655,"comment_status":"open","ping_status":"open","sticky":false,"template":"","format":"standard","meta":{"_uag_custom_page_level_css":"","footnotes":""},"categories":[30],"tags":[12660,21385,21384,21386,7563,12020],"class_list":["post-16654","post","type-post","status-publish","format-standard","has-post-thumbnail","hentry","category-imoveis","tag-brasal-incorporacoes","tag-deficit-de-imoveis","tag-empreendimento-sense-vertical-living","tag-juros-selic","tag-mercado-imobiliario","tag-uberlandia-mg"],"blocksy_meta":[],"spectra_blocks_featured_image_url":{"thumbnail":{"url":"https:\/\/construcaocivil.siriusmarketingedesign.com.br\/wp-content\/uploads\/2021\/06\/Perspectiva-Ilustrada-do-Porte-Cochere-150x150.jpg","width":150,"height":150},"medium":{"url":"https:\/\/construcaocivil.siriusmarketingedesign.com.br\/wp-content\/uploads\/2021\/06\/Perspectiva-Ilustrada-do-Porte-Cochere-300x169.jpg","width":300,"height":169},"medium_large":{"url":"https:\/\/construcaocivil.siriusmarketingedesign.com.br\/wp-content\/uploads\/2021\/06\/Perspectiva-Ilustrada-do-Porte-Cochere-768x432.jpg","width":768,"height":432},"large":{"url":"https:\/\/construcaocivil.siriusmarketingedesign.com.br\/wp-content\/uploads\/2021\/06\/Perspectiva-Ilustrada-do-Porte-Cochere-1024x576.jpg","width":1024,"height":576},"full":{"url":"https:\/\/construcaocivil.siriusmarketingedesign.com.br\/wp-content\/uploads\/2021\/06\/Perspectiva-Ilustrada-do-Porte-Cochere.jpg","width":1920,"height":1080}},"spectra_blocks_author_info":{"display_name":"Jornal da Constru\u00e7\u00e3o Civil","avatar_url":"https:\/\/secure.gravatar.com\/avatar\/973c9774fd44ddaceb026973c4962faa70fc512bc4c9da68e8ebb40fecee6540?s=96&d=mm&r=g","author_link":"https:\/\/construcaocivil.siriusmarketingedesign.com.br\/?author=1","description":"Desde de 2013, levando muitas informa\u00e7\u00f5es, lan\u00e7amentos e produtos de qualidade para toda cadeia produtiva da constru\u00e7\u00e3o. O Futuro da constru\u00e7\u00e3o passa por aqui,"},"uagb_featured_image_src":{"full":["https:\/\/construcaocivil.siriusmarketingedesign.com.br\/wp-content\/uploads\/2021\/06\/Perspectiva-Ilustrada-do-Porte-Cochere.jpg",1920,1080,false],"thumbnail":["https:\/\/construcaocivil.siriusmarketingedesign.com.br\/wp-content\/uploads\/2021\/06\/Perspectiva-Ilustrada-do-Porte-Cochere-150x150.jpg",150,150,true],"medium":["https:\/\/construcaocivil.siriusmarketingedesign.com.br\/wp-content\/uploads\/2021\/06\/Perspectiva-Ilustrada-do-Porte-Cochere-300x169.jpg",300,169,true],"medium_large":["https:\/\/construcaocivil.siriusmarketingedesign.com.br\/wp-content\/uploads\/2021\/06\/Perspectiva-Ilustrada-do-Porte-Cochere-768x432.jpg",768,432,true],"large":["https:\/\/construcaocivil.siriusmarketingedesign.com.br\/wp-content\/uploads\/2021\/06\/Perspectiva-Ilustrada-do-Porte-Cochere-1024x576.jpg",1024,576,true],"1536x1536":["https:\/\/construcaocivil.siriusmarketingedesign.com.br\/wp-content\/uploads\/2021\/06\/Perspectiva-Ilustrada-do-Porte-Cochere-1536x864.jpg",1536,864,true],"2048x2048":["https:\/\/construcaocivil.siriusmarketingedesign.com.br\/wp-content\/uploads\/2021\/06\/Perspectiva-Ilustrada-do-Porte-Cochere.jpg",1920,1080,false]},"uagb_author_info":{"display_name":"Jornal da Constru\u00e7\u00e3o Civil","author_link":"https:\/\/construcaocivil.siriusmarketingedesign.com.br\/?author=1"},"uagb_comment_info":0,"uagb_excerpt":"Uberl\u00e2ndia, Junho ,2021 &#8211; Enquanto muitos setores da economia sentiram bruscamente o impacto da crise econ\u00f4mica gerada com a chegada da pandemia do novo coronav\u00edrus, o mercado imobili\u00e1rio se manteve ativo. Em Uberl\u00e2ndia, o ano de 2020 se sustentou aquecido para construtoras e incorporadoras e 2021 n\u00e3o ser\u00e1 diferente. Foi o que comprovou a pesquisa&hellip;","_links":{"self":[{"href":"https:\/\/construcaocivil.siriusmarketingedesign.com.br\/index.php?rest_route=\/wp\/v2\/posts\/16654","targetHints":{"allow":["GET"]}}],"collection":[{"href":"https:\/\/construcaocivil.siriusmarketingedesign.com.br\/index.php?rest_route=\/wp\/v2\/posts"}],"about":[{"href":"https:\/\/construcaocivil.siriusmarketingedesign.com.br\/index.php?rest_route=\/wp\/v2\/types\/post"}],"author":[{"embeddable":true,"href":"https:\/\/construcaocivil.siriusmarketingedesign.com.br\/index.php?rest_route=\/wp\/v2\/users\/1"}],"replies":[{"embeddable":true,"href":"https:\/\/construcaocivil.siriusmarketingedesign.com.br\/index.php?rest_route=%2Fwp%2Fv2%2Fcomments&post=16654"}],"version-history":[{"count":0,"href":"https:\/\/construcaocivil.siriusmarketingedesign.com.br\/index.php?rest_route=\/wp\/v2\/posts\/16654\/revisions"}],"wp:featuredmedia":[{"embeddable":true,"href":"https:\/\/construcaocivil.siriusmarketingedesign.com.br\/index.php?rest_route=\/wp\/v2\/media\/16655"}],"wp:attachment":[{"href":"https:\/\/construcaocivil.siriusmarketingedesign.com.br\/index.php?rest_route=%2Fwp%2Fv2%2Fmedia&parent=16654"}],"wp:term":[{"taxonomy":"category","embeddable":true,"href":"https:\/\/construcaocivil.siriusmarketingedesign.com.br\/index.php?rest_route=%2Fwp%2Fv2%2Fcategories&post=16654"},{"taxonomy":"post_tag","embeddable":true,"href":"https:\/\/construcaocivil.siriusmarketingedesign.com.br\/index.php?rest_route=%2Fwp%2Fv2%2Ftags&post=16654"}],"curies":[{"name":"wp","href":"https:\/\/api.w.org\/{rel}","templated":true}]}}