{"id":16756,"date":"2021-06-28T22:33:53","date_gmt":"2021-06-29T01:33:53","guid":{"rendered":"https:\/\/www.jornaldaconstrucaocivil.com.br\/?p=16756"},"modified":"2021-06-28T22:39:08","modified_gmt":"2021-06-29T01:39:08","slug":"prefeitura-disponibiliza-16-terrenos-para-atrair-empresas-e-gerar-empregos","status":"publish","type":"post","link":"https:\/\/construcaocivil.siriusmarketingedesign.com.br\/?p=16756","title":{"rendered":"Prefeitura disponibiliza 16 terrenos para atrair empresas e gerar empregos"},"content":{"rendered":"<p style=\"text-align: justify;\"><strong>BRAGAN\u00c7A PAULISTA &#8211;\u00a0<\/strong>Um dos compromissos assumidos pelo Prefeito Jesus Chedid e o Vice-Prefeito Amauri Sodr\u00e9 no Plano de Governo 2021-2024 \u00e9 capta\u00e7\u00e3o de empreendimentos amparados pelo Programa de Incentivos ao Desenvolvimento Econ\u00f4mico e Fomento ao Emprego, por meio do Programa Pr\u00f3-Ind\u00fastria e Pr\u00f3-Emprego. Nesta quinta-feira (24\/06), a Prefeitura de Bragan\u00e7a Paulista autorizou a abertura de chamamentos p\u00fablicos para doa\u00e7\u00e3o de 16 terrenos para instala\u00e7\u00e3o de ind\u00fastrias e empreendimentos geradores de emprego. A expectativa \u00e9 gerar, a m\u00e9dio prazo, mais empregos diretos e indiretos.<\/p>\n<p style=\"text-align: justify;\">A autoriza\u00e7\u00e3o das licita\u00e7\u00f5es ocorreu em solenidade realizada na Sala de Atos do Centro Cultural (antigo Col\u00e9gio S\u00e3o Luiz).<\/p>\n<p style=\"text-align: justify;\">Foram abertos 16 chamamentos p\u00fablicos que tem como objeto Procedimento de Manifesta\u00e7\u00e3o de Interesse (PMI) para classifica\u00e7\u00e3o de Projetos de Empresas Industriais que almejam o recebimento de doa\u00e7\u00e3o de bem im\u00f3vel. Os editais foram publicados na Imprensa Oficial n\u00ba 1.094A (Edi\u00e7\u00e3o Extra), de quinta-feira (24).<\/p>\n<p style=\"text-align: justify;\">S\u00e3o 6 \u00e1reas dispon\u00edveis no Distrito Industrial V Santa B\u00e1rbara, na \u00c1gua Comprida \u2013 terreno da antiga Sagemuller; 9 \u00e1reas no Distrito Industrial IV, no Jardim da Fraternidade; e um no Distrito Industrial Rafael Diniz, na Penha. S\u00e3o \u00e1reas de 1.000m\u00b2 a 15.000 m\u00b2.<\/p>\n<p style=\"text-align: justify;\">Qualquer empresa pode participar dos Chamamentos P\u00fablicos seja para implanta\u00e7\u00e3o ou amplia\u00e7\u00e3o de atividade econ\u00f4mica no Munic\u00edpio. As empresas devem iniciar as atividades de implanta\u00e7\u00e3o em at\u00e9 12 meses, empregando, no m\u00ednimo, 80% de pessoas residentes no munic\u00edpio.<\/p>\n<p style=\"text-align: justify;\">\u201cHoje \u00e9 um dia marcante visando o desenvolvimento de Bragan\u00e7a Paulista. Estamos abrindo 16 chamamentos p\u00fablicos de \u00e1reas que s\u00e3o patrim\u00f4nio do munic\u00edpio com o objetivo de atrair investidores e gerar empregos \u00e0 popula\u00e7\u00e3o bragantina\u201d, informou a Secret\u00e1ria Municipal de Governo, Desenvolvimento Econ\u00f4mico e Inova\u00e7\u00e3o Camilla Gallucci Tomaselli.<\/p>\n<p style=\"text-align: justify;\">\u201cEssa \u00e9 mais uma a\u00e7\u00e3o de incentivo ao emprego, de criar oportunidade de empregos para pessoas de Bragan\u00e7a. Sem d\u00favida, \u00e9 um passo importante para Bragan\u00e7a Paulista. \u00c9 uma oportunidade para atrair novas ind\u00fastrias, mas tamb\u00e9m de dar oportunidade para crescimento daqueles que est\u00e3o na cidade e querem ampliar seus neg\u00f3cios. Vamos nos reunir com a Secretaria de Estado de Desenvolvimento Econ\u00f4mico para poder trazer investimentos para Bragan\u00e7a, mostrando o potencial da cidade, que foi reconstru\u00edda e agora avan\u00e7a para a gera\u00e7\u00e3o de empregos\u201d, afirmou o Deputado Estadual Edmir Chedid.<\/p>\n<p style=\"text-align: justify;\">\u201c\u00c9 um momento de muita felicidade para todos n\u00f3s, que hoje abrimos oficialmente os chamamentos p\u00fablicos para oferecer 16 lotes para amplia\u00e7\u00e3o e desenvolvimento de ind\u00fastrias\u201d, afirmou o Vice-Prefeito Amauri Sodr\u00e9.<\/p>\n<p style=\"text-align: justify;\">\u00c9 importante ressaltar que Bragan\u00e7a Paulista vem se preparando para receber os bons investidores. \u201cRecuperou o nome\u201d da cidade. Em 2017, por exemplo, a cidade tinha a nota D do rating de Capacidade de Investimento. Hoje essa nota \u00e9 A, abrindo maiores possibilidades de cr\u00e9dito para desenvolvimento do munic\u00edpio.<\/p>\n<p style=\"text-align: justify;\">Mas, para o crescimento ordenado da cidade, para a vinda de novos investidores, Bragan\u00e7a Paulista precisava atualizar o seu Plano Diretor. Agora o munic\u00edpio conta com uma lei atualizada, que permite a instala\u00e7\u00e3o de novos empreendimentos, em todas as \u00e1reas: seja no campo, na ind\u00fastria, na \u00e1rea de servi\u00e7os, no turismo, na sa\u00fade, educa\u00e7\u00e3o.<\/p>\n<p>Fonte: prefeitura de Bragan\u00e7a Paulista<\/p>\n","protected":false},"excerpt":{"rendered":"<p>BRAGAN\u00c7A PAULISTA &#8211;\u00a0Um dos compromissos assumidos pelo Prefeito Jesus Chedid e o Vice-Prefeito Amauri Sodr\u00e9 no Plano de Governo 2021-2024 \u00e9 capta\u00e7\u00e3o de empreendimentos amparados pelo Programa de Incentivos ao Desenvolvimento Econ\u00f4mico e Fomento ao Emprego, por meio do Programa Pr\u00f3-Ind\u00fastria e Pr\u00f3-Emprego. Nesta quinta-feira (24\/06), a Prefeitura de Bragan\u00e7a Paulista autorizou a abertura de [&hellip;]<\/p>\n","protected":false},"author":1,"featured_media":16757,"comment_status":"open","ping_status":"open","sticky":false,"template":"","format":"standard","meta":{"_uag_custom_page_level_css":"","footnotes":""},"categories":[30],"tags":[1530,5394,21471,21472],"class_list":["post-16756","post","type-post","status-publish","format-standard","has-post-thumbnail","hentry","category-imoveis","tag-braganca-paulista","tag-geracao-de-empregos","tag-programa-pro-industria-e-pro-emprego","tag-terrenos-e-areas-para-empresas"],"blocksy_meta":[],"spectra_blocks_featured_image_url":{"thumbnail":{"url":"https:\/\/construcaocivil.siriusmarketingedesign.com.br\/wp-content\/uploads\/2021\/06\/CAPA-Prefeitura-disponibiliza-16-terrenos-paraatrair-empresas-e-gerar-empregos-1-150x150.jpeg","width":150,"height":150},"medium":{"url":"https:\/\/construcaocivil.siriusmarketingedesign.com.br\/wp-content\/uploads\/2021\/06\/CAPA-Prefeitura-disponibiliza-16-terrenos-paraatrair-empresas-e-gerar-empregos-1-300x225.jpeg","width":300,"height":225},"medium_large":{"url":"https:\/\/construcaocivil.siriusmarketingedesign.com.br\/wp-content\/uploads\/2021\/06\/CAPA-Prefeitura-disponibiliza-16-terrenos-paraatrair-empresas-e-gerar-empregos-1-768x576.jpeg","width":768,"height":576},"large":{"url":"https:\/\/construcaocivil.siriusmarketingedesign.com.br\/wp-content\/uploads\/2021\/06\/CAPA-Prefeitura-disponibiliza-16-terrenos-paraatrair-empresas-e-gerar-empregos-1-1024x768.jpeg","width":1024,"height":768},"full":{"url":"https:\/\/construcaocivil.siriusmarketingedesign.com.br\/wp-content\/uploads\/2021\/06\/CAPA-Prefeitura-disponibiliza-16-terrenos-paraatrair-empresas-e-gerar-empregos-1.jpeg","width":1280,"height":960}},"spectra_blocks_author_info":{"display_name":"Jornal da Constru\u00e7\u00e3o Civil","avatar_url":"https:\/\/secure.gravatar.com\/avatar\/973c9774fd44ddaceb026973c4962faa70fc512bc4c9da68e8ebb40fecee6540?s=96&d=mm&r=g","author_link":"https:\/\/construcaocivil.siriusmarketingedesign.com.br\/?author=1","description":"Desde de 2013, levando muitas informa\u00e7\u00f5es, lan\u00e7amentos e produtos de qualidade para toda cadeia produtiva da constru\u00e7\u00e3o. O Futuro da constru\u00e7\u00e3o passa por aqui,"},"uagb_featured_image_src":{"full":["https:\/\/construcaocivil.siriusmarketingedesign.com.br\/wp-content\/uploads\/2021\/06\/CAPA-Prefeitura-disponibiliza-16-terrenos-paraatrair-empresas-e-gerar-empregos-1.jpeg",1280,960,false],"thumbnail":["https:\/\/construcaocivil.siriusmarketingedesign.com.br\/wp-content\/uploads\/2021\/06\/CAPA-Prefeitura-disponibiliza-16-terrenos-paraatrair-empresas-e-gerar-empregos-1-150x150.jpeg",150,150,true],"medium":["https:\/\/construcaocivil.siriusmarketingedesign.com.br\/wp-content\/uploads\/2021\/06\/CAPA-Prefeitura-disponibiliza-16-terrenos-paraatrair-empresas-e-gerar-empregos-1-300x225.jpeg",300,225,true],"medium_large":["https:\/\/construcaocivil.siriusmarketingedesign.com.br\/wp-content\/uploads\/2021\/06\/CAPA-Prefeitura-disponibiliza-16-terrenos-paraatrair-empresas-e-gerar-empregos-1-768x576.jpeg",768,576,true],"large":["https:\/\/construcaocivil.siriusmarketingedesign.com.br\/wp-content\/uploads\/2021\/06\/CAPA-Prefeitura-disponibiliza-16-terrenos-paraatrair-empresas-e-gerar-empregos-1-1024x768.jpeg",1024,768,true],"1536x1536":["https:\/\/construcaocivil.siriusmarketingedesign.com.br\/wp-content\/uploads\/2021\/06\/CAPA-Prefeitura-disponibiliza-16-terrenos-paraatrair-empresas-e-gerar-empregos-1.jpeg",1280,960,false],"2048x2048":["https:\/\/construcaocivil.siriusmarketingedesign.com.br\/wp-content\/uploads\/2021\/06\/CAPA-Prefeitura-disponibiliza-16-terrenos-paraatrair-empresas-e-gerar-empregos-1.jpeg",1280,960,false]},"uagb_author_info":{"display_name":"Jornal da Constru\u00e7\u00e3o Civil","author_link":"https:\/\/construcaocivil.siriusmarketingedesign.com.br\/?author=1"},"uagb_comment_info":0,"uagb_excerpt":"BRAGAN\u00c7A PAULISTA &#8211;\u00a0Um dos compromissos assumidos pelo Prefeito Jesus Chedid e o Vice-Prefeito Amauri Sodr\u00e9 no Plano de Governo 2021-2024 \u00e9 capta\u00e7\u00e3o de empreendimentos amparados pelo Programa de Incentivos ao Desenvolvimento Econ\u00f4mico e Fomento ao Emprego, por meio do Programa Pr\u00f3-Ind\u00fastria e Pr\u00f3-Emprego. Nesta quinta-feira (24\/06), a Prefeitura de Bragan\u00e7a Paulista autorizou a abertura de&hellip;","_links":{"self":[{"href":"https:\/\/construcaocivil.siriusmarketingedesign.com.br\/index.php?rest_route=\/wp\/v2\/posts\/16756","targetHints":{"allow":["GET"]}}],"collection":[{"href":"https:\/\/construcaocivil.siriusmarketingedesign.com.br\/index.php?rest_route=\/wp\/v2\/posts"}],"about":[{"href":"https:\/\/construcaocivil.siriusmarketingedesign.com.br\/index.php?rest_route=\/wp\/v2\/types\/post"}],"author":[{"embeddable":true,"href":"https:\/\/construcaocivil.siriusmarketingedesign.com.br\/index.php?rest_route=\/wp\/v2\/users\/1"}],"replies":[{"embeddable":true,"href":"https:\/\/construcaocivil.siriusmarketingedesign.com.br\/index.php?rest_route=%2Fwp%2Fv2%2Fcomments&post=16756"}],"version-history":[{"count":0,"href":"https:\/\/construcaocivil.siriusmarketingedesign.com.br\/index.php?rest_route=\/wp\/v2\/posts\/16756\/revisions"}],"wp:featuredmedia":[{"embeddable":true,"href":"https:\/\/construcaocivil.siriusmarketingedesign.com.br\/index.php?rest_route=\/wp\/v2\/media\/16757"}],"wp:attachment":[{"href":"https:\/\/construcaocivil.siriusmarketingedesign.com.br\/index.php?rest_route=%2Fwp%2Fv2%2Fmedia&parent=16756"}],"wp:term":[{"taxonomy":"category","embeddable":true,"href":"https:\/\/construcaocivil.siriusmarketingedesign.com.br\/index.php?rest_route=%2Fwp%2Fv2%2Fcategories&post=16756"},{"taxonomy":"post_tag","embeddable":true,"href":"https:\/\/construcaocivil.siriusmarketingedesign.com.br\/index.php?rest_route=%2Fwp%2Fv2%2Ftags&post=16756"}],"curies":[{"name":"wp","href":"https:\/\/api.w.org\/{rel}","templated":true}]}}