{"id":16778,"date":"2021-07-01T20:08:26","date_gmt":"2021-07-01T23:08:26","guid":{"rendered":"https:\/\/www.jornaldaconstrucaocivil.com.br\/?p=16778"},"modified":"2021-07-01T20:08:26","modified_gmt":"2021-07-01T23:08:26","slug":"gerdau-e-abece-abrem-inscricoes-para-o-premio-talento-engenharia-estrutural","status":"publish","type":"post","link":"https:\/\/construcaocivil.siriusmarketingedesign.com.br\/?p=16778","title":{"rendered":"Gerdau e ABECE abrem inscri\u00e7\u00f5es para o Pr\u00eamio Talento Engenharia Estrutural"},"content":{"rendered":"<p class=\"v1MsoNormal\" style=\"text-align: justify;\"><b><span style=\"color: #993300;\">Julho, 2021<\/span><\/b><span style=\"color: #993300;\">\u00a0<\/span>&#8211; Est\u00e3o abertas as inscri\u00e7\u00f5es para a 18\u00aa edi\u00e7\u00e3o do Pr\u00eamio Talento Engenharia Estrutural, considerado o pr\u00eamio mais importante da engenharia estrutural do Pa\u00eds. Promovida pela Gerdau, maior empresa brasileira produtora de a\u00e7o, e a Associa\u00e7\u00e3o Brasileira de Engenharia e Consultoria Estrutural (ABECE), a iniciativa reconhece o trabalho de empresas e profissionais projetistas de estruturas nas categorias Infraestrutura, Edifica\u00e7\u00f5es, Pequeno Porte, Obras Especiais e Jovens Talentos. Os candidatos podem submeter seus trabalhos pelo\u00a0<strong><span style=\"color: #0000ff;\"><a style=\"color: #0000ff;\" href=\"https:\/\/premiotalento.com.br\/2021\/\" target=\"_blank\" rel=\"noopener noreferrer\">site<\/a>\u00a0<\/span><\/strong>do pr\u00eamio at\u00e9 16 de agosto.<\/p>\n<p class=\"v1MsoNormal\" style=\"text-align: justify;\">Os projetos ser\u00e3o avaliados por uma comiss\u00e3o formada por profissionais indicados pela Gerdau e pela ABECE segundo os crit\u00e9rios concep\u00e7\u00e3o estrutural, processos construtivos e uso adequado de materiais, originalidade, monumentalidade, implanta\u00e7\u00e3o harm\u00f4nica em rela\u00e7\u00e3o ao ambiente, e esbeltez e deformabilidade. A estrutura pode ser de qualquer tipo: concreto armado, concreto protendido, met\u00e1lica, madeira, alvenarias ou mista.<\/p>\n<p class=\"v1MsoNormal\" style=\"text-align: justify;\">Os cinco finalistas de cada categoria, al\u00e9m dos merecedores de men\u00e7\u00e3o honrosa, ser\u00e3o conhecidos no dia 19 de outubro de 2021 no evento online de premia\u00e7\u00e3o do Pr\u00eamio Talento Engenharia Estrutural.<\/p>\n<p class=\"v1MsoNormal\" style=\"text-align: justify;\">Mais informa\u00e7\u00f5es no site do Pr\u00eamio Talento\u00a0<strong><span style=\"color: #0000ff;\"><a style=\"color: #0000ff;\" href=\"https:\/\/premiotalento.com.br\/2021\" target=\"_blank\" rel=\"noopener noreferrer\">https:\/\/premiotalento.com.br\/2021<\/a>.<\/span><\/strong><\/p>\n","protected":false},"excerpt":{"rendered":"<p>Julho, 2021\u00a0&#8211; Est\u00e3o abertas as inscri\u00e7\u00f5es para a 18\u00aa edi\u00e7\u00e3o do Pr\u00eamio Talento Engenharia Estrutural, considerado o pr\u00eamio mais importante da engenharia estrutural do Pa\u00eds. Promovida pela Gerdau, maior empresa brasileira produtora de a\u00e7o, e a Associa\u00e7\u00e3o Brasileira de Engenharia e Consultoria Estrutural (ABECE), a iniciativa reconhece o trabalho de empresas e profissionais projetistas de [&hellip;]<\/p>\n","protected":false},"author":1,"featured_media":16779,"comment_status":"open","ping_status":"open","sticky":false,"template":"","format":"standard","meta":{"_uag_custom_page_level_css":"","footnotes":""},"categories":[27],"tags":[290,3919,17363,6096,21491,8380,8798,21490],"class_list":["post-16778","post","type-post","status-publish","format-standard","has-post-thumbnail","hentry","category-acontece","tag-abece","tag-edificacoes","tag-gerdau-aco-para-construcao","tag-infraestrutura","tag-jovens-talentos","tag-obras-especiais","tag-pequeno-porte","tag-premio-talento-engenharia-estrutural-2021"],"blocksy_meta":[],"spectra_blocks_featured_image_url":{"thumbnail":{"url":"https:\/\/construcaocivil.siriusmarketingedesign.com.br\/wp-content\/uploads\/2021\/07\/ABECE-150x150.jpg","width":150,"height":150},"medium":{"url":"https:\/\/construcaocivil.siriusmarketingedesign.com.br\/wp-content\/uploads\/2021\/07\/ABECE-300x90.jpg","width":300,"height":90},"medium_large":{"url":"https:\/\/construcaocivil.siriusmarketingedesign.com.br\/wp-content\/uploads\/2021\/07\/ABECE-768x230.jpg","width":768,"height":230},"large":{"url":"https:\/\/construcaocivil.siriusmarketingedesign.com.br\/wp-content\/uploads\/2021\/07\/ABECE-1024x307.jpg","width":1024,"height":307},"full":{"url":"https:\/\/construcaocivil.siriusmarketingedesign.com.br\/wp-content\/uploads\/2021\/07\/ABECE.jpg","width":2000,"height":600}},"spectra_blocks_author_info":{"display_name":"Jornal da Constru\u00e7\u00e3o Civil","avatar_url":"https:\/\/secure.gravatar.com\/avatar\/973c9774fd44ddaceb026973c4962faa70fc512bc4c9da68e8ebb40fecee6540?s=96&d=mm&r=g","author_link":"https:\/\/construcaocivil.siriusmarketingedesign.com.br\/?author=1","description":"Desde de 2013, levando muitas informa\u00e7\u00f5es, lan\u00e7amentos e produtos de qualidade para toda cadeia produtiva da constru\u00e7\u00e3o. O Futuro da constru\u00e7\u00e3o passa por aqui,"},"uagb_featured_image_src":{"full":["https:\/\/construcaocivil.siriusmarketingedesign.com.br\/wp-content\/uploads\/2021\/07\/ABECE.jpg",2000,600,false],"thumbnail":["https:\/\/construcaocivil.siriusmarketingedesign.com.br\/wp-content\/uploads\/2021\/07\/ABECE-150x150.jpg",150,150,true],"medium":["https:\/\/construcaocivil.siriusmarketingedesign.com.br\/wp-content\/uploads\/2021\/07\/ABECE-300x90.jpg",300,90,true],"medium_large":["https:\/\/construcaocivil.siriusmarketingedesign.com.br\/wp-content\/uploads\/2021\/07\/ABECE-768x230.jpg",768,230,true],"large":["https:\/\/construcaocivil.siriusmarketingedesign.com.br\/wp-content\/uploads\/2021\/07\/ABECE-1024x307.jpg",1024,307,true],"1536x1536":["https:\/\/construcaocivil.siriusmarketingedesign.com.br\/wp-content\/uploads\/2021\/07\/ABECE-1536x461.jpg",1536,461,true],"2048x2048":["https:\/\/construcaocivil.siriusmarketingedesign.com.br\/wp-content\/uploads\/2021\/07\/ABECE.jpg",2000,600,false]},"uagb_author_info":{"display_name":"Jornal da Constru\u00e7\u00e3o Civil","author_link":"https:\/\/construcaocivil.siriusmarketingedesign.com.br\/?author=1"},"uagb_comment_info":0,"uagb_excerpt":"Julho, 2021\u00a0&#8211; Est\u00e3o abertas as inscri\u00e7\u00f5es para a 18\u00aa edi\u00e7\u00e3o do Pr\u00eamio Talento Engenharia Estrutural, considerado o pr\u00eamio mais importante da engenharia estrutural do Pa\u00eds. Promovida pela Gerdau, maior empresa brasileira produtora de a\u00e7o, e a Associa\u00e7\u00e3o Brasileira de Engenharia e Consultoria Estrutural (ABECE), a iniciativa reconhece o trabalho de empresas e profissionais projetistas de&hellip;","_links":{"self":[{"href":"https:\/\/construcaocivil.siriusmarketingedesign.com.br\/index.php?rest_route=\/wp\/v2\/posts\/16778","targetHints":{"allow":["GET"]}}],"collection":[{"href":"https:\/\/construcaocivil.siriusmarketingedesign.com.br\/index.php?rest_route=\/wp\/v2\/posts"}],"about":[{"href":"https:\/\/construcaocivil.siriusmarketingedesign.com.br\/index.php?rest_route=\/wp\/v2\/types\/post"}],"author":[{"embeddable":true,"href":"https:\/\/construcaocivil.siriusmarketingedesign.com.br\/index.php?rest_route=\/wp\/v2\/users\/1"}],"replies":[{"embeddable":true,"href":"https:\/\/construcaocivil.siriusmarketingedesign.com.br\/index.php?rest_route=%2Fwp%2Fv2%2Fcomments&post=16778"}],"version-history":[{"count":0,"href":"https:\/\/construcaocivil.siriusmarketingedesign.com.br\/index.php?rest_route=\/wp\/v2\/posts\/16778\/revisions"}],"wp:featuredmedia":[{"embeddable":true,"href":"https:\/\/construcaocivil.siriusmarketingedesign.com.br\/index.php?rest_route=\/wp\/v2\/media\/16779"}],"wp:attachment":[{"href":"https:\/\/construcaocivil.siriusmarketingedesign.com.br\/index.php?rest_route=%2Fwp%2Fv2%2Fmedia&parent=16778"}],"wp:term":[{"taxonomy":"category","embeddable":true,"href":"https:\/\/construcaocivil.siriusmarketingedesign.com.br\/index.php?rest_route=%2Fwp%2Fv2%2Fcategories&post=16778"},{"taxonomy":"post_tag","embeddable":true,"href":"https:\/\/construcaocivil.siriusmarketingedesign.com.br\/index.php?rest_route=%2Fwp%2Fv2%2Ftags&post=16778"}],"curies":[{"name":"wp","href":"https:\/\/api.w.org\/{rel}","templated":true}]}}