{"id":16787,"date":"2021-07-02T22:48:01","date_gmt":"2021-07-03T01:48:01","guid":{"rendered":"https:\/\/www.jornaldaconstrucaocivil.com.br\/?p=16787"},"modified":"2021-07-02T22:48:01","modified_gmt":"2021-07-03T01:48:01","slug":"moradia-popular-230-familias-recebem-chaves-da-casa-propria-na-zona-leste-de-sao-paulo","status":"publish","type":"post","link":"https:\/\/construcaocivil.siriusmarketingedesign.com.br\/?p=16787","title":{"rendered":"Moradia popular: 230 fam\u00edlias recebem chaves da casa pr\u00f3pria na Zona Leste de S\u00e3o Paulo"},"content":{"rendered":"<p style=\"text-align: justify;\"><span style=\"color: #993300;\">Julho<\/span>, 2021 &#8211; O m\u00eas de mar\u00e7o foi feliz para 216 fam\u00edlias do Bairro de S\u00e3o Mateus, na Zona Leste de S\u00e3o Paulo, o <strong>MTST<\/strong>\u00a0entregou as chaves dos 216 apartamentos do\u00a0<strong>Empreendimento Dandara<\/strong>, As moradias s\u00e3o fruto da luta iniciada em junho de 2015, quando as primeiras lonas da <strong>Ocupa\u00e7\u00e3o Dandara<\/strong>\u00a0foram erguidas num terreno abandonado no bairro de S\u00e3o Mateus. Desde ent\u00e3o, foram in\u00fameras marchas, atos, reivindica\u00e7\u00f5es e muita resist\u00eancia at\u00e9 a concretiza\u00e7\u00e3o do sonho da casa pr\u00f3pria.<\/p>\n<figure id=\"attachment_16789\" aria-describedby=\"caption-attachment-16789\" style=\"width: 300px\" class=\"wp-caption alignleft\"><img loading=\"lazy\" decoding=\"async\" class=\"size-medium wp-image-16789\" src=\"https:\/\/www.jornaldaconstrucaocivil.com.br\/wp-content\/uploads\/2021\/07\/MTST-II-300x225.jpg\" alt=\"\" width=\"300\" height=\"225\" srcset=\"https:\/\/construcaocivil.siriusmarketingedesign.com.br\/wp-content\/uploads\/2021\/07\/MTST-II-300x225.jpg 300w, https:\/\/construcaocivil.siriusmarketingedesign.com.br\/wp-content\/uploads\/2021\/07\/MTST-II-768x576.jpg 768w, https:\/\/construcaocivil.siriusmarketingedesign.com.br\/wp-content\/uploads\/2021\/07\/MTST-II-86x64.jpg 86w, https:\/\/construcaocivil.siriusmarketingedesign.com.br\/wp-content\/uploads\/2021\/07\/MTST-II.jpg 960w\" sizes=\"auto, (max-width: 300px) 100vw, 300px\" \/><figcaption id=\"caption-attachment-16789\" class=\"wp-caption-text\">Empreendimento Dandara &#8211; Entrega das chaves para 216 fam\u00edlias. Divulga\u00e7\u00e3o\/MTST<\/figcaption><\/figure>\n<p style=\"text-align: justify;\">Viabilizadas pelo programa federal Minha Casa Minha Vida Entidades, as obras das mais de duas centenas de unidades tiveram a participa\u00e7\u00e3o direta do\u00a0<strong>MTST<\/strong>\u00a0e das fam\u00edlias contempladas nas decis\u00f5es \u2013 desde o n\u00famero de quartos e tamanho dos c\u00f4modos at\u00e9 os detalhes. Al\u00e9m disso, \u00e9 o primeiro condom\u00ednio com horta org\u00e2nica comunit\u00e1ria do Brasil, que j\u00e1 vem atendendo moradores e vizinhos com alimentos.<\/p>\n<p style=\"text-align: justify;\">Em tempos de Covid-19, a cerim\u00f4nia de inaugura\u00e7\u00e3o das moradias contou com todos os cuidados necess\u00e1rios, o que n\u00e3o impediu a celebra\u00e7\u00e3o dos novos moradores. Gilv\u00e2nia Reis, militante do\u00a0<strong>MTST<\/strong>\u00a0e uma das contempladas, esteve presente com a fam\u00edlia. \u201cA partir do momento que eu entrei no movimento atrav\u00e9s da\u00a0<strong>Ocupa\u00e7\u00e3o Dandara<\/strong>, comecei a entender o que era luta coletiva e a criar esperan\u00e7a. A luta vale a pena\u201d, refor\u00e7ou.<\/p>\n<figure id=\"attachment_16790\" aria-describedby=\"caption-attachment-16790\" style=\"width: 300px\" class=\"wp-caption alignright\"><img loading=\"lazy\" decoding=\"async\" class=\"size-medium wp-image-16790\" src=\"https:\/\/www.jornaldaconstrucaocivil.com.br\/wp-content\/uploads\/2021\/07\/MTST-III-300x225.jpg\" alt=\"\" width=\"300\" height=\"225\" srcset=\"https:\/\/construcaocivil.siriusmarketingedesign.com.br\/wp-content\/uploads\/2021\/07\/MTST-III-300x225.jpg 300w, https:\/\/construcaocivil.siriusmarketingedesign.com.br\/wp-content\/uploads\/2021\/07\/MTST-III-768x576.jpg 768w, https:\/\/construcaocivil.siriusmarketingedesign.com.br\/wp-content\/uploads\/2021\/07\/MTST-III-86x64.jpg 86w, https:\/\/construcaocivil.siriusmarketingedesign.com.br\/wp-content\/uploads\/2021\/07\/MTST-III.jpg 960w\" sizes=\"auto, (max-width: 300px) 100vw, 300px\" \/><figcaption id=\"caption-attachment-16790\" class=\"wp-caption-text\">Com d\u00e9ficit habitacional em torno de 6 milh\u00f5es de brasileiros. Em S\u00e3o Mateus-SP, fam\u00edlias realizam o sonho da casa pr\u00f3pria. Divulga\u00e7\u00e3o\/MTST<\/figcaption><\/figure>\n<p style=\"text-align: justify;\">Coordenador nacional do\u00a0<strong>MTST<\/strong>, Guilherme Boulos tamb\u00e9m discursou durante o evento: \u201cEsses pr\u00e9dios s\u00e3o resultado de muita solidariedade e de todo mundo de m\u00e3o dada trabalhando junto, de manifesta\u00e7\u00e3o, de ocupa\u00e7\u00e3o debaixo de lona, debaixo de chuva. O resultado t\u00e1 aqui\u201d.<\/p>\n<p style=\"text-align: justify;\">De chave na m\u00e3o, a Tia Bete, um dos rostos mais conhecidos do movimento, relembrou os quase seis anos de caminhada at\u00e9 a conquista. \u201cFoi uma ocupa\u00e7\u00e3o feita de sonho. Meu maior orgulho \u00e9 saber que, de um barraco de lona, eu t\u00f4 pegando a minha chave. Hoje, se a pessoa entra na Caixa Econ\u00f4mica, sem renda ou condi\u00e7\u00f5es, nem \u00e9 atendida. No\u00a0<strong>MTST<\/strong>, n\u00e3o; o movimento ensina que voc\u00ea pode\u201d.<\/p>\n<p>Fonte: MTST<\/p>\n","protected":false},"excerpt":{"rendered":"<p>Julho, 2021 &#8211; O m\u00eas de mar\u00e7o foi feliz para 216 fam\u00edlias do Bairro de S\u00e3o Mateus, na Zona Leste de S\u00e3o Paulo, o MTST\u00a0entregou as chaves dos 216 apartamentos do\u00a0Empreendimento Dandara, As moradias s\u00e3o fruto da luta iniciada em junho de 2015, quando as primeiras lonas da Ocupa\u00e7\u00e3o Dandara\u00a0foram erguidas num terreno abandonado no [&hellip;]<\/p>\n","protected":false},"author":1,"featured_media":16788,"comment_status":"open","ping_status":"open","sticky":false,"template":"","format":"standard","meta":{"_uag_custom_page_level_css":"","footnotes":""},"categories":[30],"tags":[21500,1679,21501,21502,21498,21499,21503],"class_list":["post-16787","post","type-post","status-publish","format-standard","has-post-thumbnail","hentry","category-imoveis","tag-216-familias-recebem-casa-propria","tag-caixa-economica-federal","tag-empreendimento-dandara","tag-fim-do-credito-imobiliario-para-pobres","tag-fim-do-mcmv","tag-mtst","tag-sao-mateus-zona-leste-sp"],"blocksy_meta":[],"spectra_blocks_featured_image_url":{"thumbnail":{"url":"https:\/\/construcaocivil.siriusmarketingedesign.com.br\/wp-content\/uploads\/2021\/07\/MTST-150x150.jpg","width":150,"height":150},"medium":{"url":"https:\/\/construcaocivil.siriusmarketingedesign.com.br\/wp-content\/uploads\/2021\/07\/MTST-300x225.jpg","width":300,"height":225},"medium_large":{"url":"https:\/\/construcaocivil.siriusmarketingedesign.com.br\/wp-content\/uploads\/2021\/07\/MTST-768x576.jpg","width":768,"height":576},"large":{"url":"https:\/\/construcaocivil.siriusmarketingedesign.com.br\/wp-content\/uploads\/2021\/07\/MTST.jpg","width":960,"height":720},"full":{"url":"https:\/\/construcaocivil.siriusmarketingedesign.com.br\/wp-content\/uploads\/2021\/07\/MTST.jpg","width":960,"height":720}},"spectra_blocks_author_info":{"display_name":"Jornal da Constru\u00e7\u00e3o Civil","avatar_url":"https:\/\/secure.gravatar.com\/avatar\/973c9774fd44ddaceb026973c4962faa70fc512bc4c9da68e8ebb40fecee6540?s=96&d=mm&r=g","author_link":"https:\/\/construcaocivil.siriusmarketingedesign.com.br\/?author=1","description":"Desde de 2013, levando muitas informa\u00e7\u00f5es, lan\u00e7amentos e produtos de qualidade para toda cadeia produtiva da constru\u00e7\u00e3o. O Futuro da constru\u00e7\u00e3o passa por aqui,"},"uagb_featured_image_src":{"full":["https:\/\/construcaocivil.siriusmarketingedesign.com.br\/wp-content\/uploads\/2021\/07\/MTST.jpg",960,720,false],"thumbnail":["https:\/\/construcaocivil.siriusmarketingedesign.com.br\/wp-content\/uploads\/2021\/07\/MTST-150x150.jpg",150,150,true],"medium":["https:\/\/construcaocivil.siriusmarketingedesign.com.br\/wp-content\/uploads\/2021\/07\/MTST-300x225.jpg",300,225,true],"medium_large":["https:\/\/construcaocivil.siriusmarketingedesign.com.br\/wp-content\/uploads\/2021\/07\/MTST-768x576.jpg",768,576,true],"large":["https:\/\/construcaocivil.siriusmarketingedesign.com.br\/wp-content\/uploads\/2021\/07\/MTST.jpg",960,720,false],"1536x1536":["https:\/\/construcaocivil.siriusmarketingedesign.com.br\/wp-content\/uploads\/2021\/07\/MTST.jpg",960,720,false],"2048x2048":["https:\/\/construcaocivil.siriusmarketingedesign.com.br\/wp-content\/uploads\/2021\/07\/MTST.jpg",960,720,false]},"uagb_author_info":{"display_name":"Jornal da Constru\u00e7\u00e3o Civil","author_link":"https:\/\/construcaocivil.siriusmarketingedesign.com.br\/?author=1"},"uagb_comment_info":0,"uagb_excerpt":"Julho, 2021 &#8211; O m\u00eas de mar\u00e7o foi feliz para 216 fam\u00edlias do Bairro de S\u00e3o Mateus, na Zona Leste de S\u00e3o Paulo, o MTST\u00a0entregou as chaves dos 216 apartamentos do\u00a0Empreendimento Dandara, As moradias s\u00e3o fruto da luta iniciada em junho de 2015, quando as primeiras lonas da Ocupa\u00e7\u00e3o Dandara\u00a0foram erguidas num terreno abandonado no&hellip;","_links":{"self":[{"href":"https:\/\/construcaocivil.siriusmarketingedesign.com.br\/index.php?rest_route=\/wp\/v2\/posts\/16787","targetHints":{"allow":["GET"]}}],"collection":[{"href":"https:\/\/construcaocivil.siriusmarketingedesign.com.br\/index.php?rest_route=\/wp\/v2\/posts"}],"about":[{"href":"https:\/\/construcaocivil.siriusmarketingedesign.com.br\/index.php?rest_route=\/wp\/v2\/types\/post"}],"author":[{"embeddable":true,"href":"https:\/\/construcaocivil.siriusmarketingedesign.com.br\/index.php?rest_route=\/wp\/v2\/users\/1"}],"replies":[{"embeddable":true,"href":"https:\/\/construcaocivil.siriusmarketingedesign.com.br\/index.php?rest_route=%2Fwp%2Fv2%2Fcomments&post=16787"}],"version-history":[{"count":0,"href":"https:\/\/construcaocivil.siriusmarketingedesign.com.br\/index.php?rest_route=\/wp\/v2\/posts\/16787\/revisions"}],"wp:featuredmedia":[{"embeddable":true,"href":"https:\/\/construcaocivil.siriusmarketingedesign.com.br\/index.php?rest_route=\/wp\/v2\/media\/16788"}],"wp:attachment":[{"href":"https:\/\/construcaocivil.siriusmarketingedesign.com.br\/index.php?rest_route=%2Fwp%2Fv2%2Fmedia&parent=16787"}],"wp:term":[{"taxonomy":"category","embeddable":true,"href":"https:\/\/construcaocivil.siriusmarketingedesign.com.br\/index.php?rest_route=%2Fwp%2Fv2%2Fcategories&post=16787"},{"taxonomy":"post_tag","embeddable":true,"href":"https:\/\/construcaocivil.siriusmarketingedesign.com.br\/index.php?rest_route=%2Fwp%2Fv2%2Ftags&post=16787"}],"curies":[{"name":"wp","href":"https:\/\/api.w.org\/{rel}","templated":true}]}}