{"id":16797,"date":"2021-07-05T14:05:13","date_gmt":"2021-07-05T17:05:13","guid":{"rendered":"https:\/\/www.jornaldaconstrucaocivil.com.br\/?p=16797"},"modified":"2021-07-05T14:05:13","modified_gmt":"2021-07-05T17:05:13","slug":"biguacu-vai-ganhar-o-maior-edificio-comercial-e-residencial-da-grande-florianopolis","status":"publish","type":"post","link":"https:\/\/construcaocivil.siriusmarketingedesign.com.br\/?p=16797","title":{"rendered":"Bigua\u00e7u vai ganhar o maior edif\u00edcio comercial e residencial da Grande Florian\u00f3polis"},"content":{"rendered":"<p class=\"v1MsoNormal\" style=\"text-align: justify;\"><span style=\"color: #993300;\">Julho<\/span>, 2021 &#8211; O munic\u00edpio de Bigua\u00e7u vai abrigar o edif\u00edcio residencial e comercial mais alto da Grande Florian\u00f3polis. O empreendimento ter\u00e1 quase 92 metros de altura e seguir\u00e1 uma tend\u00eancia j\u00e1 consolidada em grandes centros: a oferta de espa\u00e7os de moradia, lazer, gastronomia, trabalho e conviv\u00eancia em um mesmo local. O projeto \u00e9 da Construtora MTF, que completou dez anos em mar\u00e7o.<\/p>\n<p class=\"v1MsoNormal\" style=\"text-align: justify;\">O empreendimento ter\u00e1 dois pavimentos comerciais, ambos com mezanino, com mais de 5 mil metros quadrados. A \u00e1rea vai abrigar restaurantes, caf\u00e9s, wine bar e outras opera\u00e7\u00f5es de gastronomia, lazer e servi\u00e7os, al\u00e9m de um coworking. Acima dos pavimentos comerciais haver\u00e1 dois andares de garagem para atender a \u00e1rea residencial e mais 19 pavimentos de apartamentos e espa\u00e7os de lazer. O topo do pr\u00e9dio ter\u00e1 um rooftop com completa \u00e1rea de lazer com vista da cidade e da Ba\u00eda Norte. O projeto de engenharia do empreendimento \u00e9 da Franzmann, respons\u00e1vel por sete dos dez maiores edif\u00edcios do Pa\u00eds. O\u00a0Studio Methafora \u00e9 respons\u00e1vel pelo desenho arquitet\u00f4nico e pelos projetos de interiores e paisagismo.<\/p>\n<p class=\"v1MsoNormal\" style=\"text-align: justify;\">Diretor da Construtora MTF, Thiago M\u00fcller destaca o potencial da cidade. &#8220;Bigua\u00e7u est\u00e1 em uma regi\u00e3o metropolitana que cresce em ritmo acelerado, mas oferece tranquilidade, belezas naturais e outros atributos cada vez mais valorizados por quem busca qualidade de vida. H\u00e1 na cidade grande potencial para oferta de produtos diferenciados, que estimulem o crescimento urbano de forma organizada e qualificada, o que vai atrair novos moradores e garantir valoriza\u00e7\u00e3o dos im\u00f3veis&#8221;.<\/p>\n<p class=\"v1MsoNormal\" style=\"text-align: justify;\">Ele destaca caracter\u00edsticas do projeto residencial que devem atender variadas necessidades dos moradores. O empreendimento ter\u00e1 um coworking, cinco sal\u00f5es de festas &#8211; um deles infantil e outro com forno de pizza -, spa, espa\u00e7o fitness, piscinas, espa\u00e7o pets (com estrutura at\u00e9 para banhos dos animais), entre outras op\u00e7\u00f5es voltadas a simplificar o dia a dia das pessoas.<\/p>\n<div>\n<div dir=\"ltr\">\n<div dir=\"ltr\">\n<div dir=\"ltr\">\n<div dir=\"ltr\">\n<div dir=\"ltr\">\n<div dir=\"ltr\">\n<div dir=\"ltr\">\n<div dir=\"ltr\" style=\"text-align: justify;\">Fonte: Construtora MTF &#8211; <span style=\"color: #0000ff;\"><strong><a style=\"color: #0000ff;\" href=\"http:\/\/www.construtoramtf.com.br\/\">www.construtoramtf.com.br\/<\/a><\/strong><\/span><\/div>\n<\/div>\n<\/div>\n<\/div>\n<\/div>\n<\/div>\n<\/div>\n<\/div>\n<\/div>\n","protected":false},"excerpt":{"rendered":"<p>Julho, 2021 &#8211; O munic\u00edpio de Bigua\u00e7u vai abrigar o edif\u00edcio residencial e comercial mais alto da Grande Florian\u00f3polis. O empreendimento ter\u00e1 quase 92 metros de altura e seguir\u00e1 uma tend\u00eancia j\u00e1 consolidada em grandes centros: a oferta de espa\u00e7os de moradia, lazer, gastronomia, trabalho e conviv\u00eancia em um mesmo local. O projeto \u00e9 da [&hellip;]<\/p>\n","protected":false},"author":1,"featured_media":16798,"comment_status":"open","ping_status":"open","sticky":false,"template":"","format":"standard","meta":{"_uag_custom_page_level_css":"","footnotes":""},"categories":[30],"tags":[13409,21504,3155,4137,4513,5132,10096],"class_list":["post-16797","post","type-post","status-publish","format-standard","has-post-thumbnail","hentry","category-imoveis","tag-biguacu-sc","tag-construtora-mtf","tag-credito-imobiliario","tag-empreendimentos-comerciais-e-residenciais","tag-espaco-de-coworking","tag-florianopolis","tag-regiao-metropolitana"],"blocksy_meta":[],"spectra_blocks_featured_image_url":{"thumbnail":{"url":"https:\/\/construcaocivil.siriusmarketingedesign.com.br\/wp-content\/uploads\/2021\/07\/AA-MTF_MH_FACHADA_DIURNA_EF_OP01-1-150x150.jpg","width":150,"height":150},"medium":{"url":"https:\/\/construcaocivil.siriusmarketingedesign.com.br\/wp-content\/uploads\/2021\/07\/AA-MTF_MH_FACHADA_DIURNA_EF_OP01-1-240x300.jpg","width":240,"height":300},"medium_large":{"url":"https:\/\/construcaocivil.siriusmarketingedesign.com.br\/wp-content\/uploads\/2021\/07\/AA-MTF_MH_FACHADA_DIURNA_EF_OP01-1.jpg","width":480,"height":600},"large":{"url":"https:\/\/construcaocivil.siriusmarketingedesign.com.br\/wp-content\/uploads\/2021\/07\/AA-MTF_MH_FACHADA_DIURNA_EF_OP01-1.jpg","width":480,"height":600},"full":{"url":"https:\/\/construcaocivil.siriusmarketingedesign.com.br\/wp-content\/uploads\/2021\/07\/AA-MTF_MH_FACHADA_DIURNA_EF_OP01-1.jpg","width":480,"height":600}},"spectra_blocks_author_info":{"display_name":"Jornal da Constru\u00e7\u00e3o Civil","avatar_url":"https:\/\/secure.gravatar.com\/avatar\/973c9774fd44ddaceb026973c4962faa70fc512bc4c9da68e8ebb40fecee6540?s=96&d=mm&r=g","author_link":"https:\/\/construcaocivil.siriusmarketingedesign.com.br\/?author=1","description":"Desde de 2013, levando muitas informa\u00e7\u00f5es, lan\u00e7amentos e produtos de qualidade para toda cadeia produtiva da constru\u00e7\u00e3o. O Futuro da constru\u00e7\u00e3o passa por aqui,"},"uagb_featured_image_src":{"full":["https:\/\/construcaocivil.siriusmarketingedesign.com.br\/wp-content\/uploads\/2021\/07\/AA-MTF_MH_FACHADA_DIURNA_EF_OP01-1.jpg",480,600,false],"thumbnail":["https:\/\/construcaocivil.siriusmarketingedesign.com.br\/wp-content\/uploads\/2021\/07\/AA-MTF_MH_FACHADA_DIURNA_EF_OP01-1-150x150.jpg",150,150,true],"medium":["https:\/\/construcaocivil.siriusmarketingedesign.com.br\/wp-content\/uploads\/2021\/07\/AA-MTF_MH_FACHADA_DIURNA_EF_OP01-1-240x300.jpg",240,300,true],"medium_large":["https:\/\/construcaocivil.siriusmarketingedesign.com.br\/wp-content\/uploads\/2021\/07\/AA-MTF_MH_FACHADA_DIURNA_EF_OP01-1.jpg",480,600,false],"large":["https:\/\/construcaocivil.siriusmarketingedesign.com.br\/wp-content\/uploads\/2021\/07\/AA-MTF_MH_FACHADA_DIURNA_EF_OP01-1.jpg",480,600,false],"1536x1536":["https:\/\/construcaocivil.siriusmarketingedesign.com.br\/wp-content\/uploads\/2021\/07\/AA-MTF_MH_FACHADA_DIURNA_EF_OP01-1.jpg",480,600,false],"2048x2048":["https:\/\/construcaocivil.siriusmarketingedesign.com.br\/wp-content\/uploads\/2021\/07\/AA-MTF_MH_FACHADA_DIURNA_EF_OP01-1.jpg",480,600,false]},"uagb_author_info":{"display_name":"Jornal da Constru\u00e7\u00e3o Civil","author_link":"https:\/\/construcaocivil.siriusmarketingedesign.com.br\/?author=1"},"uagb_comment_info":0,"uagb_excerpt":"Julho, 2021 &#8211; O munic\u00edpio de Bigua\u00e7u vai abrigar o edif\u00edcio residencial e comercial mais alto da Grande Florian\u00f3polis. O empreendimento ter\u00e1 quase 92 metros de altura e seguir\u00e1 uma tend\u00eancia j\u00e1 consolidada em grandes centros: a oferta de espa\u00e7os de moradia, lazer, gastronomia, trabalho e conviv\u00eancia em um mesmo local. O projeto \u00e9 da&hellip;","_links":{"self":[{"href":"https:\/\/construcaocivil.siriusmarketingedesign.com.br\/index.php?rest_route=\/wp\/v2\/posts\/16797","targetHints":{"allow":["GET"]}}],"collection":[{"href":"https:\/\/construcaocivil.siriusmarketingedesign.com.br\/index.php?rest_route=\/wp\/v2\/posts"}],"about":[{"href":"https:\/\/construcaocivil.siriusmarketingedesign.com.br\/index.php?rest_route=\/wp\/v2\/types\/post"}],"author":[{"embeddable":true,"href":"https:\/\/construcaocivil.siriusmarketingedesign.com.br\/index.php?rest_route=\/wp\/v2\/users\/1"}],"replies":[{"embeddable":true,"href":"https:\/\/construcaocivil.siriusmarketingedesign.com.br\/index.php?rest_route=%2Fwp%2Fv2%2Fcomments&post=16797"}],"version-history":[{"count":0,"href":"https:\/\/construcaocivil.siriusmarketingedesign.com.br\/index.php?rest_route=\/wp\/v2\/posts\/16797\/revisions"}],"wp:featuredmedia":[{"embeddable":true,"href":"https:\/\/construcaocivil.siriusmarketingedesign.com.br\/index.php?rest_route=\/wp\/v2\/media\/16798"}],"wp:attachment":[{"href":"https:\/\/construcaocivil.siriusmarketingedesign.com.br\/index.php?rest_route=%2Fwp%2Fv2%2Fmedia&parent=16797"}],"wp:term":[{"taxonomy":"category","embeddable":true,"href":"https:\/\/construcaocivil.siriusmarketingedesign.com.br\/index.php?rest_route=%2Fwp%2Fv2%2Fcategories&post=16797"},{"taxonomy":"post_tag","embeddable":true,"href":"https:\/\/construcaocivil.siriusmarketingedesign.com.br\/index.php?rest_route=%2Fwp%2Fv2%2Ftags&post=16797"}],"curies":[{"name":"wp","href":"https:\/\/api.w.org\/{rel}","templated":true}]}}