{"id":16828,"date":"2021-07-08T19:14:50","date_gmt":"2021-07-08T22:14:50","guid":{"rendered":"https:\/\/www.jornaldaconstrucaocivil.com.br\/?p=16828"},"modified":"2021-07-08T19:14:50","modified_gmt":"2021-07-08T22:14:50","slug":"lideres-mundiais-avancam-em-conjunto-contra-redes-sociais","status":"publish","type":"post","link":"https:\/\/construcaocivil.siriusmarketingedesign.com.br\/?p=16828","title":{"rendered":"L\u00edderes mundiais avan\u00e7am em conjunto contra redes sociais"},"content":{"rendered":"<p class=\"\" style=\"text-align: justify;\"><span style=\"color: #993300;\">Julho<\/span>, 2021 &#8211; Donald Trump partiu para o ataque mais uma vez. Ap\u00f3s movimentos contra redes sociais que tinham sua impress\u00e3o digital, como a <span style=\"color: #0000ff;\"><a style=\"color: #0000ff;\" href=\"https:\/\/mediatalks.uol.com.br\/2021\/07\/01\/juiz-bloqueia-lei-da-florida-que-penalizaria-empresas-de-midia-social\/\">lei da Fl\u00f3rida contra bloqueios de perfis de pol\u00edticos<\/a><\/span>, ou a plataforma\u00a0<span style=\"color: #0000ff;\"><a style=\"color: #0000ff;\" href=\"https:\/\/mediatalks.uol.com.br\/2021\/07\/06\/rede-social-trumpista-estreia-como-celeiro-de-fake-news-sobre-eleicao-manipulada-nos-eua\/\">Gettr, uma emula\u00e7\u00e3o de Twitter lan\u00e7ada neste domingo (4\/7)<\/a><\/span>, o ex-presidente dos Estados Unidos (EUA) agora veio a p\u00fablico anunciar um processo contra Facebook, Twitter e Google, que baniram os perfis do republicano. Ele n\u00e3o \u00e9 o \u00fanico a fazer esse movimento.<\/p>\n<p class=\"\" style=\"text-align: justify;\">Na m\u00eddia americana, cr\u00edticos afirmam que Trump \u201cjoga para a torcida\u201d, num apelo sem fundamento \u00e0 Primeira Emenda da Constitui\u00e7\u00e3o dos EUA, que assegura a liberdade de express\u00e3o. O texto originalmente foi forjado para proteger a imprensa de poss\u00edveis leis da morda\u00e7a, proibindo o Congresso de legislar a favor da censura.<\/p>\n<p class=\"\" style=\"text-align: justify;\">A movimenta\u00e7\u00e3o contra as plataformas digitais \u00e9 pauta da extrema-direita e de movimentos negacionistas,\u00a0<span style=\"color: #0000ff;\"><a style=\"color: #0000ff;\" href=\"https:\/\/mediatalks.uol.com.br\/2021\/06\/29\/variante-delta-da-covid-19-infecta-pessoas-vacinadas-e-vira-municao-para-qanon\/\">como o QAnon<\/a>.<\/span> O Instituto America First, think tank pol\u00edtico de Trump, se manifestou \u201caplaudindo patriotas\u201d que se colocam contra a censura praticada por Mark Zuckerberg e seus colegas do Vale do Sil\u00edcio.<\/p>\n<p class=\"\" style=\"text-align: justify;\">\u201cNa verdade, Facebook e Twitter t\u00eam o direito de liberdade de express\u00e3o da Primeira Emenda para determinar que discurso suas plataformas projetam e amplificam \u2014 e esse direito inclui a exclus\u00e3o de usu\u00e1rios que incitem a viol\u00eancia, como Trump fez em rela\u00e7\u00e3o \u00e0 insurrei\u00e7\u00e3o do Capit\u00f3lio em 6 de janeiro\u201d, avalia Paul Barrett, vice-diretor do Centro para Business e Direitos Humanos da Escola Stern de Business na New York University, em entrevista \u00e0 ag\u00eancia Associated Press.<\/p>\n<p class=\"\" style=\"text-align: justify;\">O Instituto America First mant\u00e9m uma p\u00e1gina dedicada \u00e0 pauta, \u201cTake on big tech\u201d, algo como \u201ctomar conta\u201d das big techs, em tradu\u00e7\u00e3o livre. A iniciativa tem eco global, com l\u00edderes de grandes pa\u00edses, como R\u00fassia, \u00cdndia e Brasil, tomando iniciativas similares na tentativa de controlar e punir empresas que controlam as redes sociais.<\/p>\n<h5 class=\"\" style=\"text-align: justify;\">No Brasil, cenas de uma novela parecida<\/h5>\n<p class=\"\" style=\"text-align: justify;\">Plataformas como Facebook, WhatsApp e Twitter foram grandes palanques para pol\u00edticos como Jair Bolsonaro e Trump. Desde candidatos, suas campanhas difamat\u00f3rias contra a m\u00eddia foram similares, na tentativa de tornar a imprensa um sin\u00f4nimo de fake news.<\/p>\n<p class=\"\" style=\"text-align: justify;\">Bolsonaro e Trump usaram as redes sociais para driblar entrevistas \u2014 as plataformas foram o canal direto com os eleitores que os ent\u00e3o postulantes \u00e0s presid\u00eancias de Brasil e EUA precisavam. Ao assumir a cadeira de chefes de Estado, por\u00e9m, a situa\u00e7\u00e3o mudou. Posts dos l\u00edderes come\u00e7aram a ser bloqueados, ou indicados como informa\u00e7\u00f5es falsas. O namoro azedou.<\/p>\n<p class=\"\" style=\"text-align: justify;\">No Brasil, h\u00e1 nas fornalhas de Bras\u00edlia um projeto de lei que pro\u00edbe redes sociais de bloquearem posts ou perfis sem autoriza\u00e7\u00e3o judicial. O texto foi aprovado pela Advocacia-Geral da Uni\u00e3o e gerou cr\u00edticas e alega\u00e7\u00f5es de que trata-se de uma ilegalidade.<\/p>\n<p class=\"\" style=\"text-align: justify;\">Se aprovado, segundo analistas, a lei ser\u00e1 capaz de aumentar a dispers\u00e3o de fake news e atingir at\u00e9 mesmo as fintechs, empresas de \u201cmaquininhas\u201d de pagamento no pa\u00eds.<\/p>\n<h5 style=\"text-align: justify;\">Na R\u00fassia, Putin disparou fogo uma semana antes de Trump<\/h5>\n<p class=\"\" style=\"text-align: justify;\">Na tentativa de controlar mais as empresas donas das redes sociais, o governo russo emitiu uma lei no primeiro dia deste m\u00eas obrigando Google, Facebook e Twitter, entre outros grandes sites de e-commerce e varejo, a terem escrit\u00f3rio com representantes no pa\u00eds.<\/p>\n<p class=\"\" style=\"text-align: justify;\">As empresas est\u00e3o sendo processadas pelo governo de Vladimir Putin por demorarem a retirar do ar posts considerados ilegais segundo a lei russa. O Google \u00e9 processado ainda na quest\u00e3o de direitos sobre dados pessoais.<\/p>\n<p class=\"\" style=\"text-align: justify;\">Como no caso de Trump, aparentemente a prioridade \u00e9 fazer barulho, pois a multa pretendida ao Google, por exemplo, \u00e9 de US$ 166 mil (R$ 863 mil), baixa comparada ao poder econ\u00f4mico do imp\u00e9rio digital. San\u00e7\u00f5es como a restri\u00e7\u00e3o da banda larga, deixando o servi\u00e7o dos sites lentos, tamb\u00e9m s\u00e3o consideradas.<\/p>\n<p class=\"\" style=\"text-align: justify;\">Facebook e Twitter s\u00e3o processados em cerca de R$ 560 mil cada.<\/p>\n<h5 class=\"\" style=\"text-align: justify;\">\u00cdndia realiza temor das big techs: serem responsabilizadas pelo conte\u00fado de usu\u00e1rios<\/h5>\n<p class=\"\" style=\"text-align: justify;\">Uma decis\u00e3o da Suprema Corte indiana coloca o Twitter na saia-justa planejada por Trump nos EUA e Bolsonaro no Brasil. Ap\u00f3s a promulga\u00e7\u00e3o de uma lei que exige que as empresas de tecnologia sigam a legisla\u00e7\u00e3o da \u00cdndia, um post exibindo o espancamento de um idoso mu\u00e7ulmano tomou dimens\u00f5es catastr\u00f3ficas.<\/p>\n<p class=\"\" style=\"text-align: justify;\">A Justi\u00e7a decidiu a favor do governo do primeiro-ministro Narendra Modi, tornando o Twitter respons\u00e1vel pelo conte\u00fado exibido pelos seus usu\u00e1rios. A lei elaborada pelo governo coloca a obriga\u00e7\u00e3o de as empresas fazerem modera\u00e7\u00e3o do conte\u00fado, excluindo em at\u00e9 36 horas posts considerados impr\u00f3prios.<\/p>\n<p class=\"\" style=\"text-align: justify;\">Fonte: Media Talks<\/p>\n","protected":false},"excerpt":{"rendered":"<p>Julho, 2021 &#8211; Donald Trump partiu para o ataque mais uma vez. Ap\u00f3s movimentos contra redes sociais que tinham sua impress\u00e3o digital, como a lei da Fl\u00f3rida contra bloqueios de perfis de pol\u00edticos, ou a plataforma\u00a0Gettr, uma emula\u00e7\u00e3o de Twitter lan\u00e7ada neste domingo (4\/7), o ex-presidente dos Estados Unidos (EUA) agora veio a p\u00fablico anunciar [&hellip;]<\/p>\n","protected":false},"author":1,"featured_media":16829,"comment_status":"open","ping_status":"open","sticky":false,"template":"","format":"standard","meta":{"_uag_custom_page_level_css":"","footnotes":""},"categories":[27],"tags":[962,21526,18617,4674,4683,21524,21525],"class_list":["post-16828","post","type-post","status-publish","format-standard","has-post-thumbnail","hentry","category-acontece","tag-asia","tag-big-techs","tag-covid-19","tag-eua","tag-europa","tag-negacionismo-no-mundo","tag-redes-sociais-na-justiica"],"blocksy_meta":[],"spectra_blocks_featured_image_url":{"thumbnail":{"url":"https:\/\/construcaocivil.siriusmarketingedesign.com.br\/wp-content\/uploads\/2021\/07\/jade-scarlato-3udlqT2PpeU-unsplash-1024x641-1-150x150.jpg","width":150,"height":150},"medium":{"url":"https:\/\/construcaocivil.siriusmarketingedesign.com.br\/wp-content\/uploads\/2021\/07\/jade-scarlato-3udlqT2PpeU-unsplash-1024x641-1-300x188.jpg","width":300,"height":188},"medium_large":{"url":"https:\/\/construcaocivil.siriusmarketingedesign.com.br\/wp-content\/uploads\/2021\/07\/jade-scarlato-3udlqT2PpeU-unsplash-1024x641-1-768x481.jpg","width":768,"height":481},"large":{"url":"https:\/\/construcaocivil.siriusmarketingedesign.com.br\/wp-content\/uploads\/2021\/07\/jade-scarlato-3udlqT2PpeU-unsplash-1024x641-1.jpg","width":1024,"height":641},"full":{"url":"https:\/\/construcaocivil.siriusmarketingedesign.com.br\/wp-content\/uploads\/2021\/07\/jade-scarlato-3udlqT2PpeU-unsplash-1024x641-1.jpg","width":1024,"height":641}},"spectra_blocks_author_info":{"display_name":"Jornal da Constru\u00e7\u00e3o Civil","avatar_url":"https:\/\/secure.gravatar.com\/avatar\/973c9774fd44ddaceb026973c4962faa70fc512bc4c9da68e8ebb40fecee6540?s=96&d=mm&r=g","author_link":"https:\/\/construcaocivil.siriusmarketingedesign.com.br\/?author=1","description":"Desde de 2013, levando muitas informa\u00e7\u00f5es, lan\u00e7amentos e produtos de qualidade para toda cadeia produtiva da constru\u00e7\u00e3o. O Futuro da constru\u00e7\u00e3o passa por aqui,"},"uagb_featured_image_src":{"full":["https:\/\/construcaocivil.siriusmarketingedesign.com.br\/wp-content\/uploads\/2021\/07\/jade-scarlato-3udlqT2PpeU-unsplash-1024x641-1.jpg",1024,641,false],"thumbnail":["https:\/\/construcaocivil.siriusmarketingedesign.com.br\/wp-content\/uploads\/2021\/07\/jade-scarlato-3udlqT2PpeU-unsplash-1024x641-1-150x150.jpg",150,150,true],"medium":["https:\/\/construcaocivil.siriusmarketingedesign.com.br\/wp-content\/uploads\/2021\/07\/jade-scarlato-3udlqT2PpeU-unsplash-1024x641-1-300x188.jpg",300,188,true],"medium_large":["https:\/\/construcaocivil.siriusmarketingedesign.com.br\/wp-content\/uploads\/2021\/07\/jade-scarlato-3udlqT2PpeU-unsplash-1024x641-1-768x481.jpg",768,481,true],"large":["https:\/\/construcaocivil.siriusmarketingedesign.com.br\/wp-content\/uploads\/2021\/07\/jade-scarlato-3udlqT2PpeU-unsplash-1024x641-1.jpg",1024,641,false],"1536x1536":["https:\/\/construcaocivil.siriusmarketingedesign.com.br\/wp-content\/uploads\/2021\/07\/jade-scarlato-3udlqT2PpeU-unsplash-1024x641-1.jpg",1024,641,false],"2048x2048":["https:\/\/construcaocivil.siriusmarketingedesign.com.br\/wp-content\/uploads\/2021\/07\/jade-scarlato-3udlqT2PpeU-unsplash-1024x641-1.jpg",1024,641,false]},"uagb_author_info":{"display_name":"Jornal da Constru\u00e7\u00e3o Civil","author_link":"https:\/\/construcaocivil.siriusmarketingedesign.com.br\/?author=1"},"uagb_comment_info":0,"uagb_excerpt":"Julho, 2021 &#8211; Donald Trump partiu para o ataque mais uma vez. Ap\u00f3s movimentos contra redes sociais que tinham sua impress\u00e3o digital, como a lei da Fl\u00f3rida contra bloqueios de perfis de pol\u00edticos, ou a plataforma\u00a0Gettr, uma emula\u00e7\u00e3o de Twitter lan\u00e7ada neste domingo (4\/7), o ex-presidente dos Estados Unidos (EUA) agora veio a p\u00fablico anunciar&hellip;","_links":{"self":[{"href":"https:\/\/construcaocivil.siriusmarketingedesign.com.br\/index.php?rest_route=\/wp\/v2\/posts\/16828","targetHints":{"allow":["GET"]}}],"collection":[{"href":"https:\/\/construcaocivil.siriusmarketingedesign.com.br\/index.php?rest_route=\/wp\/v2\/posts"}],"about":[{"href":"https:\/\/construcaocivil.siriusmarketingedesign.com.br\/index.php?rest_route=\/wp\/v2\/types\/post"}],"author":[{"embeddable":true,"href":"https:\/\/construcaocivil.siriusmarketingedesign.com.br\/index.php?rest_route=\/wp\/v2\/users\/1"}],"replies":[{"embeddable":true,"href":"https:\/\/construcaocivil.siriusmarketingedesign.com.br\/index.php?rest_route=%2Fwp%2Fv2%2Fcomments&post=16828"}],"version-history":[{"count":0,"href":"https:\/\/construcaocivil.siriusmarketingedesign.com.br\/index.php?rest_route=\/wp\/v2\/posts\/16828\/revisions"}],"wp:featuredmedia":[{"embeddable":true,"href":"https:\/\/construcaocivil.siriusmarketingedesign.com.br\/index.php?rest_route=\/wp\/v2\/media\/16829"}],"wp:attachment":[{"href":"https:\/\/construcaocivil.siriusmarketingedesign.com.br\/index.php?rest_route=%2Fwp%2Fv2%2Fmedia&parent=16828"}],"wp:term":[{"taxonomy":"category","embeddable":true,"href":"https:\/\/construcaocivil.siriusmarketingedesign.com.br\/index.php?rest_route=%2Fwp%2Fv2%2Fcategories&post=16828"},{"taxonomy":"post_tag","embeddable":true,"href":"https:\/\/construcaocivil.siriusmarketingedesign.com.br\/index.php?rest_route=%2Fwp%2Fv2%2Ftags&post=16828"}],"curies":[{"name":"wp","href":"https:\/\/api.w.org\/{rel}","templated":true}]}}