{"id":16831,"date":"2021-07-08T21:31:15","date_gmt":"2021-07-09T00:31:15","guid":{"rendered":"https:\/\/www.jornaldaconstrucaocivil.com.br\/?p=16831"},"modified":"2021-07-08T21:31:15","modified_gmt":"2021-07-09T00:31:15","slug":"mercado-imobiliario-da-zona-norte-do-rio-esta-otimista","status":"publish","type":"post","link":"https:\/\/construcaocivil.siriusmarketingedesign.com.br\/?p=16831","title":{"rendered":"Mercado imobili\u00e1rio da Zona Norte do Rio est\u00e1 otimista"},"content":{"rendered":"<p style=\"text-align: justify;\"><span style=\"color: #993300;\">Julho<\/span>, 2021 &#8211; Enquanto diversos setores da economia brasileira tentam se reerguer em meio ao atual cen\u00e1rio de pandemia, as vendas no mercado imobili\u00e1rio apresentaram resultados positivos no primeiro semestre e as expectativas para o fim de 2021 s\u00e3o otimistas, mesmo com a proje\u00e7\u00e3o da eleva\u00e7\u00e3o da taxa de juros, indicada pelo Comit\u00ea de Pol\u00edtica Monet\u00e1ria (Copom), do Banco Central. E a Zona Norte do Rio de Janeiro \u00e9 uma regi\u00e3o que se destaca com o aquecimento nas negocia\u00e7\u00f5es registrado no segundo trimestre deste ano. Quem sente isso na pr\u00e1tica \u00e9 Glauce Santos, empreendedora que atua \u00e0 frente da RE\/MAX Rio de Janeiro \u2013 Zona Norte, regional da maior franquia imobili\u00e1ria do mundo.<\/p>\n<p style=\"text-align: justify;\">De acordo com dados do Centro de Pesquisa e An\u00e1lise da Informa\u00e7\u00e3o do Sindicato da Habita\u00e7\u00e3o do Rio (Secovi Rio), o metro quadrado na Zona Norte registrou alta de 4,18%, o que mostra o aquecimento do setor, que j\u00e1 vinha com proje\u00e7\u00f5es positivas. \u201c\u00c9 f\u00e1cil perceber o quanto o mercado de im\u00f3veis \u00e9 promissor aqui na regi\u00e3o. Al\u00e9m de termos o potencial de quase 90 bairros com excelentes op\u00e7\u00f5es para todos os gostos, bolsos e necessidades, conseguimos ver em nosso cotidiano que as demandas por negocia\u00e7\u00f5es imobili\u00e1rias t\u00eam crescido e isso reflete na cadeia econ\u00f4mica como um todo\u201d, destaca Glauce Santos.<\/p>\n<p style=\"text-align: justify;\">Enquanto as vendas de im\u00f3veis seguem em alta, o mercado de loca\u00e7\u00e3o est\u00e1 desaquecido, principalmente na regi\u00e3o Central, que \u00e9 mais afetada pela pandemia. De acordo com dados do Secovi Rio, nos \u00faltimos 12 meses houve uma perda de 7,14% em alugu\u00e9is em toda a cidade. \u201cAcredito que este seja um movimento natural devido a este momento do mercado, em que as pessoas est\u00e3o cada vez em home office. H\u00e1 ainda o fato de que a maior parte das pessoas sonha em ter uma casa pr\u00f3pria e muitas est\u00e3o investindo neste momento\u201d, aponta a empreendedora.<\/p>\n<figure id=\"attachment_16833\" aria-describedby=\"caption-attachment-16833\" style=\"width: 300px\" class=\"wp-caption alignleft\"><img loading=\"lazy\" decoding=\"async\" class=\"size-full wp-image-16833\" src=\"https:\/\/www.jornaldaconstrucaocivil.com.br\/wp-content\/uploads\/2021\/07\/Divulgacao-ZN.jpg\" alt=\"\" width=\"300\" height=\"225\" srcset=\"https:\/\/construcaocivil.siriusmarketingedesign.com.br\/wp-content\/uploads\/2021\/07\/Divulgacao-ZN.jpg 300w, https:\/\/construcaocivil.siriusmarketingedesign.com.br\/wp-content\/uploads\/2021\/07\/Divulgacao-ZN-86x64.jpg 86w\" sizes=\"auto, (max-width: 300px) 100vw, 300px\" \/><figcaption id=\"caption-attachment-16833\" class=\"wp-caption-text\">Im\u00f3veis Zona Norte-RJ<\/figcaption><\/figure>\n<p style=\"text-align: justify;\">Mesmo antes de apurar as proje\u00e7\u00f5es positivas do mercado imobili\u00e1rio para este ano, Glauce Santos j\u00e1 estava executando um planejamento ousado. Por acreditar no potencial da Zona Norte do Rio de Janeiro, ela colocou em pr\u00e1tica um plano de expans\u00e3o da regional da RE\/MAX que dirige. \u201cNo in\u00edcio de 2020, cont\u00e1vamos com uma franquia e focados em expandir. Fechamos o ano com sete unidades, mesmo em um per\u00edodo desafiado de pandemia. E queremos mais. Temos a expectativa de implantar as primeiras 15 franquias at\u00e9 o 2\u00ba semestre. A oitava est\u00e1 em fase de abertura e cinco candidatos est\u00e3o em processo de valida\u00e7\u00e3o\u201d, conta a empres\u00e1ria.<\/p>\n<p style=\"text-align: justify;\">A empreendedora espera que, apenas na opera\u00e7\u00e3o da regional RE\/MAX Rio de Janeiro \u2013 Zona Norte, o ano de 2021 finalize com um aumento de 30% no volume de negocia\u00e7\u00f5es. \u201cCom o crescimento do n\u00famero de franquias, teremos uma abrang\u00eancia maior e, consequentemente, maiores possibilidades de vendas. A Zona Norte do Rio \u00e9 uma mina de ouro e estamos desbravando e conquistando excelentes resultados\u201d, diz Glauce Santos.<\/p>\n<figure id=\"attachment_16834\" aria-describedby=\"caption-attachment-16834\" style=\"width: 300px\" class=\"wp-caption alignright\"><img loading=\"lazy\" decoding=\"async\" class=\"size-full wp-image-16834\" src=\"https:\/\/www.jornaldaconstrucaocivil.com.br\/wp-content\/uploads\/2021\/07\/REIMAX.jpg\" alt=\"\" width=\"300\" height=\"202\" \/><figcaption id=\"caption-attachment-16834\" class=\"wp-caption-text\">Divulga\u00e7\u00e3o<\/figcaption><\/figure>\n<p style=\"text-align: justify;\">Outro dado que comprova os resultados positivos do mercado imobili\u00e1rio na Zona Norte do Rio de Janeiro foi o fato de que a regional da RE\/MAX comandada por Glauce Santos conquistou a 9\u00aa posi\u00e7\u00e3o no ranking de faturamento nacional da RE\/MAX Brasil. \u201c\u00c9 um alento para a economia, pois com as negocia\u00e7\u00f5es de im\u00f3veis, outros setores na cadeia de com\u00e9rcio e servi\u00e7os tamb\u00e9m s\u00e3o beneficiados, o dinheiro gira, impostos s\u00e3o arrecadados e a economia tem mais f\u00f4lego para se reerguer\u201d, opina.<\/p>\n<p style=\"text-align: justify;\">Dados da Associa\u00e7\u00e3o Brasileira de Incorporadoras Imobili\u00e1rias (Abrainc) e da Funda\u00e7\u00e3o Instituto de Pesquisas (Fipe) mostram que as vendas de im\u00f3veis cresceram 26,1% no ano passado. Al\u00e9m disso, a Abrainc realizou uma pesquisa com empres\u00e1rios do ramo, que projetam uma alta de 35% na comercializa\u00e7\u00e3o de im\u00f3veis em 2021. A maior franquia imobili\u00e1ria do mundo tamb\u00e9m apura resultados positivos em outras localidades. Em 2020, ano at\u00edpico, com pandemia e v\u00e1rias restri\u00e7\u00f5es de circula\u00e7\u00e3o de pessoas, a RE\/MAX Brasil movimentou cerca de R$ 3,6 bi em negocia\u00e7\u00f5es imobili\u00e1rias. \u201cContinuamos trabalhando muito e temos orgulho de contribuir para estes n\u00fameros nacionais que trazem otimismo para o pa\u00eds. O crescimento foi refletido no mercado em geral, pois da 50\u00aa posi\u00e7\u00e3o no ranking das maiores franquias brasileiras, da Associa\u00e7\u00e3o Brasileira de Franchising (ABF), a RE\/MAX avan\u00e7ou para o 35\u00ba lugar, sendo a \u00fanica do segmento imobili\u00e1rio no ranking, mostrando que o mercado imobili\u00e1rio ainda tem muito espa\u00e7o para empreender. E eu posso afirmar que na Zona Norte do Rio essas oportunidades s\u00e3o ainda mais evidentes\u201d, finaliza\u00a0Glauce\u00a0Santos.<\/p>\n<p style=\"text-align: justify;\">Mais informa\u00e7\u00f5es:\u00a0<strong><span style=\"color: #0000ff;\"><a style=\"color: #0000ff;\" href=\"https:\/\/remaxriodejaneironorte.com\/\" target=\"_blank\" rel=\"noopener noreferrer\">https:\/\/remaxriodejaneironorte.com\/<\/a><\/span><\/strong><\/p>\n","protected":false},"excerpt":{"rendered":"<p>Julho, 2021 &#8211; Enquanto diversos setores da economia brasileira tentam se reerguer em meio ao atual cen\u00e1rio de pandemia, as vendas no mercado imobili\u00e1rio apresentaram resultados positivos no primeiro semestre e as expectativas para o fim de 2021 s\u00e3o otimistas, mesmo com a proje\u00e7\u00e3o da eleva\u00e7\u00e3o da taxa de juros, indicada pelo Comit\u00ea de Pol\u00edtica [&hellip;]<\/p>\n","protected":false},"author":1,"featured_media":16832,"comment_status":"open","ping_status":"open","sticky":false,"template":"","format":"standard","meta":{"_uag_custom_page_level_css":"","footnotes":""},"categories":[30],"tags":[21528,3155,6398,7563,21527,21530,21529,12402],"class_list":["post-16831","post","type-post","status-publish","format-standard","has-post-thumbnail","hentry","category-imoveis","tag-creci-rj","tag-credito-imobiliario","tag-iraja","tag-mercado-imobiliario","tag-re-max-rio-de-janeiro-zona-norte","tag-tijuca","tag-vendas-de-imoveis-aquecidas","tag-vila-da-penha"],"blocksy_meta":[],"spectra_blocks_featured_image_url":{"thumbnail":{"url":"https:\/\/construcaocivil.siriusmarketingedesign.com.br\/wp-content\/uploads\/2021\/07\/diretora-MAX-150x150.jpg","width":150,"height":150},"medium":{"url":"https:\/\/construcaocivil.siriusmarketingedesign.com.br\/wp-content\/uploads\/2021\/07\/diretora-MAX.jpg","width":300,"height":200},"medium_large":{"url":"https:\/\/construcaocivil.siriusmarketingedesign.com.br\/wp-content\/uploads\/2021\/07\/diretora-MAX.jpg","width":300,"height":200},"large":{"url":"https:\/\/construcaocivil.siriusmarketingedesign.com.br\/wp-content\/uploads\/2021\/07\/diretora-MAX.jpg","width":300,"height":200},"full":{"url":"https:\/\/construcaocivil.siriusmarketingedesign.com.br\/wp-content\/uploads\/2021\/07\/diretora-MAX.jpg","width":300,"height":200}},"spectra_blocks_author_info":{"display_name":"Jornal da Constru\u00e7\u00e3o Civil","avatar_url":"https:\/\/secure.gravatar.com\/avatar\/973c9774fd44ddaceb026973c4962faa70fc512bc4c9da68e8ebb40fecee6540?s=96&d=mm&r=g","author_link":"https:\/\/construcaocivil.siriusmarketingedesign.com.br\/?author=1","description":"Desde de 2013, levando muitas informa\u00e7\u00f5es, lan\u00e7amentos e produtos de qualidade para toda cadeia produtiva da constru\u00e7\u00e3o. O Futuro da constru\u00e7\u00e3o passa por aqui,"},"uagb_featured_image_src":{"full":["https:\/\/construcaocivil.siriusmarketingedesign.com.br\/wp-content\/uploads\/2021\/07\/diretora-MAX.jpg",300,200,false],"thumbnail":["https:\/\/construcaocivil.siriusmarketingedesign.com.br\/wp-content\/uploads\/2021\/07\/diretora-MAX-150x150.jpg",150,150,true],"medium":["https:\/\/construcaocivil.siriusmarketingedesign.com.br\/wp-content\/uploads\/2021\/07\/diretora-MAX.jpg",300,200,false],"medium_large":["https:\/\/construcaocivil.siriusmarketingedesign.com.br\/wp-content\/uploads\/2021\/07\/diretora-MAX.jpg",300,200,false],"large":["https:\/\/construcaocivil.siriusmarketingedesign.com.br\/wp-content\/uploads\/2021\/07\/diretora-MAX.jpg",300,200,false],"1536x1536":["https:\/\/construcaocivil.siriusmarketingedesign.com.br\/wp-content\/uploads\/2021\/07\/diretora-MAX.jpg",300,200,false],"2048x2048":["https:\/\/construcaocivil.siriusmarketingedesign.com.br\/wp-content\/uploads\/2021\/07\/diretora-MAX.jpg",300,200,false]},"uagb_author_info":{"display_name":"Jornal da Constru\u00e7\u00e3o Civil","author_link":"https:\/\/construcaocivil.siriusmarketingedesign.com.br\/?author=1"},"uagb_comment_info":0,"uagb_excerpt":"Julho, 2021 &#8211; Enquanto diversos setores da economia brasileira tentam se reerguer em meio ao atual cen\u00e1rio de pandemia, as vendas no mercado imobili\u00e1rio apresentaram resultados positivos no primeiro semestre e as expectativas para o fim de 2021 s\u00e3o otimistas, mesmo com a proje\u00e7\u00e3o da eleva\u00e7\u00e3o da taxa de juros, indicada pelo Comit\u00ea de Pol\u00edtica&hellip;","_links":{"self":[{"href":"https:\/\/construcaocivil.siriusmarketingedesign.com.br\/index.php?rest_route=\/wp\/v2\/posts\/16831","targetHints":{"allow":["GET"]}}],"collection":[{"href":"https:\/\/construcaocivil.siriusmarketingedesign.com.br\/index.php?rest_route=\/wp\/v2\/posts"}],"about":[{"href":"https:\/\/construcaocivil.siriusmarketingedesign.com.br\/index.php?rest_route=\/wp\/v2\/types\/post"}],"author":[{"embeddable":true,"href":"https:\/\/construcaocivil.siriusmarketingedesign.com.br\/index.php?rest_route=\/wp\/v2\/users\/1"}],"replies":[{"embeddable":true,"href":"https:\/\/construcaocivil.siriusmarketingedesign.com.br\/index.php?rest_route=%2Fwp%2Fv2%2Fcomments&post=16831"}],"version-history":[{"count":0,"href":"https:\/\/construcaocivil.siriusmarketingedesign.com.br\/index.php?rest_route=\/wp\/v2\/posts\/16831\/revisions"}],"wp:featuredmedia":[{"embeddable":true,"href":"https:\/\/construcaocivil.siriusmarketingedesign.com.br\/index.php?rest_route=\/wp\/v2\/media\/16832"}],"wp:attachment":[{"href":"https:\/\/construcaocivil.siriusmarketingedesign.com.br\/index.php?rest_route=%2Fwp%2Fv2%2Fmedia&parent=16831"}],"wp:term":[{"taxonomy":"category","embeddable":true,"href":"https:\/\/construcaocivil.siriusmarketingedesign.com.br\/index.php?rest_route=%2Fwp%2Fv2%2Fcategories&post=16831"},{"taxonomy":"post_tag","embeddable":true,"href":"https:\/\/construcaocivil.siriusmarketingedesign.com.br\/index.php?rest_route=%2Fwp%2Fv2%2Ftags&post=16831"}],"curies":[{"name":"wp","href":"https:\/\/api.w.org\/{rel}","templated":true}]}}