{"id":16839,"date":"2021-07-10T21:54:15","date_gmt":"2021-07-11T00:54:15","guid":{"rendered":"https:\/\/www.jornaldaconstrucaocivil.com.br\/?p=16839"},"modified":"2021-07-10T21:54:15","modified_gmt":"2021-07-11T00:54:15","slug":"comida-boa-3o-festival-gastronomico-de-inverno-de-marica","status":"publish","type":"post","link":"https:\/\/construcaocivil.siriusmarketingedesign.com.br\/?p=16839","title":{"rendered":"Comida boa: 3\u00ba Festival Gastron\u00f4mico de Inverno de Maric\u00e1"},"content":{"rendered":"<p style=\"text-align: justify;\"><span style=\"color: #993300;\">Julho<\/span>, 2021 &#8211; O 3\u00ba Festival Gastron\u00f4mico de Inverno de Maric\u00e1 j\u00e1 come\u00e7ou. Realizado pela Prefeitura em parceria com a Companhia de Desenvolvimento de Maric\u00e1 (Codemar), o evento segue at\u00e9 o dia 08\/08, com op\u00e7\u00f5es para todos os gostos e em v\u00e1rios bairros da cidade, em uma demonstra\u00e7\u00e3o do crescimento da gastronomia local em qualidade e diversidade.<\/p>\n<p style=\"text-align: justify;\">\u201cO melhor churrasco da cidade est\u00e1 aqui. Delicioso. Toda sexta-feira estarei aqui com o meu filho\u201d, garantiu o advogado\u00a0Marcos Borges de 40 anos, que mora em\u00a0Ponta Grossa, ap\u00f3s apreciar a novidade nesta sexta-feira, 09\/07, durante a abertura do festival.<\/p>\n<figure id=\"attachment_16841\" aria-describedby=\"caption-attachment-16841\" style=\"width: 300px\" class=\"wp-caption alignleft\"><img loading=\"lazy\" decoding=\"async\" class=\"size-medium wp-image-16841\" src=\"https:\/\/www.jornaldaconstrucaocivil.com.br\/wp-content\/uploads\/2021\/07\/WhatsApp-Image-2021-07-10-at-12.23.20-300x200.jpeg\" alt=\"\" width=\"300\" height=\"200\" srcset=\"https:\/\/construcaocivil.siriusmarketingedesign.com.br\/wp-content\/uploads\/2021\/07\/WhatsApp-Image-2021-07-10-at-12.23.20-300x200.jpeg 300w, https:\/\/construcaocivil.siriusmarketingedesign.com.br\/wp-content\/uploads\/2021\/07\/WhatsApp-Image-2021-07-10-at-12.23.20-1024x682.jpeg 1024w, https:\/\/construcaocivil.siriusmarketingedesign.com.br\/wp-content\/uploads\/2021\/07\/WhatsApp-Image-2021-07-10-at-12.23.20-768x512.jpeg 768w, https:\/\/construcaocivil.siriusmarketingedesign.com.br\/wp-content\/uploads\/2021\/07\/WhatsApp-Image-2021-07-10-at-12.23.20-450x300.jpeg 450w, https:\/\/construcaocivil.siriusmarketingedesign.com.br\/wp-content\/uploads\/2021\/07\/WhatsApp-Image-2021-07-10-at-12.23.20.jpeg 1280w\" sizes=\"auto, (max-width: 300px) 100vw, 300px\" \/><figcaption id=\"caption-attachment-16841\" class=\"wp-caption-text\">3\u00ba Festival Gastron\u00f4mico de Inverno de Maric\u00e1. Foto: Vinicius Manh\u00e3es<\/figcaption><\/figure>\n<p style=\"text-align: justify;\">\u201cDivulgar o nosso trabalho para os moradores e turistas \u00e9 uma oportunidade maravilhosa que a Prefeitura est\u00e1 dando para a gente\u201d, agradeceu o chef e s\u00f3cio-propriet\u00e1rio\u00a0Thiago Soares, do\u00a0Sal &amp; Brasa &#8211; Boutique de Carnes, no Centro. O restaurante j\u00e1 representou Maric\u00e1 no festival gastron\u00f4mico do Rio de Janeiro.<\/p>\n<div style=\"text-align: justify;\">\u201cA\u00a0feijoadinha de frutos do mar \u00e9 um prato de sucesso que eu fa\u00e7o esporadicamente e que os clientes sempre elogiaram. Por isso, ele foi escolhido para fazer parte dessa festa\u201d, explicou a propriet\u00e1ria do\u00a0Kabana 92, em Cordeirinho,\u00a0Liliane Gomes, mais conhecida como Lili.\u00a0\u201cGratid\u00e3o em poder participar de um festival nesse per\u00edodo complicado que estamos vivendo e que nos d\u00e1 a possibilidade de, com um pre\u00e7o justo, mostrar um prato especial para a popula\u00e7\u00e3o\u201d, continuou.<\/div>\n<div style=\"text-align: justify;\">\n<figure id=\"attachment_16842\" aria-describedby=\"caption-attachment-16842\" style=\"width: 300px\" class=\"wp-caption alignright\"><img loading=\"lazy\" decoding=\"async\" class=\"size-medium wp-image-16842\" src=\"https:\/\/www.jornaldaconstrucaocivil.com.br\/wp-content\/uploads\/2021\/07\/WhatsApp-Image-2021-07-10-at-12.23.22-300x200.jpeg\" alt=\"\" width=\"300\" height=\"200\" srcset=\"https:\/\/construcaocivil.siriusmarketingedesign.com.br\/wp-content\/uploads\/2021\/07\/WhatsApp-Image-2021-07-10-at-12.23.22-300x200.jpeg 300w, https:\/\/construcaocivil.siriusmarketingedesign.com.br\/wp-content\/uploads\/2021\/07\/WhatsApp-Image-2021-07-10-at-12.23.22-1024x682.jpeg 1024w, https:\/\/construcaocivil.siriusmarketingedesign.com.br\/wp-content\/uploads\/2021\/07\/WhatsApp-Image-2021-07-10-at-12.23.22-768x512.jpeg 768w, https:\/\/construcaocivil.siriusmarketingedesign.com.br\/wp-content\/uploads\/2021\/07\/WhatsApp-Image-2021-07-10-at-12.23.22-450x300.jpeg 450w, https:\/\/construcaocivil.siriusmarketingedesign.com.br\/wp-content\/uploads\/2021\/07\/WhatsApp-Image-2021-07-10-at-12.23.22.jpeg 1280w\" sizes=\"auto, (max-width: 300px) 100vw, 300px\" \/><figcaption id=\"caption-attachment-16842\" class=\"wp-caption-text\">3\u00ba Festival Gastron\u00f4mico de Inverno de Maric\u00e1. Foto: Vinicius Manh\u00e3es<\/figcaption><\/figure>\n<p>Funcionando h\u00e1 menos de um m\u00eas, o Japon\u00eas Mizy conta com espa\u00e7o Kids e oferece em seu card\u00e1pio gunka de camar\u00e3o (filete de peixe branco com arroz, cream cheese ma\u00e7aricado com camar\u00e3o e de sobremesa gunka de goiabada.\u00a0\u00a0\u201cSou morador da cidade h\u00e1 4 anos, j\u00e1 acompanhava o festival, inclusive visitando alguns restaurantes. Inauguramos nossa casa e fui convidado a participar do evento. O prato \u00e9 muito saboroso e especial. Ent\u00e3o, eu quis trazer para os moradores de Maric\u00e1 uma experi\u00eancia diferente\u201d, disse o propriet\u00e1rio, Leonardo Barbosa.\u00a0\u201cN\u00e3o tem como avaliar, porque para mim foi excelente tudo. Sabor \u00fanico \u00e9 incompar\u00e1vel. Eu nunca havia comido o gunka de goiabada. Surreal. J\u00e1 estou guardando aqui para levar o outro\u201d, falou sorrindo Hugo Alves de 26 anos, que mora no Parque Nanci.<\/p>\n<p>\u201cN\u00f3s participamos dos dois primeiros festivais e fomos premiados em ambos, ent\u00e3o n\u00e3o tinha porque ficarmos de fora dessa. A novidade \u00e9 a pizza Baby Bacon de 35 cm, com baixa fermenta\u00e7\u00e3o e que leva carne de porco, mostarda com ervas finas, cebola roxa, azeitona preta, salsinha e cebolinha\u201d, contou\u00a0L\u00edvio Martins,\u00a0s\u00f3cio-propriet\u00e1rio da Oficina das Pizzas, revelando que a escolha da massa (a\u00e7afr\u00e3o, tomate seco ou tradicional) \u00e9 feita pelo cliente.<\/p>\n<p>\u201cJ\u00e1 sou f\u00e3 da casa e essa pizza realmente surpreendeu. Ela trouxe a sucul\u00eancia da carne, um toque especial da mostarda com erva fina. Uma combina\u00e7\u00e3o muito boa. Para mim, ela pode ficar no card\u00e1pio\u201d, opinou Carla Ortman de 34 anos, que mora no Barroco.<\/p>\n<div>\n<p>\u201cEu participo desde o primeiro festival. Maric\u00e1 \u00e9 rica em gastronomia. N\u00f3s temos excelentes chefs e temos que divulgar. Esse festival vem mostrando ao turista o quanto n\u00f3s temos a oferecer na \u00e1rea. Provavelmente, eu vou incorporar esse sandu\u00edche no nosso card\u00e1pio, porque a combina\u00e7\u00e3o de sabores criou uma harmonia perfeita\u201d, revela a propriet\u00e1ria da\u00a0Rock Burguer Hamburgueria Artesanal de Itaipua\u00e7u,\u00a0M\u00e1rcia Leal. &#8220;O hamb\u00farguer, tanto de tamanho quanto de qualidade \u00e9 impec\u00e1vel. Equivale a um jantar tranquilamente e ainda sobra\u201d, frisou\u00a0M\u00e1rio de Azevedo, 22 anos, morador de Itaipua\u00e7u.<\/p>\n<\/div>\n<p>&nbsp;<\/p>\n<\/div>\n<p style=\"text-align: justify;\">Propriet\u00e1ria da\u00a0D\u2019Goulart Doceria e Cafeteria, no Centro, C\u00e9lia Goulart contou que a mistura foi pensada justamente para atrair mais clientes. \u201cA gente queria trazer a experi\u00eancia de uma sobremesa que contrastasse o doce do brigadeiro com o azedinho do morango, o gelado do sorvete e a quentura do ganache. Fico feliz em saber que o resultado agradou\u201d, agradeceu. A\u00a0bomba gourmet foi muito elogiada pela\u00a0estudante Larissa Silva de 22 anos. \u201cEu estava namorando essa del\u00edcia pela rede social e queria muito experimentar. Hoje, tive essa oportunidade e n\u00e3o me arrependo. Uma combina\u00e7\u00e3o perfeita\u201d, revelou a\u00a0moradora do Parque Nanci.<\/p>\n<div style=\"text-align: justify;\">Mais de 60 restaurantes em 16 bairros de Maric\u00e1 participam do festival, que vai at\u00e9 8 de agosto. Os pratos elaborados para o festival custam entre R$ 29, R$ 49, R$ 69 e R$ 89. Os interessados podem desfrutar da culin\u00e1ria maricaense presencialmente, por delivery ou take away (pedido para retirada, sendo a coleta feita pelo pr\u00f3prio cliente, na loja). Os consumidores tamb\u00e9m poder\u00e3o escolher e votar no melhor prato, avaliando o sabor, apresenta\u00e7\u00e3o e atendimento.<\/div>\n<div style=\"text-align: justify;\">\u201cEstamos consolidando a gastronomia de Maric\u00e1. Todo o festival est\u00e1 dispon\u00edvel atrav\u00e9s do aplicativo Maric\u00e1 Oficial, que pode ser baixado gratuitamente ou atrav\u00e9s do site\u00a0<a href=\"https:\/\/conhecamarica.com.br\/\" target=\"_blank\" rel=\"nofollow noopener\" data-saferedirecturl=\"https:\/\/www.google.com\/url?q=https:\/\/conhecamarica.com.br\/&amp;source=gmail&amp;ust=1626044353258000&amp;usg=AFQjCNHJV7zyI8eh92gTGmN-qj5vC9Rbrw\">Conhe\u00e7a Maric\u00e1<\/a>\u201d, afirma o secret\u00e1rio de Promo\u00e7\u00e3o e Projetos Especiais de Maric\u00e1, Jos\u00e9 Alexandre Almeida.<\/div>\n<div style=\"text-align: justify;\"><\/div>\n","protected":false},"excerpt":{"rendered":"<p>Julho, 2021 &#8211; O 3\u00ba Festival Gastron\u00f4mico de Inverno de Maric\u00e1 j\u00e1 come\u00e7ou. Realizado pela Prefeitura em parceria com a Companhia de Desenvolvimento de Maric\u00e1 (Codemar), o evento segue at\u00e9 o dia 08\/08, com op\u00e7\u00f5es para todos os gostos e em v\u00e1rios bairros da cidade, em uma demonstra\u00e7\u00e3o do crescimento da gastronomia local em qualidade [&hellip;]<\/p>\n","protected":false},"author":1,"featured_media":16840,"comment_status":"open","ping_status":"open","sticky":false,"template":"","format":"standard","meta":{"_uag_custom_page_level_css":"","footnotes":""},"categories":[27],"tags":[21536,21538,5357,7295,21537],"class_list":["post-16839","post","type-post","status-publish","format-standard","has-post-thumbnail","hentry","category-acontece","tag-3o-festival-gastronomico-de-inverno-de-marica","tag-bebidas-e-alimentos","tag-gastronomia","tag-marica-rj","tag-turismo-e-comida"],"blocksy_meta":[],"spectra_blocks_featured_image_url":{"thumbnail":{"url":"https:\/\/construcaocivil.siriusmarketingedesign.com.br\/wp-content\/uploads\/2021\/07\/WhatsApp-Image-2021-07-10-at-12.23.27-150x150.jpeg","width":150,"height":150},"medium":{"url":"https:\/\/construcaocivil.siriusmarketingedesign.com.br\/wp-content\/uploads\/2021\/07\/WhatsApp-Image-2021-07-10-at-12.23.27-300x200.jpeg","width":300,"height":200},"medium_large":{"url":"https:\/\/construcaocivil.siriusmarketingedesign.com.br\/wp-content\/uploads\/2021\/07\/WhatsApp-Image-2021-07-10-at-12.23.27-768x512.jpeg","width":768,"height":512},"large":{"url":"https:\/\/construcaocivil.siriusmarketingedesign.com.br\/wp-content\/uploads\/2021\/07\/WhatsApp-Image-2021-07-10-at-12.23.27-1024x682.jpeg","width":1024,"height":682},"full":{"url":"https:\/\/construcaocivil.siriusmarketingedesign.com.br\/wp-content\/uploads\/2021\/07\/WhatsApp-Image-2021-07-10-at-12.23.27.jpeg","width":1280,"height":853}},"spectra_blocks_author_info":{"display_name":"Jornal da Constru\u00e7\u00e3o Civil","avatar_url":"https:\/\/secure.gravatar.com\/avatar\/973c9774fd44ddaceb026973c4962faa70fc512bc4c9da68e8ebb40fecee6540?s=96&d=mm&r=g","author_link":"https:\/\/construcaocivil.siriusmarketingedesign.com.br\/?author=1","description":"Desde de 2013, levando muitas informa\u00e7\u00f5es, lan\u00e7amentos e produtos de qualidade para toda cadeia produtiva da constru\u00e7\u00e3o. O Futuro da constru\u00e7\u00e3o passa por aqui,"},"uagb_featured_image_src":{"full":["https:\/\/construcaocivil.siriusmarketingedesign.com.br\/wp-content\/uploads\/2021\/07\/WhatsApp-Image-2021-07-10-at-12.23.27.jpeg",1280,853,false],"thumbnail":["https:\/\/construcaocivil.siriusmarketingedesign.com.br\/wp-content\/uploads\/2021\/07\/WhatsApp-Image-2021-07-10-at-12.23.27-150x150.jpeg",150,150,true],"medium":["https:\/\/construcaocivil.siriusmarketingedesign.com.br\/wp-content\/uploads\/2021\/07\/WhatsApp-Image-2021-07-10-at-12.23.27-300x200.jpeg",300,200,true],"medium_large":["https:\/\/construcaocivil.siriusmarketingedesign.com.br\/wp-content\/uploads\/2021\/07\/WhatsApp-Image-2021-07-10-at-12.23.27-768x512.jpeg",768,512,true],"large":["https:\/\/construcaocivil.siriusmarketingedesign.com.br\/wp-content\/uploads\/2021\/07\/WhatsApp-Image-2021-07-10-at-12.23.27-1024x682.jpeg",1024,682,true],"1536x1536":["https:\/\/construcaocivil.siriusmarketingedesign.com.br\/wp-content\/uploads\/2021\/07\/WhatsApp-Image-2021-07-10-at-12.23.27.jpeg",1280,853,false],"2048x2048":["https:\/\/construcaocivil.siriusmarketingedesign.com.br\/wp-content\/uploads\/2021\/07\/WhatsApp-Image-2021-07-10-at-12.23.27.jpeg",1280,853,false]},"uagb_author_info":{"display_name":"Jornal da Constru\u00e7\u00e3o Civil","author_link":"https:\/\/construcaocivil.siriusmarketingedesign.com.br\/?author=1"},"uagb_comment_info":0,"uagb_excerpt":"Julho, 2021 &#8211; O 3\u00ba Festival Gastron\u00f4mico de Inverno de Maric\u00e1 j\u00e1 come\u00e7ou. Realizado pela Prefeitura em parceria com a Companhia de Desenvolvimento de Maric\u00e1 (Codemar), o evento segue at\u00e9 o dia 08\/08, com op\u00e7\u00f5es para todos os gostos e em v\u00e1rios bairros da cidade, em uma demonstra\u00e7\u00e3o do crescimento da gastronomia local em qualidade&hellip;","_links":{"self":[{"href":"https:\/\/construcaocivil.siriusmarketingedesign.com.br\/index.php?rest_route=\/wp\/v2\/posts\/16839","targetHints":{"allow":["GET"]}}],"collection":[{"href":"https:\/\/construcaocivil.siriusmarketingedesign.com.br\/index.php?rest_route=\/wp\/v2\/posts"}],"about":[{"href":"https:\/\/construcaocivil.siriusmarketingedesign.com.br\/index.php?rest_route=\/wp\/v2\/types\/post"}],"author":[{"embeddable":true,"href":"https:\/\/construcaocivil.siriusmarketingedesign.com.br\/index.php?rest_route=\/wp\/v2\/users\/1"}],"replies":[{"embeddable":true,"href":"https:\/\/construcaocivil.siriusmarketingedesign.com.br\/index.php?rest_route=%2Fwp%2Fv2%2Fcomments&post=16839"}],"version-history":[{"count":0,"href":"https:\/\/construcaocivil.siriusmarketingedesign.com.br\/index.php?rest_route=\/wp\/v2\/posts\/16839\/revisions"}],"wp:featuredmedia":[{"embeddable":true,"href":"https:\/\/construcaocivil.siriusmarketingedesign.com.br\/index.php?rest_route=\/wp\/v2\/media\/16840"}],"wp:attachment":[{"href":"https:\/\/construcaocivil.siriusmarketingedesign.com.br\/index.php?rest_route=%2Fwp%2Fv2%2Fmedia&parent=16839"}],"wp:term":[{"taxonomy":"category","embeddable":true,"href":"https:\/\/construcaocivil.siriusmarketingedesign.com.br\/index.php?rest_route=%2Fwp%2Fv2%2Fcategories&post=16839"},{"taxonomy":"post_tag","embeddable":true,"href":"https:\/\/construcaocivil.siriusmarketingedesign.com.br\/index.php?rest_route=%2Fwp%2Fv2%2Ftags&post=16839"}],"curies":[{"name":"wp","href":"https:\/\/api.w.org\/{rel}","templated":true}]}}