{"id":16888,"date":"2021-07-14T14:26:47","date_gmt":"2021-07-14T17:26:47","guid":{"rendered":"https:\/\/www.jornaldaconstrucaocivil.com.br\/?p=16888"},"modified":"2021-07-14T14:26:47","modified_gmt":"2021-07-14T17:26:47","slug":"sites-e-blogs-prejudicados-google-e-multado-em-e-500-milhoes-na-franca-em-briga-com-imprensa-por-pagamento-de-conteudo","status":"publish","type":"post","link":"https:\/\/construcaocivil.siriusmarketingedesign.com.br\/?p=16888","title":{"rendered":"Sites e Blogs prejudicados: Google \u00e9 multado em \u20ac 500 milh\u00f5es na Fran\u00e7a em briga com imprensa por pagamento de conte\u00fado"},"content":{"rendered":"<p><em>Por MediaTalks<\/em><\/p>\n<p class=\"\"><span style=\"color: #993300;\">Julho<\/span>, <span style=\"color: #993300;\">2021<\/span> &#8211; A autoridade de concorr\u00eancia da Fran\u00e7a multou o Google nesta ter\u00e7a-feira (13\/7) em \u20ac 500 milh\u00f5es por n\u00e3o respeitar as medidas provis\u00f3rias impostas no ano passado, que exigiam que a empresa negociasse \u201cde boa f\u00e9\u201d com \u00f3rg\u00e3os de imprensa sobre compensa\u00e7\u00e3o financeira pelo conte\u00fado veiculado na plataforma.<\/p>\n<p class=\"\">A Fran\u00e7a \u00e9 um dos poucos pa\u00edses que implementou a reforma dos direitos autorais da Uni\u00e3o Europeia (UE), que concede a publica\u00e7\u00f5es o direito de solicitar remunera\u00e7\u00e3o quando seu conte\u00fado \u00e9 exibido em redes sociais e plataformas online, o chamado \u201cdireito vizinho\u201d.<\/p>\n<p class=\"\">Entidades e ve\u00edculos de imprensa franceses, incluindo o Sindicato das Editoras de Revistas, a Alliance of General Information Press (APIG em franc\u00eas) e a Agence France-Presse (AFP), reclamaram \u00e0 Autorit\u00e9 de la Concurrence de que o Google n\u00e3o estava negociando acordos de licenciamento \u201ccom boa f\u00e9\u201d, depois que legisladores franceses introduziram o direito vizinho da UE na legisla\u00e7\u00e3o nacional.<\/p>\n<p class=\"\">\u201cO Google ainda parece n\u00e3o aceitar a lei como ela foi votada, mas n\u00e3o cabe a um ator, mesmo dominante, reescrever a lei\u201d, disse a presidente da autoridade, Isabelle de Silva.<\/p>\n<blockquote class=\"\">\n<p class=\"\"><span style=\"background-color: #ffffff; font-size: 15px; text-transform: initial;\">O Google se recusou a negociar com ag\u00eancias de not\u00edcias e empresas que n\u00e3o publicam \u201cinforma\u00e7\u00f5es gerais e pol\u00edticas\u201d, acrescentou a autoridade, e n\u00e3o forneceu aos editores as informa\u00e7\u00f5es necess\u00e1rias para avaliar quanto dinheiro eles poderiam conseguir.<\/span><\/p>\n<\/blockquote>\n<p class=\"\">\u201cA penalidade de \u20ac 500 milh\u00f5es leva em considera\u00e7\u00e3o a gravidade excepcional das viola\u00e7\u00f5es observadas e o fato de que o comportamento do Google levou a um novo atraso na aplica\u00e7\u00e3o adequada da legisla\u00e7\u00e3o de direitos vizinhos\u201d, disse Silva.<\/p>\n<p class=\"\">A decis\u00e3o de ter\u00e7a-feira n\u00e3o anula automaticamente os acordos de licenciamento j\u00e1 acordados entre o Google e os editores, mas pode ser aproveitada para pedir uma renegocia\u00e7\u00e3o, acrescentou o presidente da Autorit\u00e9.<\/p>\n<p class=\"\">Segundo a autoridade de concorr\u00eancia francesa, o Google ter\u00e1 que apresentar uma oferta de remunera\u00e7\u00e3o \u00e0s publica\u00e7\u00f5es em dois meses, ou enfrentar\u00e1 uma multa de at\u00e9 900 mil euros por dia.<\/p>\n<h5 class=\"\">Google chegou a fazer acordos e se diz \u201cdecepcionado\u201d<\/h5>\n<p class=\"\">A APIG e o Google haviam anunciado um acordo de US$ 76 milh\u00f5es sobre o pagamento por material de not\u00edcias em janeiro, num passo inicial de negocia\u00e7\u00f5es, por\u00e9m de uma parcela \u00ednfima do conte\u00fado que passa pela plataforma.<\/p>\n<p class=\"\">\u201cEstamos muito decepcionados. A multa ignora nossos esfor\u00e7os para chegar a um acordo e a realidade de como as not\u00edcias funcionam em nossas plataformas. At\u00e9 o momento, o Google \u00e9 a \u00fanica empresa a anunciar acordos sobre direitos conexos\u201d, disse um porta-voz da empresa em comunicado, citando ainda um acordo global com a AFP que estaria \u201cprestes a ser finalizado\u201d.<\/p>\n<p class=\"\">Foi um golpe para a gigante de tecnologia dos Estados Unidos e pode ter repercuss\u00f5es al\u00e9m das fronteiras francesas, j\u00e1 que De Silva disse que espera que o caso forne\u00e7a um plano para outros pa\u00edses da UE que est\u00e3o atualmente adaptando a legisla\u00e7\u00e3o nacional \u00e0 reforma de direitos autorais do bloco, e \u201cimpedir o Google, ou outras plataformas, de reproduzir este comportamento\u201d.<\/p>\n<h5>Austr\u00e1lia, a primeira a legislar sobre o tema<\/h5>\n<p class=\"\">A Austr\u00e1lia foi o primeiro pa\u00eds a legislar sobre pagamento de conte\u00fado jornal\u00edstico. Em fevereiro, o pa\u00eds aprovou uma regulamenta\u00e7\u00e3o obrigando as plataformas digitais a negociarem remunera\u00e7\u00e3o com as empresas de m\u00eddia por uso de conte\u00fado produzido por elas. A lei determina que se n\u00e3o houver acordo, o governo atuar\u00e1 como \u00e1rbitro entre as partes.<\/p>\n<p class=\"\">Antes da vota\u00e7\u00e3o final no parlamento, as empresas de m\u00eddia digital tentaram resistir, chegando a amea\u00e7ar que sairiam do pa\u00eds, mas acabaram se enquadrando.<\/p>\n<p class=\"\">O Google foi o primeiro a ceder,\u00a0<span style=\"color: #0000ff;\"><a style=\"color: #0000ff;\" href=\"https:\/\/mediatalks.uol.com.br\/2021\/02\/16\/lei-obrigando-google-e-facebook-a-pagarem-por-conteudo-segue-para-o-parlamento-na-australia\/\">anunciando contratos milion\u00e1rios com grandes empresas de m\u00eddia<\/a><\/span>\u00a0antes mesmo da passagem da lei, enquanto o Facebook desafiou o governo, \u00a0chegando a tirar links de not\u00edcias e de servi\u00e7os essenciais de suas plataformas. No final, ambas fecharam grandes acordos com a m\u00eddia.<\/p>\n<h5 class=\"\"><strong>Queixas afirmam que Google quis impor produto de not\u00edcias \u00e0 imprensa<\/strong><\/h5>\n<p class=\"\">Um dos pontos contra o Google na Fran\u00e7a foi o fato de a empresa impor aos \u00f3rg\u00e3os de imprensa a exig\u00eancia de discutir uma nova parceria que inclu\u00eda o produto de not\u00edcias Showcase, antes de estabelecer a remunera\u00e7\u00e3o com base no uso atual de conte\u00fado protegido por direitos autorais.<\/p>\n<p class=\"\">\u201cA estrat\u00e9gia do Google era dizer: Ok, vamos pagar aos editores, mas n\u00e3o com base nos direitos vizinhos, e sim com base em nosso produto, Showcase\u201d, disse Damien Geradin, advogado que representou clientes contra Big Techs, do escrit\u00f3rio Geradin Partners.<\/p>\n","protected":false},"excerpt":{"rendered":"<p>Por MediaTalks Julho, 2021 &#8211; A autoridade de concorr\u00eancia da Fran\u00e7a multou o Google nesta ter\u00e7a-feira (13\/7) em \u20ac 500 milh\u00f5es por n\u00e3o respeitar as medidas provis\u00f3rias impostas no ano passado, que exigiam que a empresa negociasse \u201cde boa f\u00e9\u201d com \u00f3rg\u00e3os de imprensa sobre compensa\u00e7\u00e3o financeira pelo conte\u00fado veiculado na plataforma. A Fran\u00e7a \u00e9 [&hellip;]<\/p>\n","protected":false},"author":1,"featured_media":16889,"comment_status":"open","ping_status":"open","sticky":false,"template":"","format":"standard","meta":{"_uag_custom_page_level_css":"","footnotes":""},"categories":[33],"tags":[21580,21578,20566,21579,10158,21581,21577],"class_list":["post-16888","post","type-post","status-publish","format-standard","has-post-thumbnail","hentry","category-mercado","tag-batalha-judicial-imprensa-x-google","tag-google-e-multado-na-franca","tag-monopolio-das-bigtechs","tag-pagamento-por-conteudos","tag-reino-unido","tag-sites-brasileiros-no-prejuizo","tag-sites-e-blogs-prejudicados"],"blocksy_meta":[],"spectra_blocks_featured_image_url":{"thumbnail":{"url":"https:\/\/construcaocivil.siriusmarketingedesign.com.br\/wp-content\/uploads\/2021\/07\/BLOG-SITES-150x150.jpg","width":150,"height":150},"medium":{"url":"https:\/\/construcaocivil.siriusmarketingedesign.com.br\/wp-content\/uploads\/2021\/07\/BLOG-SITES-300x201.jpg","width":300,"height":201},"medium_large":{"url":"https:\/\/construcaocivil.siriusmarketingedesign.com.br\/wp-content\/uploads\/2021\/07\/BLOG-SITES.jpg","width":760,"height":510},"large":{"url":"https:\/\/construcaocivil.siriusmarketingedesign.com.br\/wp-content\/uploads\/2021\/07\/BLOG-SITES.jpg","width":760,"height":510},"full":{"url":"https:\/\/construcaocivil.siriusmarketingedesign.com.br\/wp-content\/uploads\/2021\/07\/BLOG-SITES.jpg","width":760,"height":510}},"spectra_blocks_author_info":{"display_name":"Jornal da Constru\u00e7\u00e3o Civil","avatar_url":"https:\/\/secure.gravatar.com\/avatar\/973c9774fd44ddaceb026973c4962faa70fc512bc4c9da68e8ebb40fecee6540?s=96&d=mm&r=g","author_link":"https:\/\/construcaocivil.siriusmarketingedesign.com.br\/?author=1","description":"Desde de 2013, levando muitas informa\u00e7\u00f5es, lan\u00e7amentos e produtos de qualidade para toda cadeia produtiva da constru\u00e7\u00e3o. O Futuro da constru\u00e7\u00e3o passa por aqui,"},"uagb_featured_image_src":{"full":["https:\/\/construcaocivil.siriusmarketingedesign.com.br\/wp-content\/uploads\/2021\/07\/BLOG-SITES.jpg",760,510,false],"thumbnail":["https:\/\/construcaocivil.siriusmarketingedesign.com.br\/wp-content\/uploads\/2021\/07\/BLOG-SITES-150x150.jpg",150,150,true],"medium":["https:\/\/construcaocivil.siriusmarketingedesign.com.br\/wp-content\/uploads\/2021\/07\/BLOG-SITES-300x201.jpg",300,201,true],"medium_large":["https:\/\/construcaocivil.siriusmarketingedesign.com.br\/wp-content\/uploads\/2021\/07\/BLOG-SITES.jpg",760,510,false],"large":["https:\/\/construcaocivil.siriusmarketingedesign.com.br\/wp-content\/uploads\/2021\/07\/BLOG-SITES.jpg",760,510,false],"1536x1536":["https:\/\/construcaocivil.siriusmarketingedesign.com.br\/wp-content\/uploads\/2021\/07\/BLOG-SITES.jpg",760,510,false],"2048x2048":["https:\/\/construcaocivil.siriusmarketingedesign.com.br\/wp-content\/uploads\/2021\/07\/BLOG-SITES.jpg",760,510,false]},"uagb_author_info":{"display_name":"Jornal da Constru\u00e7\u00e3o Civil","author_link":"https:\/\/construcaocivil.siriusmarketingedesign.com.br\/?author=1"},"uagb_comment_info":0,"uagb_excerpt":"Por MediaTalks Julho, 2021 &#8211; A autoridade de concorr\u00eancia da Fran\u00e7a multou o Google nesta ter\u00e7a-feira (13\/7) em \u20ac 500 milh\u00f5es por n\u00e3o respeitar as medidas provis\u00f3rias impostas no ano passado, que exigiam que a empresa negociasse \u201cde boa f\u00e9\u201d com \u00f3rg\u00e3os de imprensa sobre compensa\u00e7\u00e3o financeira pelo conte\u00fado veiculado na plataforma. A Fran\u00e7a \u00e9&hellip;","_links":{"self":[{"href":"https:\/\/construcaocivil.siriusmarketingedesign.com.br\/index.php?rest_route=\/wp\/v2\/posts\/16888","targetHints":{"allow":["GET"]}}],"collection":[{"href":"https:\/\/construcaocivil.siriusmarketingedesign.com.br\/index.php?rest_route=\/wp\/v2\/posts"}],"about":[{"href":"https:\/\/construcaocivil.siriusmarketingedesign.com.br\/index.php?rest_route=\/wp\/v2\/types\/post"}],"author":[{"embeddable":true,"href":"https:\/\/construcaocivil.siriusmarketingedesign.com.br\/index.php?rest_route=\/wp\/v2\/users\/1"}],"replies":[{"embeddable":true,"href":"https:\/\/construcaocivil.siriusmarketingedesign.com.br\/index.php?rest_route=%2Fwp%2Fv2%2Fcomments&post=16888"}],"version-history":[{"count":0,"href":"https:\/\/construcaocivil.siriusmarketingedesign.com.br\/index.php?rest_route=\/wp\/v2\/posts\/16888\/revisions"}],"wp:featuredmedia":[{"embeddable":true,"href":"https:\/\/construcaocivil.siriusmarketingedesign.com.br\/index.php?rest_route=\/wp\/v2\/media\/16889"}],"wp:attachment":[{"href":"https:\/\/construcaocivil.siriusmarketingedesign.com.br\/index.php?rest_route=%2Fwp%2Fv2%2Fmedia&parent=16888"}],"wp:term":[{"taxonomy":"category","embeddable":true,"href":"https:\/\/construcaocivil.siriusmarketingedesign.com.br\/index.php?rest_route=%2Fwp%2Fv2%2Fcategories&post=16888"},{"taxonomy":"post_tag","embeddable":true,"href":"https:\/\/construcaocivil.siriusmarketingedesign.com.br\/index.php?rest_route=%2Fwp%2Fv2%2Ftags&post=16888"}],"curies":[{"name":"wp","href":"https:\/\/api.w.org\/{rel}","templated":true}]}}