{"id":16909,"date":"2021-07-17T18:46:07","date_gmt":"2021-07-17T21:46:07","guid":{"rendered":"https:\/\/www.jornaldaconstrucaocivil.com.br\/?p=16909"},"modified":"2021-07-17T21:02:57","modified_gmt":"2021-07-18T00:02:57","slug":"destaque-da-literatura-nacional-aluna-da-rede-municipal-de-macae-e-premiada","status":"publish","type":"post","link":"https:\/\/construcaocivil.siriusmarketingedesign.com.br\/?p=16909","title":{"rendered":"Destaque da literatura nacional: Aluna da rede municipal de Maca\u00e9 \u00e9 premiada"},"content":{"rendered":"<p style=\"text-align: justify;\"><span style=\"color: #993300;\">Julho<\/span>, 2021 &#8211; Mesmo com recesso escolar, estudantes da rede municipal \u00a0continuam \u00a0se dedicando \u00e0 leitura, escrita e \u00e0s artes. \u00c9 o caso da aluna do 6\u00ba ano do Col\u00e9gio Municipal Botafogo, Talita Costa Pereira, de 11 anos, que recentemente recebeu o I Pr\u00eamio Nacional de Literatura promovido pela Academia Jovem de Letras de Campos de Jord\u00e3o, em S\u00e3o Paulo. Ela concorreu com jovens representantes de 70 munic\u00edpios do pa\u00eds, na faixa de 11 e 13 anos.<\/p>\n<figure id=\"attachment_16910\" aria-describedby=\"caption-attachment-16910\" style=\"width: 300px\" class=\"wp-caption alignleft\"><img loading=\"lazy\" decoding=\"async\" class=\"size-medium wp-image-16910\" src=\"https:\/\/www.jornaldaconstrucaocivil.com.br\/wp-content\/uploads\/2021\/07\/talita4-300x300.jpg\" alt=\"\" width=\"300\" height=\"300\" srcset=\"https:\/\/construcaocivil.siriusmarketingedesign.com.br\/wp-content\/uploads\/2021\/07\/talita4-300x300.jpg 300w, https:\/\/construcaocivil.siriusmarketingedesign.com.br\/wp-content\/uploads\/2021\/07\/talita4-150x150.jpg 150w, https:\/\/construcaocivil.siriusmarketingedesign.com.br\/wp-content\/uploads\/2021\/07\/talita4-100x100.jpg 100w, https:\/\/construcaocivil.siriusmarketingedesign.com.br\/wp-content\/uploads\/2021\/07\/talita4.jpg 720w\" sizes=\"auto, (max-width: 300px) 100vw, 300px\" \/><figcaption id=\"caption-attachment-16910\" class=\"wp-caption-text\">Talita Costa Pereira,, destaque da Literatura. Divulga\u00e7\u00e3o<\/figcaption><\/figure>\n<p style=\"text-align: justify;\">A premia\u00e7\u00e3o da poesia <span style=\"color: #ff0000;\"><strong>&#8220;Livro da Realidade&#8221;<\/strong><\/span> rendeu mo\u00e7\u00e3o de aplausos na C\u00e2mara Municipal, de autoria do vereador Guto Garcia, e reconhecimento como uma das principais promessas da literatura do pa\u00eds. Talentosa, a menina tamb\u00e9m est\u00e1 inscrita no Encontro do Patrim\u00f4nio Fluminense, com o poema <strong><span style=\"color: #0000ff;\">&#8220;Meu boi, meu brinquedo&#8221;,<\/span><\/strong> que defende a cultura do Boi Pintadinho, centen\u00e1ria em Maca\u00e9.<\/p>\n<p>J\u00e1 em 2020, Talita conquistou o primeiro lugar ao participar do 10\u00ba Encontro do Patrim\u00f4nio Fluminense, com o poema &#8220;Quarentena e sentimentos&#8221;, na categoria infantojuvenil, tanto pelo voto popular quanto pelo j\u00fari t\u00e9cnico. Em mar\u00e7o deste ano, foi uma das crian\u00e7as leitoras selecionadas para participar do projeto &#8220;Al\u00f4 Narrativas Negras&#8221;, onde interagiu com as escritoras S\u00f4nia Rosa, Simoni Mota e Daiana de Souza Andrade, que inclusive tamb\u00e9m \u00e9 macaense.<\/p>\n<p>Os eventos aconteceram no formato virtual. <span style=\"color: #0000ff;\"><em>&#8220;Gosto de escrever, ler, expressar sentimentos. Amo livros de aventura e mist\u00e9rio, filmes e s\u00e9ries, gravar v\u00eddeos e tirar fotos, al\u00e9m de cozinhar, brincar de boneca e viajar. Me inscrevi no concurso por incentivo do amigo da fam\u00edlia, o Mestre Dengo&#8221;,<\/em><\/span> destaca Talita, mesmo tendo como disciplina preferida a matem\u00e1tica e querer ser veterin\u00e1ria.<\/p>\n<p>A m\u00e3e, a professora Tatiana Costa de Souza Pereira, se emociona ao lembrar que desde os seis anos a filha gosta de escrever, jogar capoeira, sambar e de preparar algumas receitas doces. &#8220;Como professora, sei que o gosto pela leitura e o processo de escrita n\u00e3o ocorrem naturalmente. Dependem de oportunidades, acompanhamento, contato com obras. Al\u00e9m disso, precisa fazer sentido, apresentar valor social que converse com os interesses das crian\u00e7as e jovens da atualidade. Visto dessa perspectiva, Talita n\u00e3o \u00e9 exce\u00e7\u00e3o&#8221;, ressalta.<\/p>\n<p>Fonte: Prefeitura de Maca\u00e9-RJ<\/p>\n","protected":false},"excerpt":{"rendered":"<p>Julho, 2021 &#8211; Mesmo com recesso escolar, estudantes da rede municipal \u00a0continuam \u00a0se dedicando \u00e0 leitura, escrita e \u00e0s artes. \u00c9 o caso da aluna do 6\u00ba ano do Col\u00e9gio Municipal Botafogo, Talita Costa Pereira, de 11 anos, que recentemente recebeu o I Pr\u00eamio Nacional de Literatura promovido pela Academia Jovem de Letras de Campos [&hellip;]<\/p>\n","protected":false},"author":1,"featured_media":16911,"comment_status":"open","ping_status":"open","sticky":false,"template":"","format":"standard","meta":{"_uag_custom_page_level_css":"","footnotes":""},"categories":[27],"tags":[21600,21601,17494,7106,21603,8180,8869,21602],"class_list":["post-16909","post","type-post","status-publish","format-standard","has-post-thumbnail","hentry","category-acontece","tag-livro-da-realidade","tag-i-premio-nacional-de-literatura","tag-literatura-infantil","tag-macae","tag-meu-brinquedo","tag-norte-fluminense","tag-petroleo-e-gas","tag-poema-meu-boi"],"blocksy_meta":[],"spectra_blocks_featured_image_url":{"thumbnail":{"url":"https:\/\/construcaocivil.siriusmarketingedesign.com.br\/wp-content\/uploads\/2021\/07\/talita1-150x150.jpg","width":150,"height":150},"medium":{"url":"https:\/\/construcaocivil.siriusmarketingedesign.com.br\/wp-content\/uploads\/2021\/07\/talita1-300x169.jpg","width":300,"height":169},"medium_large":{"url":"https:\/\/construcaocivil.siriusmarketingedesign.com.br\/wp-content\/uploads\/2021\/07\/talita1-768x432.jpg","width":768,"height":432},"large":{"url":"https:\/\/construcaocivil.siriusmarketingedesign.com.br\/wp-content\/uploads\/2021\/07\/talita1-1024x576.jpg","width":1024,"height":576},"full":{"url":"https:\/\/construcaocivil.siriusmarketingedesign.com.br\/wp-content\/uploads\/2021\/07\/talita1.jpg","width":1032,"height":581}},"spectra_blocks_author_info":{"display_name":"Jornal da Constru\u00e7\u00e3o Civil","avatar_url":"https:\/\/secure.gravatar.com\/avatar\/973c9774fd44ddaceb026973c4962faa70fc512bc4c9da68e8ebb40fecee6540?s=96&d=mm&r=g","author_link":"https:\/\/construcaocivil.siriusmarketingedesign.com.br\/?author=1","description":"Desde de 2013, levando muitas informa\u00e7\u00f5es, lan\u00e7amentos e produtos de qualidade para toda cadeia produtiva da constru\u00e7\u00e3o. O Futuro da constru\u00e7\u00e3o passa por aqui,"},"uagb_featured_image_src":{"full":["https:\/\/construcaocivil.siriusmarketingedesign.com.br\/wp-content\/uploads\/2021\/07\/talita1.jpg",1032,581,false],"thumbnail":["https:\/\/construcaocivil.siriusmarketingedesign.com.br\/wp-content\/uploads\/2021\/07\/talita1-150x150.jpg",150,150,true],"medium":["https:\/\/construcaocivil.siriusmarketingedesign.com.br\/wp-content\/uploads\/2021\/07\/talita1-300x169.jpg",300,169,true],"medium_large":["https:\/\/construcaocivil.siriusmarketingedesign.com.br\/wp-content\/uploads\/2021\/07\/talita1-768x432.jpg",768,432,true],"large":["https:\/\/construcaocivil.siriusmarketingedesign.com.br\/wp-content\/uploads\/2021\/07\/talita1-1024x576.jpg",1024,576,true],"1536x1536":["https:\/\/construcaocivil.siriusmarketingedesign.com.br\/wp-content\/uploads\/2021\/07\/talita1.jpg",1032,581,false],"2048x2048":["https:\/\/construcaocivil.siriusmarketingedesign.com.br\/wp-content\/uploads\/2021\/07\/talita1.jpg",1032,581,false]},"uagb_author_info":{"display_name":"Jornal da Constru\u00e7\u00e3o Civil","author_link":"https:\/\/construcaocivil.siriusmarketingedesign.com.br\/?author=1"},"uagb_comment_info":0,"uagb_excerpt":"Julho, 2021 &#8211; Mesmo com recesso escolar, estudantes da rede municipal \u00a0continuam \u00a0se dedicando \u00e0 leitura, escrita e \u00e0s artes. \u00c9 o caso da aluna do 6\u00ba ano do Col\u00e9gio Municipal Botafogo, Talita Costa Pereira, de 11 anos, que recentemente recebeu o I Pr\u00eamio Nacional de Literatura promovido pela Academia Jovem de Letras de Campos&hellip;","_links":{"self":[{"href":"https:\/\/construcaocivil.siriusmarketingedesign.com.br\/index.php?rest_route=\/wp\/v2\/posts\/16909","targetHints":{"allow":["GET"]}}],"collection":[{"href":"https:\/\/construcaocivil.siriusmarketingedesign.com.br\/index.php?rest_route=\/wp\/v2\/posts"}],"about":[{"href":"https:\/\/construcaocivil.siriusmarketingedesign.com.br\/index.php?rest_route=\/wp\/v2\/types\/post"}],"author":[{"embeddable":true,"href":"https:\/\/construcaocivil.siriusmarketingedesign.com.br\/index.php?rest_route=\/wp\/v2\/users\/1"}],"replies":[{"embeddable":true,"href":"https:\/\/construcaocivil.siriusmarketingedesign.com.br\/index.php?rest_route=%2Fwp%2Fv2%2Fcomments&post=16909"}],"version-history":[{"count":0,"href":"https:\/\/construcaocivil.siriusmarketingedesign.com.br\/index.php?rest_route=\/wp\/v2\/posts\/16909\/revisions"}],"wp:featuredmedia":[{"embeddable":true,"href":"https:\/\/construcaocivil.siriusmarketingedesign.com.br\/index.php?rest_route=\/wp\/v2\/media\/16911"}],"wp:attachment":[{"href":"https:\/\/construcaocivil.siriusmarketingedesign.com.br\/index.php?rest_route=%2Fwp%2Fv2%2Fmedia&parent=16909"}],"wp:term":[{"taxonomy":"category","embeddable":true,"href":"https:\/\/construcaocivil.siriusmarketingedesign.com.br\/index.php?rest_route=%2Fwp%2Fv2%2Fcategories&post=16909"},{"taxonomy":"post_tag","embeddable":true,"href":"https:\/\/construcaocivil.siriusmarketingedesign.com.br\/index.php?rest_route=%2Fwp%2Fv2%2Ftags&post=16909"}],"curies":[{"name":"wp","href":"https:\/\/api.w.org\/{rel}","templated":true}]}}