{"id":16925,"date":"2021-07-18T13:32:55","date_gmt":"2021-07-18T16:32:55","guid":{"rendered":"https:\/\/www.jornaldaconstrucaocivil.com.br\/?p=16925"},"modified":"2021-07-18T13:32:55","modified_gmt":"2021-07-18T16:32:55","slug":"tcu-suspendeu-o-contrato-de-permuta-do-crea-sp","status":"publish","type":"post","link":"https:\/\/construcaocivil.siriusmarketingedesign.com.br\/?p=16925","title":{"rendered":"TCU suspendeu o contrato de permuta do CREA-SP"},"content":{"rendered":"<p>Julho, 2021 &#8211; No dia 14 de julho de 2021, o Tribunal de Contas da Uni\u00e3o concedeu medida cautelar no \u00e2mbito de den\u00fancia formulada pelo eng. Jos\u00e9 Manoel Ferreira Gon\u00e7alves contra a permuta de im\u00f3veis que o CREA\/SP pretendeu fazer de forma irregular, em troca de edifica\u00e7\u00e3o a construir. Entre as v\u00e1rias irregularidades identificadas pelo Ministro Marcos Bemquerer, do TCU, destacamos:<\/p>\n<p><span style=\"color: #993300;\">a) A ilegal contrata\u00e7\u00e3o milion\u00e1ria (R$ 198 milh\u00f5es) de obra pelo CREA\/SP sem licita\u00e7\u00e3o, contrariando a obriga\u00e7\u00e3o de que contrata\u00e7\u00e3o de obra de engenharia para constru\u00e7\u00e3o de nova sede para a entidade requer, obrigatoriamente, a realiza\u00e7\u00e3o de licita\u00e7\u00e3o;<\/span><br \/>\n<span style=\"color: #993300;\">b) inexist\u00eancia de projeto b\u00e1sico para a contrata\u00e7\u00e3o de obra de engenharia de constru\u00e7\u00e3o de nova sede para o Crea\/SP<\/span><\/p>\n<figure id=\"attachment_16926\" aria-describedby=\"caption-attachment-16926\" style=\"width: 225px\" class=\"wp-caption alignleft\"><img loading=\"lazy\" decoding=\"async\" class=\"size-medium wp-image-16926\" src=\"https:\/\/www.jornaldaconstrucaocivil.com.br\/wp-content\/uploads\/2021\/07\/Jose-Manoel-Ferreira-Goncalves-225x300.jpg\" alt=\"\" width=\"225\" height=\"300\" srcset=\"https:\/\/construcaocivil.siriusmarketingedesign.com.br\/wp-content\/uploads\/2021\/07\/Jose-Manoel-Ferreira-Goncalves-225x300.jpg 225w, https:\/\/construcaocivil.siriusmarketingedesign.com.br\/wp-content\/uploads\/2021\/07\/Jose-Manoel-Ferreira-Goncalves-768x1024.jpg 768w, https:\/\/construcaocivil.siriusmarketingedesign.com.br\/wp-content\/uploads\/2021\/07\/Jose-Manoel-Ferreira-Goncalves-1152x1536.jpg 1152w, https:\/\/construcaocivil.siriusmarketingedesign.com.br\/wp-content\/uploads\/2021\/07\/Jose-Manoel-Ferreira-Goncalves-1536x2048.jpg 1536w, https:\/\/construcaocivil.siriusmarketingedesign.com.br\/wp-content\/uploads\/2021\/07\/Jose-Manoel-Ferreira-Goncalves-scaled.jpg 1920w\" sizes=\"auto, (max-width: 225px) 100vw, 225px\" \/><figcaption id=\"caption-attachment-16926\" class=\"wp-caption-text\">eng. Jos\u00e9 Manoel Ferreira Gon\u00e7alves<\/figcaption><\/figure>\n<p><span style=\"color: #993300;\">c) ofensa \u00e0 proibi\u00e7\u00e3o legal de que a mesma empresa que fa\u00e7a o projeto b\u00e1sico tamb\u00e9m seja respons\u00e1vel pela execu\u00e7\u00e3o da obra. No caso, o CREA\/SP direcionou a contrata\u00e7\u00e3o para que a empresa contratada sem licita\u00e7\u00e3o recebesse o soldo milion\u00e1rio para fazer o projeto e tamb\u00e9m para executar a obra, sendo que \u00e9 totalmente proibida a cumula\u00e7\u00e3o dessas tarefas.<\/span><br \/>\n<span style=\"color: #993300;\">d) contrariedade \u00e0s normas previstas para a permuta de im\u00f3veis, nas quais est\u00e1 claro que a permuta de im\u00f3veis por edifica\u00e7\u00f5es a construir n\u00e3o pode ser realizada por inexigibilidade de licita\u00e7\u00e3o.<\/span><\/p>\n<p><span style=\"color: #000000;\">A decis\u00e3o cautelar foi assinada pelo Ministro Marcos Bemquerer no dia 13 de julho e publicada no dia 14 de julho no Boletim do Tribunal de Contas da Uni\u00e3o, e foi assim redigida:<\/span><\/p>\n<div>\n<div>\n<p><em>&#8220;Assim, considerando as ocorr\u00eancias discutidas nos presentes autos, defiro a medida cautelar proposta pelo \u00f3rg\u00e3o instrutivo, determinando ao Crea\/SP que se abstenha de celebrar o contrato de permuta de bens im\u00f3veis decorrente do Chamamento P\u00fablico 1\/2020 ou, caso j\u00e1 o tenha firmado, suspenda a sua execu\u00e7\u00e3o, at\u00e9 que este Tribunal se manifeste conclusivamente a respeito das quest\u00f5es tratadas no bojo deste processo.&#8221;<\/em><\/p>\n<p>&nbsp;<\/p>\n<\/div>\n<\/div>\n","protected":false},"excerpt":{"rendered":"<p>Julho, 2021 &#8211; No dia 14 de julho de 2021, o Tribunal de Contas da Uni\u00e3o concedeu medida cautelar no \u00e2mbito de den\u00fancia formulada pelo eng. Jos\u00e9 Manoel Ferreira Gon\u00e7alves contra a permuta de im\u00f3veis que o CREA\/SP pretendeu fazer de forma irregular, em troca de edifica\u00e7\u00e3o a construir. Entre as v\u00e1rias irregularidades identificadas pelo [&hellip;]<\/p>\n","protected":false},"author":1,"featured_media":16927,"comment_status":"open","ping_status":"open","sticky":false,"template":"","format":"standard","meta":{"_uag_custom_page_level_css":"","footnotes":""},"categories":[27],"tags":[3144,21617,21618,11959],"class_list":["post-16925","post","type-post","status-publish","format-standard","has-post-thumbnail","hentry","category-acontece","tag-crea-sp","tag-gestao-do-crea-sp","tag-irregularidades-na-gestao-crea-sp","tag-tribunal-de-contas-da-uniao"],"blocksy_meta":[],"spectra_blocks_featured_image_url":{"thumbnail":{"url":"https:\/\/construcaocivil.siriusmarketingedesign.com.br\/wp-content\/uploads\/2021\/07\/CREASP-150x150.jpeg","width":150,"height":150},"medium":{"url":"https:\/\/construcaocivil.siriusmarketingedesign.com.br\/wp-content\/uploads\/2021\/07\/CREASP.jpeg","width":300,"height":250},"medium_large":{"url":"https:\/\/construcaocivil.siriusmarketingedesign.com.br\/wp-content\/uploads\/2021\/07\/CREASP.jpeg","width":300,"height":250},"large":{"url":"https:\/\/construcaocivil.siriusmarketingedesign.com.br\/wp-content\/uploads\/2021\/07\/CREASP.jpeg","width":300,"height":250},"full":{"url":"https:\/\/construcaocivil.siriusmarketingedesign.com.br\/wp-content\/uploads\/2021\/07\/CREASP.jpeg","width":300,"height":250}},"spectra_blocks_author_info":{"display_name":"Jornal da Constru\u00e7\u00e3o Civil","avatar_url":"https:\/\/secure.gravatar.com\/avatar\/973c9774fd44ddaceb026973c4962faa70fc512bc4c9da68e8ebb40fecee6540?s=96&d=mm&r=g","author_link":"https:\/\/construcaocivil.siriusmarketingedesign.com.br\/?author=1","description":"Desde de 2013, levando muitas informa\u00e7\u00f5es, lan\u00e7amentos e produtos de qualidade para toda cadeia produtiva da constru\u00e7\u00e3o. O Futuro da constru\u00e7\u00e3o passa por aqui,"},"uagb_featured_image_src":{"full":["https:\/\/construcaocivil.siriusmarketingedesign.com.br\/wp-content\/uploads\/2021\/07\/CREASP.jpeg",300,250,false],"thumbnail":["https:\/\/construcaocivil.siriusmarketingedesign.com.br\/wp-content\/uploads\/2021\/07\/CREASP-150x150.jpeg",150,150,true],"medium":["https:\/\/construcaocivil.siriusmarketingedesign.com.br\/wp-content\/uploads\/2021\/07\/CREASP.jpeg",300,250,false],"medium_large":["https:\/\/construcaocivil.siriusmarketingedesign.com.br\/wp-content\/uploads\/2021\/07\/CREASP.jpeg",300,250,false],"large":["https:\/\/construcaocivil.siriusmarketingedesign.com.br\/wp-content\/uploads\/2021\/07\/CREASP.jpeg",300,250,false],"1536x1536":["https:\/\/construcaocivil.siriusmarketingedesign.com.br\/wp-content\/uploads\/2021\/07\/CREASP.jpeg",300,250,false],"2048x2048":["https:\/\/construcaocivil.siriusmarketingedesign.com.br\/wp-content\/uploads\/2021\/07\/CREASP.jpeg",300,250,false]},"uagb_author_info":{"display_name":"Jornal da Constru\u00e7\u00e3o Civil","author_link":"https:\/\/construcaocivil.siriusmarketingedesign.com.br\/?author=1"},"uagb_comment_info":0,"uagb_excerpt":"Julho, 2021 &#8211; No dia 14 de julho de 2021, o Tribunal de Contas da Uni\u00e3o concedeu medida cautelar no \u00e2mbito de den\u00fancia formulada pelo eng. Jos\u00e9 Manoel Ferreira Gon\u00e7alves contra a permuta de im\u00f3veis que o CREA\/SP pretendeu fazer de forma irregular, em troca de edifica\u00e7\u00e3o a construir. Entre as v\u00e1rias irregularidades identificadas pelo&hellip;","_links":{"self":[{"href":"https:\/\/construcaocivil.siriusmarketingedesign.com.br\/index.php?rest_route=\/wp\/v2\/posts\/16925","targetHints":{"allow":["GET"]}}],"collection":[{"href":"https:\/\/construcaocivil.siriusmarketingedesign.com.br\/index.php?rest_route=\/wp\/v2\/posts"}],"about":[{"href":"https:\/\/construcaocivil.siriusmarketingedesign.com.br\/index.php?rest_route=\/wp\/v2\/types\/post"}],"author":[{"embeddable":true,"href":"https:\/\/construcaocivil.siriusmarketingedesign.com.br\/index.php?rest_route=\/wp\/v2\/users\/1"}],"replies":[{"embeddable":true,"href":"https:\/\/construcaocivil.siriusmarketingedesign.com.br\/index.php?rest_route=%2Fwp%2Fv2%2Fcomments&post=16925"}],"version-history":[{"count":0,"href":"https:\/\/construcaocivil.siriusmarketingedesign.com.br\/index.php?rest_route=\/wp\/v2\/posts\/16925\/revisions"}],"wp:featuredmedia":[{"embeddable":true,"href":"https:\/\/construcaocivil.siriusmarketingedesign.com.br\/index.php?rest_route=\/wp\/v2\/media\/16927"}],"wp:attachment":[{"href":"https:\/\/construcaocivil.siriusmarketingedesign.com.br\/index.php?rest_route=%2Fwp%2Fv2%2Fmedia&parent=16925"}],"wp:term":[{"taxonomy":"category","embeddable":true,"href":"https:\/\/construcaocivil.siriusmarketingedesign.com.br\/index.php?rest_route=%2Fwp%2Fv2%2Fcategories&post=16925"},{"taxonomy":"post_tag","embeddable":true,"href":"https:\/\/construcaocivil.siriusmarketingedesign.com.br\/index.php?rest_route=%2Fwp%2Fv2%2Ftags&post=16925"}],"curies":[{"name":"wp","href":"https:\/\/api.w.org\/{rel}","templated":true}]}}