{"id":16935,"date":"2021-07-20T00:45:37","date_gmt":"2021-07-20T03:45:37","guid":{"rendered":"https:\/\/www.jornaldaconstrucaocivil.com.br\/?p=16935"},"modified":"2021-07-20T00:45:37","modified_gmt":"2021-07-20T03:45:37","slug":"covid-19-construcao-lanca-campanha-de-reforco-as-medidas-de-prevencao","status":"publish","type":"post","link":"https:\/\/construcaocivil.siriusmarketingedesign.com.br\/?p=16935","title":{"rendered":"Covid-19: Constru\u00e7\u00e3o lan\u00e7a campanha de refor\u00e7o \u00e0s medidas de preven\u00e7\u00e3o"},"content":{"rendered":"<p><span style=\"color: #993300;\">Julho<\/span>, 2021 &#8211; O Sindicato da Constru\u00e7\u00e3o Civil do Estado de S\u00e3o Paulo (SindusCon-SP) e o Servi\u00e7o Social da Constru\u00e7\u00e3o Civil do Estado de S\u00e3o Paulo (Seconci-SP) e as demais entidades de empresas e de trabalhadores da constru\u00e7\u00e3o paulista lan\u00e7aram uma nova campanha de refor\u00e7o \u00e0s medidas de preven\u00e7\u00e3o contra a Covid-19 nos canteiros de obras.<\/p>\n<p>Sob o t\u00edtulo<span style=\"color: #0000ff;\">\u00a0<strong>\u201cO bom exemplo da Constru\u00e7\u00e3o\u201d<\/strong><\/span>, a campanha disponibiliza um\u00a0<a href=\"http:\/\/www.seconci-sp.org.br\/\">cartaz<\/a>\u00a0\u00a0que atribui a queda no \u00edndice de contamina\u00e7\u00f5es nos canteiros \u00e0 \u201cgrande conscientiza\u00e7\u00e3o dos trabalhadores e \u00e0 implementa\u00e7\u00e3o das medidas sanit\u00e1rias feitas pelas construtoras\u201d.<\/p>\n<p>\u201cPor isso, a constru\u00e7\u00e3o n\u00e3o parou, os empregos foram mantidos e novas obras est\u00e3o come\u00e7ando. Parab\u00e9ns aos trabalhadores e empres\u00e1rios da constru\u00e7\u00e3o paulista\u201d, completam os dizeres, destacando:\u00a0<span style=\"color: #0000ff;\"><strong>\u201cO importante \u00e9 n\u00e3o baixar a guarda e continuar com todos os cuidados\u201d<\/strong>.<\/span><\/p>\n<p><strong>QUEDA De CASOS CONFIRMADOS<\/strong><\/p>\n<p>Os casos confirmados de contamina\u00e7\u00e3o por Covid-19 nas obras do Estado de S\u00e3o Paulo ca\u00edram de 0,15% para 0,11% do contingente de trabalhadores, e os suspeitos oscilaram de 0,29% para 0,30%. Um \u00f3bito ocorreu, em S\u00e3o Jos\u00e9 dos Campos. Dois trabalhadores estavam em interna\u00e7\u00e3o hospitalar.<\/p>\n<p>Os dados foram apurados pela 60\u00aa Pesquisa \u201cConhecendo as A\u00e7\u00f5es das Construtoras Paulistas no Combate \u00e0 Covid-19\u201d, realizada semanalmente por SindusCon-SP e Seconci-SP.<\/p>\n<p>A informa\u00e7\u00e3o \u00e9 de Yorki Estefan, presidente interino do SindusCon-SP, e Haruo Ishikawa, presidente do Seconci-SP. Eles reiteram a necessidade de refor\u00e7o das medidas de prote\u00e7\u00e3o, ante a confirma\u00e7\u00e3o da circula\u00e7\u00e3o da variante delta da Covid-19, mais transmiss\u00edvel.<\/p>\n<p>Nesta 60\u00aa rodada, foram obtidas respostas de 50 empresas, respons\u00e1veis por 577 obras, envolvendo 37.149 empregos diretos e terceirizados, de 8 a 14 de julho.<\/p>\n<p><span style=\"color: #0000ff;\"><strong>Principais resultados da 60\u00aa Pesquisa:<\/strong><\/span><\/p>\n<ul>\n<li>0,30% afastados por suspeita de Covid-19;<\/li>\n<li>0,11% afastados por confirma\u00e7\u00e3o da doen\u00e7a;<\/li>\n<li>577 obras em andamento e nenhuma parada;<\/li>\n<li>98% do pessoal est\u00e3o em atividade;<\/li>\n<li>100% das empresas adotam medi\u00e7\u00e3o de temperatura e higieniza\u00e7\u00e3o das m\u00e3os, d\u00e3o orienta\u00e7\u00f5es di\u00e1rias sobre preven\u00e7\u00e3o, e higienizam e realizam demarca\u00e7\u00f5es em \u00e1reas de viv\u00eancia;<\/li>\n<li>98% orientam sobre limpeza dos Equipamentos de Prote\u00e7\u00e3o Individual e afixam informativos impressos sobre a Covid-19 nos locais de circula\u00e7\u00e3o;<\/li>\n<li>94% fornecem m\u00e1scaras para o transporte e para utiliza\u00e7\u00e3o na obra e realizam limpeza de EPIs e ferramentas e instituem hor\u00e1rios escalonados para entrada, sa\u00edda e refei\u00e7\u00f5es;<\/li>\n<li>88% divulgam aos trabalhadores cartazes e v\u00eddeos de orienta\u00e7\u00e3o do SindusCon-SP e do Seconci-SP e realizam outras pr\u00e1ticas para a preven\u00e7\u00e3o da contamina\u00e7\u00e3o entre os trabalhadores e a comunidade.<\/li>\n<li>83% distribuem informativos eletr\u00f4nicos sobre a Covid-19.<\/li>\n<\/ul>\n<p>Os presidentes do SindusCon-SP e do Seconci-SP reafirmam o convite para mais empresas com obras no Estado de S\u00e3o Paulo participarem das pr\u00f3ximas rodadas; basta enviar um e-mail para\u00a0<span style=\"color: #0000ff;\"><a style=\"color: #0000ff;\" href=\"mailto:pesquisacovid-19@seconci-sp.org.br\">pesquisacovid-19@seconci-sp.org.br<\/a><\/span>\u00a0e o Seconci-SP entrar\u00e1 em contato para incluir a construtora na enquete. As entidades garantem sigilo absoluto sobre as informa\u00e7\u00f5es prestadas.<\/p>\n<p>Veja os relat\u00f3rios completos das rodadas da pesquisa:<\/p>\n<p><a href=\"http:\/\/www.seconci-sp.org.br\/midia\/132709194139812799.PDF\">Cinco \u00faltimas<\/a><\/p>\n<p><a href=\"http:\/\/www.seconci-sp.org.br\/midia\/132709194397003671.pdf\">51\u00aa \u00e0 55\u00aa<\/a>\u00a0<em>\u00a0\u00a0<\/em><\/p>\n<p><a href=\"http:\/\/www.seconci-sp.org.br\/midia\/132709194618256407.pdf\">46\u00aa \u00e0 50\u00aa<\/a><\/p>\n<p><a href=\"http:\/\/www.seconci-sp.org.br\/midia\/132709194772477148.pdf\">41\u00aa \u00e0 45\u00aa<\/a><\/p>\n<p><a href=\"http:\/\/www.seconci-sp.org.br\/midia\/132709195942958026.pdf\">36\u00aa \u00e0 40\u00aa<\/a>\u00a0<em>\u00a0\u00a0<\/em><\/p>\n<p><a href=\"http:\/\/www.seconci-sp.org.br\/midia\/132709196161709559.pdf\">31\u00aa \u00e0 35\u00aa<\/a>\u00a0<em>\u00a0\u00a0<\/em><\/p>\n<p><a href=\"http:\/\/www.seconci-sp.org.br\/midia\/132709197151874060.pdf\">25\u00aa \u00e0 30\u00aa<\/a>\u00a0<em>\u00a0\u00a0<\/em><\/p>\n<p><a href=\"http:\/\/www.seconci-sp.org.br\/midia\/132612562848059483.pdf\">19\u00aa \u00e0 24\u00aa<\/a>\u00a0<em>\u00a0\u00a0<\/em><\/p>\n<p><a href=\"http:\/\/www.seconci-sp.org.br\/midia\/132612563040560434.pdf\">13\u00aa \u00e0 18\u00aa<\/a>\u00a0<em>\u00a0<\/em><\/p>\n<p><a href=\"http:\/\/www.seconci-sp.org.br\/midia\/132576161977016709.pdf\">7\u00aa \u00e0 12\u00aa<\/a><\/p>\n<p><a href=\"http:\/\/www.seconci-sp.org.br\/midia\/132576161173890749.pdf\">Seis primeiras<\/a>\u00a0<em>\u00a0<\/em><\/p>\n<p>Fonte: Boletim CBIC<\/p>\n","protected":false},"excerpt":{"rendered":"<p>Julho, 2021 &#8211; O Sindicato da Constru\u00e7\u00e3o Civil do Estado de S\u00e3o Paulo (SindusCon-SP) e o Servi\u00e7o Social da Constru\u00e7\u00e3o Civil do Estado de S\u00e3o Paulo (Seconci-SP) e as demais entidades de empresas e de trabalhadores da constru\u00e7\u00e3o paulista lan\u00e7aram uma nova campanha de refor\u00e7o \u00e0s medidas de preven\u00e7\u00e3o contra a Covid-19 nos canteiros de [&hellip;]<\/p>\n","protected":false},"author":1,"featured_media":16936,"comment_status":"open","ping_status":"open","sticky":false,"template":"","format":"standard","meta":{"_uag_custom_page_level_css":"","footnotes":""},"categories":[27],"tags":[2029,21624,21622,10696,10734,11168,21623],"class_list":["post-16935","post","type-post","status-publish","format-standard","has-post-thumbnail","hentry","category-acontece","tag-cbic","tag-construcao-civil-x-covid-19","tag-covid-19-nos-canteiros-de-obras","tag-saude-do-trabalhador","tag-seconci-sp","tag-sinduscon-sp","tag-vacina-nas-obras"],"blocksy_meta":[],"spectra_blocks_featured_image_url":{"thumbnail":{"url":"https:\/\/construcaocivil.siriusmarketingedesign.com.br\/wp-content\/uploads\/2021\/07\/COVID-19-150x150.jpeg","width":150,"height":150},"medium":{"url":"https:\/\/construcaocivil.siriusmarketingedesign.com.br\/wp-content\/uploads\/2021\/07\/COVID-19-300x133.jpeg","width":300,"height":133},"medium_large":{"url":"https:\/\/construcaocivil.siriusmarketingedesign.com.br\/wp-content\/uploads\/2021\/07\/COVID-19.jpeg","width":748,"height":331},"large":{"url":"https:\/\/construcaocivil.siriusmarketingedesign.com.br\/wp-content\/uploads\/2021\/07\/COVID-19.jpeg","width":748,"height":331},"full":{"url":"https:\/\/construcaocivil.siriusmarketingedesign.com.br\/wp-content\/uploads\/2021\/07\/COVID-19.jpeg","width":748,"height":331}},"spectra_blocks_author_info":{"display_name":"Jornal da Constru\u00e7\u00e3o Civil","avatar_url":"https:\/\/secure.gravatar.com\/avatar\/973c9774fd44ddaceb026973c4962faa70fc512bc4c9da68e8ebb40fecee6540?s=96&d=mm&r=g","author_link":"https:\/\/construcaocivil.siriusmarketingedesign.com.br\/?author=1","description":"Desde de 2013, levando muitas informa\u00e7\u00f5es, lan\u00e7amentos e produtos de qualidade para toda cadeia produtiva da constru\u00e7\u00e3o. O Futuro da constru\u00e7\u00e3o passa por aqui,"},"uagb_featured_image_src":{"full":["https:\/\/construcaocivil.siriusmarketingedesign.com.br\/wp-content\/uploads\/2021\/07\/COVID-19.jpeg",748,331,false],"thumbnail":["https:\/\/construcaocivil.siriusmarketingedesign.com.br\/wp-content\/uploads\/2021\/07\/COVID-19-150x150.jpeg",150,150,true],"medium":["https:\/\/construcaocivil.siriusmarketingedesign.com.br\/wp-content\/uploads\/2021\/07\/COVID-19-300x133.jpeg",300,133,true],"medium_large":["https:\/\/construcaocivil.siriusmarketingedesign.com.br\/wp-content\/uploads\/2021\/07\/COVID-19.jpeg",748,331,false],"large":["https:\/\/construcaocivil.siriusmarketingedesign.com.br\/wp-content\/uploads\/2021\/07\/COVID-19.jpeg",748,331,false],"1536x1536":["https:\/\/construcaocivil.siriusmarketingedesign.com.br\/wp-content\/uploads\/2021\/07\/COVID-19.jpeg",748,331,false],"2048x2048":["https:\/\/construcaocivil.siriusmarketingedesign.com.br\/wp-content\/uploads\/2021\/07\/COVID-19.jpeg",748,331,false]},"uagb_author_info":{"display_name":"Jornal da Constru\u00e7\u00e3o Civil","author_link":"https:\/\/construcaocivil.siriusmarketingedesign.com.br\/?author=1"},"uagb_comment_info":0,"uagb_excerpt":"Julho, 2021 &#8211; O Sindicato da Constru\u00e7\u00e3o Civil do Estado de S\u00e3o Paulo (SindusCon-SP) e o Servi\u00e7o Social da Constru\u00e7\u00e3o Civil do Estado de S\u00e3o Paulo (Seconci-SP) e as demais entidades de empresas e de trabalhadores da constru\u00e7\u00e3o paulista lan\u00e7aram uma nova campanha de refor\u00e7o \u00e0s medidas de preven\u00e7\u00e3o contra a Covid-19 nos canteiros de&hellip;","_links":{"self":[{"href":"https:\/\/construcaocivil.siriusmarketingedesign.com.br\/index.php?rest_route=\/wp\/v2\/posts\/16935","targetHints":{"allow":["GET"]}}],"collection":[{"href":"https:\/\/construcaocivil.siriusmarketingedesign.com.br\/index.php?rest_route=\/wp\/v2\/posts"}],"about":[{"href":"https:\/\/construcaocivil.siriusmarketingedesign.com.br\/index.php?rest_route=\/wp\/v2\/types\/post"}],"author":[{"embeddable":true,"href":"https:\/\/construcaocivil.siriusmarketingedesign.com.br\/index.php?rest_route=\/wp\/v2\/users\/1"}],"replies":[{"embeddable":true,"href":"https:\/\/construcaocivil.siriusmarketingedesign.com.br\/index.php?rest_route=%2Fwp%2Fv2%2Fcomments&post=16935"}],"version-history":[{"count":0,"href":"https:\/\/construcaocivil.siriusmarketingedesign.com.br\/index.php?rest_route=\/wp\/v2\/posts\/16935\/revisions"}],"wp:featuredmedia":[{"embeddable":true,"href":"https:\/\/construcaocivil.siriusmarketingedesign.com.br\/index.php?rest_route=\/wp\/v2\/media\/16936"}],"wp:attachment":[{"href":"https:\/\/construcaocivil.siriusmarketingedesign.com.br\/index.php?rest_route=%2Fwp%2Fv2%2Fmedia&parent=16935"}],"wp:term":[{"taxonomy":"category","embeddable":true,"href":"https:\/\/construcaocivil.siriusmarketingedesign.com.br\/index.php?rest_route=%2Fwp%2Fv2%2Fcategories&post=16935"},{"taxonomy":"post_tag","embeddable":true,"href":"https:\/\/construcaocivil.siriusmarketingedesign.com.br\/index.php?rest_route=%2Fwp%2Fv2%2Ftags&post=16935"}],"curies":[{"name":"wp","href":"https:\/\/api.w.org\/{rel}","templated":true}]}}