{"id":16974,"date":"2021-07-23T17:32:04","date_gmt":"2021-07-23T20:32:04","guid":{"rendered":"https:\/\/www.jornaldaconstrucaocivil.com.br\/?p=16974"},"modified":"2021-07-23T17:32:04","modified_gmt":"2021-07-23T20:32:04","slug":"sobratema-estima-crescimento-de-25-nas-vendas-de-equipamentos-da-linha-amarela-em-2021","status":"publish","type":"post","link":"https:\/\/construcaocivil.siriusmarketingedesign.com.br\/?p=16974","title":{"rendered":"Sobratema estima crescimento de 25% nas vendas de equipamentos da linha amarela em 2021"},"content":{"rendered":"<div>\n<div>\n<p style=\"text-align: justify;\">Julho, 2021 &#8211; A <strong>Associa\u00e7\u00e3o Brasileira de Tecnologia para Constru\u00e7\u00e3o e Minera\u00e7\u00e3o (Sobratema)<\/strong>\u00a0estima um crescimento de 25% nas vendas de equipamentos da linha amarela (movimenta\u00e7\u00e3o de terra) em 2021, alcan\u00e7ando um patamar superior a 24 mil unidades comercializadas. Contudo, esse n\u00famero pode chegar a 30 mil m\u00e1quinas, caso as vendas para o poder p\u00fablico sejam efetivadas at\u00e9 o final do ano.<\/p>\n<p>Com isso, al\u00e9m de superar as estimativas divulgadas pelo\u00a0<strong>Estudo Sobratema do Mercado Brasileiro de Equipamentos para Constru\u00e7\u00e3o<\/strong>\u00a0em novembro do ano passado, h\u00e1 a possibilidade de o mercado atingir valores muito pr\u00f3ximos aos melhores \u00edndices de comercializa\u00e7\u00e3o obtidos no in\u00edcio da d\u00e9cada passada. As informa\u00e7\u00f5es foram anunciadas no\u00a0<strong>Webinar Sobratema\u00a0<em>Atualiza\u00e7\u00e3o das Tend\u00eancias no Mercado da Constru\u00e7\u00e3o<\/em><\/strong>, promovido no dia 22 de julho.<\/p>\n<p>De acordo com o consultor\u00a0<strong>Mario Miranda<\/strong>, coordenador do Estudo de Mercado, esse aumento acima da expectativa est\u00e1 alinhado \u00e0 oferta e ao volume de neg\u00f3cios das construtoras, locadoras e dealers. Para 80% das empresas, a demanda real est\u00e1 igual, esperado ou maior do que esperado neste ano, bem como o volume real de neg\u00f3cios est\u00e1 melhor, muito melhor ou igual ao esperado.<\/p>\n<p>Em termos de precifica\u00e7\u00e3o do mercado, Miranda calculou que esse volume de vendas equivale a cerca de R$ 14 bilh\u00f5es, o que representa um crescimento de 27% diante do valor de 2020 (R$ 11,2 bilh\u00f5es), na linha amarela. \u201c\u00c9 importante lembrar que essa estimativa mede n\u00e3o apenas o aumento da demanda, mas tamb\u00e9m a majora\u00e7\u00e3o dos pre\u00e7os dos equipamentos no mercado nacional, que receberam ajustes devido \u00e0 eleva\u00e7\u00e3o de custos de componentes, insumos e mat\u00e9rias-primas e a varia\u00e7\u00e3o cambial\u201d, explicou.<\/p>\n<p>Para Miranda, o mercado de m\u00e1quinas est\u00e1 em um crescimento sustent\u00e1vel desde 2018, o que resulta em um melhor planejamento de neg\u00f3cios e investimentos por parte das empresas. Entre os setores que mais impactam positivamente o setor est\u00e3o o agroneg\u00f3cio, a minera\u00e7\u00e3o, a constru\u00e7\u00e3o e a loca\u00e7\u00e3o.<\/p>\n<p>Em sua apresenta\u00e7\u00e3o no\u00a0<strong>Webinar Sobratema<\/strong>, o consultor ainda mostrou outras informa\u00e7\u00f5es positivas, como a m\u00e9dia ponderada da frota parada que vem diminuindo desde 2017. Neste ano, esse \u00edndice est\u00e1 em 22%, ou seja, 9 pontos percentuais menor do que 2020. Ele tamb\u00e9m tratou dos desafios do setor neste per\u00edodo, que inclui a varia\u00e7\u00e3o de pre\u00e7os das m\u00e1quinas, a disponibilidade desses equipamentos e o cr\u00e9dito.<\/p>\n<p>Nesse sentido, o consultor\u00a0<strong>Yoshio Kawakami<\/strong>\u00a0avaliou que o c\u00e2mbio interfere nessas quest\u00f5es, uma vez que 40% dos custos para a fabrica\u00e7\u00e3o da m\u00e1quina envolve algum tipo de importa\u00e7\u00e3o.\u00a0 \u201cAlguns componentes j\u00e1 est\u00e3o afetando os setores de forma global, como por exemplo, a escassez de chips. No setor automotivo, por exemplo, o mesmo chip \u00e9 usado em um carro econ\u00f4mico e em um autom\u00f3vel de luxo, e a prefer\u00eancia vai para o produto de maior valor\u201d, disse Kawakami, que tamb\u00e9m citou a quest\u00e3o do a\u00e7o, cujo o produto importado da China voltou a ser mais barato do que o nacional.<\/p>\n<p>O\u00a0<strong>Webinar Sobratema\u00a0<em>Atualiza\u00e7\u00e3o das Tend\u00eancias no Mercado da Constru\u00e7\u00e3o<\/em><\/strong>\u00a0tamb\u00e9m contou com a palestra do economista\u00a0<strong>Lu\u00eds Artur Nogueira<\/strong>, que trouxe uma an\u00e1lise do panorama econ\u00f4mico global, que dever\u00e1 apresentar um crescimento m\u00e9dio de 6% neste ano, ap\u00f3s uma queda de 3,6%.<\/p>\n<p>No caso do Brasil, Nogueira apresentou os pr\u00f3s e contras para a economia nacional e refletiu que, ao colocar esses fatores em uma balan\u00e7a, a expectativa \u00e9 de crescimento econ\u00f4mico nos pr\u00f3ximos anos (4,5% em 2021 e 3% em 2022), a depender de algumas premissas, como a vacina\u00e7\u00e3o, a ajuste fiscal, as reformas e a estabilidade institucional.<\/p>\n<p>Ele tamb\u00e9m citou as medidas importantes implantadas ao longo da pandemia, como a volta do aux\u00edlio emergencial, o adiamento no pagamento dos impostos (Simples), a flexibilidade nas leis trabalhistas e o esfor\u00e7o de cr\u00e9dito para pequenos empreendedores. Por fim, ele opinou que a pandemia ressaltou as desigualdades entre pa\u00edses ricos e na\u00e7\u00f5es mais pobres, entre grandes e pequenas empresas, entre trabalho formal e informal, entre setores e na \u00e1rea educacional.<\/p>\n<p>O Webinar Sobratema foi moderado por\u00a0<strong>Eurimilson Daniel<\/strong>, vice-presidente da Sobratema, e teve as boas-vindas do engenheiro\u00a0<strong>Afonso Mamede<\/strong>, presidente da Sobratema, seguida pela mensagem de\u00a0<strong>Rafael Rinaldi<\/strong>, gerente de Projetos da Messe Muenchen do Brasil, que refor\u00e7ou a realiza\u00e7\u00e3o da Smart.Con, nos dias 25 e 26 de abril de 2022, e da M&amp;T Expo, entre 30 de agosto e 2 de setembro de 2022. O evento online pode ser reassistido no\u00a0<span style=\"color: #0000ff;\"><a style=\"color: #0000ff;\" href=\"https:\/\/www.youtube.com\/watch?v=Js8o5FKIupk\" target=\"_blank\" rel=\"noopener noreferrer\">Canal do Youtube da Sobratema<\/a><\/span>\u00a0e teve o patroc\u00ednio de JLG, John Deere, Komatsu, Atlas Copco, New Holland Construction e Volvo.<\/p>\n<p>&nbsp;<\/p>\n<\/div>\n<\/div>\n","protected":false},"excerpt":{"rendered":"<p>Julho, 2021 &#8211; A Associa\u00e7\u00e3o Brasileira de Tecnologia para Constru\u00e7\u00e3o e Minera\u00e7\u00e3o (Sobratema)\u00a0estima um crescimento de 25% nas vendas de equipamentos da linha amarela (movimenta\u00e7\u00e3o de terra) em 2021, alcan\u00e7ando um patamar superior a 24 mil unidades comercializadas. Contudo, esse n\u00famero pode chegar a 30 mil m\u00e1quinas, caso as vendas para o poder p\u00fablico sejam [&hellip;]<\/p>\n","protected":false},"author":1,"featured_media":16975,"comment_status":"open","ping_status":"open","sticky":false,"template":"","format":"standard","meta":{"_uag_custom_page_level_css":"","footnotes":""},"categories":[33],"tags":[21111,541,2821,21645,21646,7232,18806,12623,14518],"class_list":["post-16974","post","type-post","status-publish","format-standard","has-post-thumbnail","hentry","category-mercado","tag-aco-importado","tag-agronegocio","tag-construcao","tag-insumos-e-precos-altos","tag-locadores-de-maquinas-pesadas","tag-maquinas-pesadas","tag-movimentacao-de-cargas","tag-sobratema","tag-vendas-de-produtos-da-linha-amarela"],"blocksy_meta":[],"spectra_blocks_featured_image_url":{"thumbnail":{"url":"https:\/\/construcaocivil.siriusmarketingedesign.com.br\/wp-content\/uploads\/2021\/07\/2021.07.23-Sobratema-Webinar-Atualizacao-Tendencias-imprensa-150x150.jpg","width":150,"height":150},"medium":{"url":"https:\/\/construcaocivil.siriusmarketingedesign.com.br\/wp-content\/uploads\/2021\/07\/2021.07.23-Sobratema-Webinar-Atualizacao-Tendencias-imprensa-300x169.jpg","width":300,"height":169},"medium_large":{"url":"https:\/\/construcaocivil.siriusmarketingedesign.com.br\/wp-content\/uploads\/2021\/07\/2021.07.23-Sobratema-Webinar-Atualizacao-Tendencias-imprensa-768x432.jpg","width":768,"height":432},"large":{"url":"https:\/\/construcaocivil.siriusmarketingedesign.com.br\/wp-content\/uploads\/2021\/07\/2021.07.23-Sobratema-Webinar-Atualizacao-Tendencias-imprensa-1024x576.jpg","width":1024,"height":576},"full":{"url":"https:\/\/construcaocivil.siriusmarketingedesign.com.br\/wp-content\/uploads\/2021\/07\/2021.07.23-Sobratema-Webinar-Atualizacao-Tendencias-imprensa.jpg","width":1366,"height":768}},"spectra_blocks_author_info":{"display_name":"Jornal da Constru\u00e7\u00e3o Civil","avatar_url":"https:\/\/secure.gravatar.com\/avatar\/973c9774fd44ddaceb026973c4962faa70fc512bc4c9da68e8ebb40fecee6540?s=96&d=mm&r=g","author_link":"https:\/\/construcaocivil.siriusmarketingedesign.com.br\/?author=1","description":"Desde de 2013, levando muitas informa\u00e7\u00f5es, lan\u00e7amentos e produtos de qualidade para toda cadeia produtiva da constru\u00e7\u00e3o. O Futuro da constru\u00e7\u00e3o passa por aqui,"},"uagb_featured_image_src":{"full":["https:\/\/construcaocivil.siriusmarketingedesign.com.br\/wp-content\/uploads\/2021\/07\/2021.07.23-Sobratema-Webinar-Atualizacao-Tendencias-imprensa.jpg",1366,768,false],"thumbnail":["https:\/\/construcaocivil.siriusmarketingedesign.com.br\/wp-content\/uploads\/2021\/07\/2021.07.23-Sobratema-Webinar-Atualizacao-Tendencias-imprensa-150x150.jpg",150,150,true],"medium":["https:\/\/construcaocivil.siriusmarketingedesign.com.br\/wp-content\/uploads\/2021\/07\/2021.07.23-Sobratema-Webinar-Atualizacao-Tendencias-imprensa-300x169.jpg",300,169,true],"medium_large":["https:\/\/construcaocivil.siriusmarketingedesign.com.br\/wp-content\/uploads\/2021\/07\/2021.07.23-Sobratema-Webinar-Atualizacao-Tendencias-imprensa-768x432.jpg",768,432,true],"large":["https:\/\/construcaocivil.siriusmarketingedesign.com.br\/wp-content\/uploads\/2021\/07\/2021.07.23-Sobratema-Webinar-Atualizacao-Tendencias-imprensa-1024x576.jpg",1024,576,true],"1536x1536":["https:\/\/construcaocivil.siriusmarketingedesign.com.br\/wp-content\/uploads\/2021\/07\/2021.07.23-Sobratema-Webinar-Atualizacao-Tendencias-imprensa.jpg",1366,768,false],"2048x2048":["https:\/\/construcaocivil.siriusmarketingedesign.com.br\/wp-content\/uploads\/2021\/07\/2021.07.23-Sobratema-Webinar-Atualizacao-Tendencias-imprensa.jpg",1366,768,false]},"uagb_author_info":{"display_name":"Jornal da Constru\u00e7\u00e3o Civil","author_link":"https:\/\/construcaocivil.siriusmarketingedesign.com.br\/?author=1"},"uagb_comment_info":0,"uagb_excerpt":"Julho, 2021 &#8211; A Associa\u00e7\u00e3o Brasileira de Tecnologia para Constru\u00e7\u00e3o e Minera\u00e7\u00e3o (Sobratema)\u00a0estima um crescimento de 25% nas vendas de equipamentos da linha amarela (movimenta\u00e7\u00e3o de terra) em 2021, alcan\u00e7ando um patamar superior a 24 mil unidades comercializadas. Contudo, esse n\u00famero pode chegar a 30 mil m\u00e1quinas, caso as vendas para o poder p\u00fablico sejam&hellip;","_links":{"self":[{"href":"https:\/\/construcaocivil.siriusmarketingedesign.com.br\/index.php?rest_route=\/wp\/v2\/posts\/16974","targetHints":{"allow":["GET"]}}],"collection":[{"href":"https:\/\/construcaocivil.siriusmarketingedesign.com.br\/index.php?rest_route=\/wp\/v2\/posts"}],"about":[{"href":"https:\/\/construcaocivil.siriusmarketingedesign.com.br\/index.php?rest_route=\/wp\/v2\/types\/post"}],"author":[{"embeddable":true,"href":"https:\/\/construcaocivil.siriusmarketingedesign.com.br\/index.php?rest_route=\/wp\/v2\/users\/1"}],"replies":[{"embeddable":true,"href":"https:\/\/construcaocivil.siriusmarketingedesign.com.br\/index.php?rest_route=%2Fwp%2Fv2%2Fcomments&post=16974"}],"version-history":[{"count":0,"href":"https:\/\/construcaocivil.siriusmarketingedesign.com.br\/index.php?rest_route=\/wp\/v2\/posts\/16974\/revisions"}],"wp:featuredmedia":[{"embeddable":true,"href":"https:\/\/construcaocivil.siriusmarketingedesign.com.br\/index.php?rest_route=\/wp\/v2\/media\/16975"}],"wp:attachment":[{"href":"https:\/\/construcaocivil.siriusmarketingedesign.com.br\/index.php?rest_route=%2Fwp%2Fv2%2Fmedia&parent=16974"}],"wp:term":[{"taxonomy":"category","embeddable":true,"href":"https:\/\/construcaocivil.siriusmarketingedesign.com.br\/index.php?rest_route=%2Fwp%2Fv2%2Fcategories&post=16974"},{"taxonomy":"post_tag","embeddable":true,"href":"https:\/\/construcaocivil.siriusmarketingedesign.com.br\/index.php?rest_route=%2Fwp%2Fv2%2Ftags&post=16974"}],"curies":[{"name":"wp","href":"https:\/\/api.w.org\/{rel}","templated":true}]}}