{"id":16980,"date":"2021-07-23T19:09:48","date_gmt":"2021-07-23T22:09:48","guid":{"rendered":"https:\/\/www.jornaldaconstrucaocivil.com.br\/?p=16980"},"modified":"2021-07-23T19:09:48","modified_gmt":"2021-07-23T22:09:48","slug":"junho-registra-queda-nos-precos-dos-imoveis-no-rio-de-janeiro-segundo-imovelweb","status":"publish","type":"post","link":"https:\/\/construcaocivil.siriusmarketingedesign.com.br\/?p=16980","title":{"rendered":"Junho registra queda nos pre\u00e7os dos im\u00f3veis no Rio de Janeiro, segundo Imovelweb"},"content":{"rendered":"<div><span style=\"color: #993300;\">Julho<\/span>, 2021 &#8211; Rio de Janeiro, julho de 2021 &#8211; De acordo com o Imovelweb, um dos maiores portais imobili\u00e1rios do Pa\u00eds, os valores m\u00e9dios para comprar ou alugar um im\u00f3vel no Rio de Janeiro em junho foram menores se comparados ao m\u00eas anterior. O pre\u00e7o m\u00e9dio do m\u00b2 foi R\ufe69 8.684, o que representa uma queda de 0,1% em rela\u00e7\u00e3o a maio. De acordo com a s\u00e9rie hist\u00f3rica do Imovelweb, os pre\u00e7os da cidade diminu\u00edram entre 2017 e metade de 2019, acumulando uma queda de 8% no per\u00edodo. Desde est\u00e3o, apesar da volatilidade dos pre\u00e7os, a tend\u00eancia \u00e9 de estabilidade.<\/p>\n<\/div>\n<div>O gr\u00e1fico abaixo mostra a evolu\u00e7\u00e3o dos pre\u00e7os dos im\u00f3veis no Rio de Janeiro desde 2017:<\/p>\n<\/div>\n<div><a href=\"https:\/\/webmail.jornaldaconstrucaocivil.com.br\/cpsess5187183278\/3rdparty\/roundcube\/#NOP\" rel=\"noreferrer\"><img decoding=\"async\" src=\"https:\/\/ydigeatrebelege.i-mpr.com\/3==QNlNmYxAjOyJmLt92YuwWa2l2YvF2Y1JHdz52bjFGZsFmby9maA9WYjFGZlJnOxcDMzMDNwMDOzozZlBnauc3bsZTM4UTM4gjM5MjRyUiM5MjRyUyM4gTNGJTJ3kDMzEzXtUTMt8VbvNmLyBXbtkmRyUiRyUSQzUycwRHdopDO\" width=\"440\" \/><\/a><\/div>\n<div>\nEm 12 meses, houve um aumento de\u00a01,4%\u00a0no valor do m\u00b2 no Rio de Janeiro. No mesmo per\u00edodo, os tr\u00eas bairros com alta mais expressiva foram\u00a0Vila Kosmos\u00a0(R\ufe69 4.058\/m\u00b2, +15,4%),\u00a0Anchieta\u00a0(R\ufe69 2.657\/m\u00b2, +18,5%) e\u00a0Camorim\u00a0(R\ufe69 7.388\/m\u00b2, +19,2%). J\u00e1 as maiores quedas ocorreram em\u00a0Cidade Nova\u00a0(R\ufe69 6.813\/m\u00b2, -15,3%),\u00a0Hon\u00f3rio Gurgel\u00a0(R\ufe69 2.664\/m\u00b2, -13,8%) e\u00a0Sampaio\u00a0(R\ufe69 3.425\/m\u00b2, -12,7%).<\/p>\n<\/div>\n<div>Veja o m\u00b2 mais barato e mais caro do Rio de Janeiro:<\/p>\n<\/div>\n<div><a href=\"https:\/\/webmail.jornaldaconstrucaocivil.com.br\/cpsess5187183278\/3rdparty\/roundcube\/#NOP\" rel=\"noreferrer\"><img decoding=\"async\" src=\"https:\/\/ydigeatrebelege.i-mpr.com\/5=ETZmdjMwojci5SbvNmLslmdpN2bhNWdyR3cu92YhRGbh5mcvpGQvF2YhRWZypTM3AzMzQDMzgzM6cWZwpmL39GbmZjYlNWM3AzMllTY4YWM3ImM1QmZhJTNyUzMxcz\/YzQmRyUyYzQmRyUyM4gTNGJTJ3kDMzEzXtUTMt8VbvNmLyBXbtkmRyUiRyUSQzUycwRHdopTM\" width=\"504\" \/><\/a><\/div>\n<div>\nA tabela abaixo mostra o pre\u00e7o m\u00e9dio do m\u00b2 por regi\u00e3o:<\/div>\n<div><a href=\"https:\/\/webmail.jornaldaconstrucaocivil.com.br\/cpsess5187183278\/3rdparty\/roundcube\/#NOP\" rel=\"noreferrer\"><img decoding=\"async\" src=\"https:\/\/ydigeatrebelege.i-mpr.com\/3=MDN3UDMmpjci5SbvNmLslmdpN2bhNWdyR3cu92YhRGbh5mcvpGQvF2YhRWZypTM3AzMzQDMzgzM6cWZwpmL39GbkZDM0E2NlNWYiZGMjlTNwgDN5QDNihTZkFmN0I2\/N1EmRyUyN1EmRyUyM4gTNGJTJ3kDMzEzXtUTMt8VbvNmLyBXbtkmRyUiRyUSQzUycwRHdopjM\" width=\"488\" \/><\/a><\/div>\n<div>\nQueda de 0,9% no aluguel<\/div>\n<div>O relat\u00f3rio do\u00a0Imovelweb\u00a0tamb\u00e9m apontou que o aluguel m\u00e9dio de um im\u00f3vel padr\u00e3o em junho foi\u00a0R\ufe69 1.894\/m\u00eas, 0,9%\u00a0a menos que no m\u00eas anterior. No primeiro semestre de 2021,\u00a0o valor de loca\u00e7\u00e3o caiu 0,8%\u00a0e em 12 meses a\u00a0redu\u00e7\u00e3o foi de 4,4%.<\/p>\n<\/div>\n<div>Entre junho de 2020 e junho de 2021, os bairros que mais registraram queda no valor de loca\u00e7\u00e3o foram\u00a0Del Castilho\u00a0(R\ufe69 1.318\/m\u00eas, -16,8%),\u00a0Gl\u00f3ria\u00a0(R\ufe69 2.225\/m\u00eas, -16,4%) e\u00a0Penha Circular\u00a0(R\ufe69 1.002\/m\u00eas, -16,0%). As maiores altas ocorreram em\u00a0Padre Miguel\u00a0(R\ufe69 1.302\/m\u00eas, +13,3%),\u00a0S\u00e3o Conrado\u00a0(R\ufe69 2.617\/m\u00eas, +15,3%) e\u00a0Vargem Grande\u00a0(R\ufe69 1.459\/m\u00eas, +16,0%).<\/p>\n<\/div>\n<div>A tabela mostra os bairros mais baratos e mais caros para alugar um im\u00f3vel no Rio de Janeiro:<\/p>\n<\/div>\n<div><a href=\"https:\/\/webmail.jornaldaconstrucaocivil.com.br\/cpsess5187183278\/3rdparty\/roundcube\/#NOP\" rel=\"noreferrer\"><img decoding=\"async\" src=\"https:\/\/ydigeatrebelege.i-mpr.com\/5=MGO1YzYhpjci5SbvNmLslmdpN2bhNWdyR3cu92YhRGbh5mcvpGQvF2YhRWZypTM3AzMzQDMzgzM6cWZwpmL39Gb3UTY2ImNmR2NlVmNmRDMzQWN5kTNwEmNhVWMxMG\/Z0QmRyUCZ0QmRyUyM4gTNGJTJ3kDMzEzXtUTMt8VbvNmLyBXbtkmRyUiRyUSQzUycwRHdopDM\" width=\"536\" \/><\/a><\/div>\n<div>\nAbaixo est\u00e3o os pre\u00e7os m\u00e9dios de loca\u00e7\u00e3o por regi\u00e3o:<\/div>\n<div><a href=\"https:\/\/webmail.jornaldaconstrucaocivil.com.br\/cpsess5187183278\/3rdparty\/roundcube\/#NOP\" rel=\"noreferrer\"><img decoding=\"async\" src=\"https:\/\/ydigeatrebelege.i-mpr.com\/9=UGM0IWZkpjci5SbvNmLslmdpN2bhNWdyR3cu92YhRGbh5mcvpGQvF2YhRWZypTM3AzMzQDMzgzM6cWZwpmL39GbxkzM0ImZzEDMzUmYkVDO3ATNjVjYhRmYjJ2MyMG\/NhJmRyUCNhJmRyUyM4gTNGJTJ3kDMzEzXtUTMt8VbvNmLyBXbtkmRyUiRyUSQzUycwRHdopjN\" width=\"520\" \/><\/a><\/div>\n<div>\nRentabilidade<\/div>\n<div>O \u00edndice de rentabilidade imobili\u00e1ria do\u00a0Imovelweb\u00a0relaciona o pre\u00e7o de venda e valor de loca\u00e7\u00e3o do im\u00f3vel para verificar o tempo necess\u00e1rio para recuperar o dinheiro utilizado na aquisi\u00e7\u00e3o do im\u00f3vel. No relat\u00f3rio de junho, o \u00edndice foi\u00a04,06%\u00a0bruto anual, o que significa que s\u00e3o necess\u00e1rios\u00a024,6 anos\u00a0para recuperar o valor investido na compra de um im\u00f3vel,\u00a012%\u00a0a mais que h\u00e1 um ano.<\/p>\n<\/div>\n<div><a href=\"https:\/\/webmail.jornaldaconstrucaocivil.com.br\/cpsess5187183278\/3rdparty\/roundcube\/#NOP\" rel=\"noreferrer\"><img decoding=\"async\" src=\"https:\/\/ydigeatrebelege.i-mpr.com\/0=EWOykjM2ojci5SbvNmLslmdpN2bhNWdyR3cu92YhRGbh5mcvpGQvF2YhRWZypTM3AzMzQDMzgzM6cWZwpmL39Gb4EmN1cDNyUzY5QDMmNjN1M2M2AzYiZGZwkTOzIz\/NjBjRyUyNjBjRyUyM4gTNGJTJ3kDMzEzXtUTMt8VbvNmLyBXbtkmRyUiRyUSQzUycwRHdopjM\" width=\"424\" \/><\/a><\/div>\n","protected":false},"excerpt":{"rendered":"<p>Julho, 2021 &#8211; Rio de Janeiro, julho de 2021 &#8211; De acordo com o Imovelweb, um dos maiores portais imobili\u00e1rios do Pa\u00eds, os valores m\u00e9dios para comprar ou alugar um im\u00f3vel no Rio de Janeiro em junho foram menores se comparados ao m\u00eas anterior. O pre\u00e7o m\u00e9dio do m\u00b2 foi R\ufe69 8.684, o que representa [&hellip;]<\/p>\n","protected":false},"author":1,"featured_media":13075,"comment_status":"open","ping_status":"open","sticky":false,"template":"","format":"standard","meta":{"_uag_custom_page_level_css":"","footnotes":""},"categories":[30],"tags":[21651,3155,21650,21653,8744,21649,21652],"class_list":["post-16980","post","type-post","status-publish","format-standard","has-post-thumbnail","hentry","category-imoveis","tag-bairro-caro-leblon-e-ipanema","tag-credito-imobiliario","tag-meier","tag-morar-no-centro-rj","tag-pavuna","tag-precos-de-imoveis-na-zona-norte","tag-precos-dos-imoveis-caem-no-rio"],"blocksy_meta":[],"spectra_blocks_featured_image_url":{"thumbnail":{"url":"https:\/\/construcaocivil.siriusmarketingedesign.com.br\/wp-content\/uploads\/2020\/01\/MERCADO-150x150.jpg","width":150,"height":150},"medium":{"url":"https:\/\/construcaocivil.siriusmarketingedesign.com.br\/wp-content\/uploads\/2020\/01\/MERCADO-300x167.jpg","width":300,"height":167},"medium_large":{"url":"https:\/\/construcaocivil.siriusmarketingedesign.com.br\/wp-content\/uploads\/2020\/01\/MERCADO-768x427.jpg","width":768,"height":427},"large":{"url":"https:\/\/construcaocivil.siriusmarketingedesign.com.br\/wp-content\/uploads\/2020\/01\/MERCADO.jpg","width":800,"height":445},"full":{"url":"https:\/\/construcaocivil.siriusmarketingedesign.com.br\/wp-content\/uploads\/2020\/01\/MERCADO.jpg","width":800,"height":445}},"spectra_blocks_author_info":{"display_name":"Jornal da Constru\u00e7\u00e3o Civil","avatar_url":"https:\/\/secure.gravatar.com\/avatar\/973c9774fd44ddaceb026973c4962faa70fc512bc4c9da68e8ebb40fecee6540?s=96&d=mm&r=g","author_link":"https:\/\/construcaocivil.siriusmarketingedesign.com.br\/?author=1","description":"Desde de 2013, levando muitas informa\u00e7\u00f5es, lan\u00e7amentos e produtos de qualidade para toda cadeia produtiva da constru\u00e7\u00e3o. O Futuro da constru\u00e7\u00e3o passa por aqui,"},"uagb_featured_image_src":{"full":["https:\/\/construcaocivil.siriusmarketingedesign.com.br\/wp-content\/uploads\/2020\/01\/MERCADO.jpg",800,445,false],"thumbnail":["https:\/\/construcaocivil.siriusmarketingedesign.com.br\/wp-content\/uploads\/2020\/01\/MERCADO-150x150.jpg",150,150,true],"medium":["https:\/\/construcaocivil.siriusmarketingedesign.com.br\/wp-content\/uploads\/2020\/01\/MERCADO-300x167.jpg",300,167,true],"medium_large":["https:\/\/construcaocivil.siriusmarketingedesign.com.br\/wp-content\/uploads\/2020\/01\/MERCADO-768x427.jpg",768,427,true],"large":["https:\/\/construcaocivil.siriusmarketingedesign.com.br\/wp-content\/uploads\/2020\/01\/MERCADO.jpg",800,445,false],"1536x1536":["https:\/\/construcaocivil.siriusmarketingedesign.com.br\/wp-content\/uploads\/2020\/01\/MERCADO.jpg",800,445,false],"2048x2048":["https:\/\/construcaocivil.siriusmarketingedesign.com.br\/wp-content\/uploads\/2020\/01\/MERCADO.jpg",800,445,false]},"uagb_author_info":{"display_name":"Jornal da Constru\u00e7\u00e3o Civil","author_link":"https:\/\/construcaocivil.siriusmarketingedesign.com.br\/?author=1"},"uagb_comment_info":0,"uagb_excerpt":"Julho, 2021 &#8211; Rio de Janeiro, julho de 2021 &#8211; De acordo com o Imovelweb, um dos maiores portais imobili\u00e1rios do Pa\u00eds, os valores m\u00e9dios para comprar ou alugar um im\u00f3vel no Rio de Janeiro em junho foram menores se comparados ao m\u00eas anterior. O pre\u00e7o m\u00e9dio do m\u00b2 foi R\ufe69 8.684, o que representa&hellip;","_links":{"self":[{"href":"https:\/\/construcaocivil.siriusmarketingedesign.com.br\/index.php?rest_route=\/wp\/v2\/posts\/16980","targetHints":{"allow":["GET"]}}],"collection":[{"href":"https:\/\/construcaocivil.siriusmarketingedesign.com.br\/index.php?rest_route=\/wp\/v2\/posts"}],"about":[{"href":"https:\/\/construcaocivil.siriusmarketingedesign.com.br\/index.php?rest_route=\/wp\/v2\/types\/post"}],"author":[{"embeddable":true,"href":"https:\/\/construcaocivil.siriusmarketingedesign.com.br\/index.php?rest_route=\/wp\/v2\/users\/1"}],"replies":[{"embeddable":true,"href":"https:\/\/construcaocivil.siriusmarketingedesign.com.br\/index.php?rest_route=%2Fwp%2Fv2%2Fcomments&post=16980"}],"version-history":[{"count":0,"href":"https:\/\/construcaocivil.siriusmarketingedesign.com.br\/index.php?rest_route=\/wp\/v2\/posts\/16980\/revisions"}],"wp:featuredmedia":[{"embeddable":true,"href":"https:\/\/construcaocivil.siriusmarketingedesign.com.br\/index.php?rest_route=\/wp\/v2\/media\/13075"}],"wp:attachment":[{"href":"https:\/\/construcaocivil.siriusmarketingedesign.com.br\/index.php?rest_route=%2Fwp%2Fv2%2Fmedia&parent=16980"}],"wp:term":[{"taxonomy":"category","embeddable":true,"href":"https:\/\/construcaocivil.siriusmarketingedesign.com.br\/index.php?rest_route=%2Fwp%2Fv2%2Fcategories&post=16980"},{"taxonomy":"post_tag","embeddable":true,"href":"https:\/\/construcaocivil.siriusmarketingedesign.com.br\/index.php?rest_route=%2Fwp%2Fv2%2Ftags&post=16980"}],"curies":[{"name":"wp","href":"https:\/\/api.w.org\/{rel}","templated":true}]}}