{"id":16994,"date":"2021-07-26T01:48:16","date_gmt":"2021-07-26T04:48:16","guid":{"rendered":"https:\/\/www.jornaldaconstrucaocivil.com.br\/?p=16994"},"modified":"2021-07-26T01:48:16","modified_gmt":"2021-07-26T04:48:16","slug":"jamef-tem-nova-filial-em-maceio-e-ja-soma-cinco-inauguracoes-so-em-2021","status":"publish","type":"post","link":"https:\/\/construcaocivil.siriusmarketingedesign.com.br\/?p=16994","title":{"rendered":"Jamef tem nova filial em Macei\u00f3, e j\u00e1 soma cinco inaugura\u00e7\u00f5es s\u00f3 em 2021"},"content":{"rendered":"<p style=\"text-align: justify;\">A Jamef Encomendas Urgentes, empresa especializada em transporte de cargas fracionadas no Brasil, anuncia a inaugura\u00e7\u00e3o de mais uma nova filial, agora em Macei\u00f3, Alagoas, no dia 19 de julho deste ano.<\/p>\n<p>O novo endere\u00e7o est\u00e1 localizado em um condom\u00ednio log\u00edstico dotado de excelente seguran\u00e7a com 1400m\u00b2 de galp\u00e3o, na MS LOG, Rua Paulo Henrique Mendes, n\u00ba 188, Galp\u00e3o H, Distrito Industrial Luiz Cavalcante, Bairro Tabuleiro dos Martins, Macei\u00f3, escolhido principalmente pelo f\u00e1cil acesso de ve\u00edculos de cargas e pr\u00f3ximo a shoppings e outros grandes embarcadores do estado.<\/p>\n<p>A unidade faz parte do plano de expans\u00e3o da empresa que segue como uns dos principais objetivos de 2021.<em>\u00a0\u201cContamos com dezenas de unidades estrategicamente localizadas no Brasil, s\u00f3 esse ano fortalecemos nossa atua\u00e7\u00e3o no Nordeste, Centro-Oeste e iniciamos no Norte do Pa\u00eds. Com investimentos em<\/em>\u00a0tecnologia, infraestrutura e pessoas, possibilitamos a<em>\u00a0alavancagem da performance e garantimos um ganho expressivo na produtividade operacional, com velocidade durante todo o processo, mantendo a satisfa\u00e7\u00e3o de todos os nossos clientes, que \u00e9 nosso principal objetivo\u201d<\/em>, comemora Pedro Maniscalco, diretor de opera\u00e7\u00f5es da Jamef.<\/p>\n<p>Para a empresa, a amplia\u00e7\u00e3o dos neg\u00f3cios no estado \u00e9 uma oportunidade de manter um atendimento cada vez mais personalizado aos seus clientes e de preservar o padr\u00e3o de qualidade que j\u00e1 garante em todo o territ\u00f3rio brasileiro. Segundo Bruno Dornellas, gerente regional Nordeste da filial, a Jamef visa a\u00a0<em>\u201cmelhoria constante nos prazos de entrega e frequ\u00eancias de atendimento. E para os colaboradores, uma filial nova com todos os equipamentos necess\u00e1rios que v\u00e3o proporcionar excelentes condi\u00e7\u00f5es de trabalho e oportunidades na carreira\u201d.<\/em><\/p>\n<p>A nova unidade promete um aumento de at\u00e9 100% na capacidade operacional atual, com equipamentos de ponta que facilitam a carga e descarga. Outro ponto \u00e9 direcionar seu atendimento de qualidade aos clientes de Alagoas.<\/p>\n<p>Macei\u00f3 \u00e9 o mais importante centro comercial do estado de Alagoas. Abriga um dos maiores portos da regi\u00e3o do Nordeste, respons\u00e1vel por escoar os produtos para outras localidades. O turismo tamb\u00e9m \u00e9 uma relevante fonte de renda da cidade. Somente entre dezembro de 2021 e janeiro de 2021, a capital alagoana foi o destino mais procurado do Brasil.<\/p>\n","protected":false},"excerpt":{"rendered":"<p>A Jamef Encomendas Urgentes, empresa especializada em transporte de cargas fracionadas no Brasil, anuncia a inaugura\u00e7\u00e3o de mais uma nova filial, agora em Macei\u00f3, Alagoas, no dia 19 de julho deste ano. O novo endere\u00e7o est\u00e1 localizado em um condom\u00ednio log\u00edstico dotado de excelente seguran\u00e7a com 1400m\u00b2 de galp\u00e3o, na MS LOG, Rua Paulo Henrique [&hellip;]<\/p>\n","protected":false},"author":1,"featured_media":16995,"comment_status":"open","ping_status":"open","sticky":false,"template":"","format":"standard","meta":{"_uag_custom_page_level_css":"","footnotes":""},"categories":[33],"tags":[21657,21656,21655,21654,8144,11891],"class_list":["post-16994","post","type-post","status-publish","format-standard","has-post-thumbnail","hentry","category-mercado","tag-caminhoes-para-cargas","tag-encomendas-e-cargas","tag-jamef","tag-maceio","tag-nordeste","tag-transporte-e-logistica"],"blocksy_meta":[],"spectra_blocks_featured_image_url":{"thumbnail":{"url":"https:\/\/construcaocivil.siriusmarketingedesign.com.br\/wp-content\/uploads\/2021\/07\/Foto-fachada-Maceio-150x150.jpg","width":150,"height":150},"medium":{"url":"https:\/\/construcaocivil.siriusmarketingedesign.com.br\/wp-content\/uploads\/2021\/07\/Foto-fachada-Maceio-300x212.jpg","width":300,"height":212},"medium_large":{"url":"https:\/\/construcaocivil.siriusmarketingedesign.com.br\/wp-content\/uploads\/2021\/07\/Foto-fachada-Maceio-768x543.jpg","width":768,"height":543},"large":{"url":"https:\/\/construcaocivil.siriusmarketingedesign.com.br\/wp-content\/uploads\/2021\/07\/Foto-fachada-Maceio-1024x724.jpg","width":1024,"height":724},"full":{"url":"https:\/\/construcaocivil.siriusmarketingedesign.com.br\/wp-content\/uploads\/2021\/07\/Foto-fachada-Maceio.jpg","width":1754,"height":1240}},"spectra_blocks_author_info":{"display_name":"Jornal da Constru\u00e7\u00e3o Civil","avatar_url":"https:\/\/secure.gravatar.com\/avatar\/973c9774fd44ddaceb026973c4962faa70fc512bc4c9da68e8ebb40fecee6540?s=96&d=mm&r=g","author_link":"https:\/\/construcaocivil.siriusmarketingedesign.com.br\/?author=1","description":"Desde de 2013, levando muitas informa\u00e7\u00f5es, lan\u00e7amentos e produtos de qualidade para toda cadeia produtiva da constru\u00e7\u00e3o. O Futuro da constru\u00e7\u00e3o passa por aqui,"},"uagb_featured_image_src":{"full":["https:\/\/construcaocivil.siriusmarketingedesign.com.br\/wp-content\/uploads\/2021\/07\/Foto-fachada-Maceio.jpg",1754,1240,false],"thumbnail":["https:\/\/construcaocivil.siriusmarketingedesign.com.br\/wp-content\/uploads\/2021\/07\/Foto-fachada-Maceio-150x150.jpg",150,150,true],"medium":["https:\/\/construcaocivil.siriusmarketingedesign.com.br\/wp-content\/uploads\/2021\/07\/Foto-fachada-Maceio-300x212.jpg",300,212,true],"medium_large":["https:\/\/construcaocivil.siriusmarketingedesign.com.br\/wp-content\/uploads\/2021\/07\/Foto-fachada-Maceio-768x543.jpg",768,543,true],"large":["https:\/\/construcaocivil.siriusmarketingedesign.com.br\/wp-content\/uploads\/2021\/07\/Foto-fachada-Maceio-1024x724.jpg",1024,724,true],"1536x1536":["https:\/\/construcaocivil.siriusmarketingedesign.com.br\/wp-content\/uploads\/2021\/07\/Foto-fachada-Maceio-1536x1086.jpg",1536,1086,true],"2048x2048":["https:\/\/construcaocivil.siriusmarketingedesign.com.br\/wp-content\/uploads\/2021\/07\/Foto-fachada-Maceio.jpg",1754,1240,false]},"uagb_author_info":{"display_name":"Jornal da Constru\u00e7\u00e3o Civil","author_link":"https:\/\/construcaocivil.siriusmarketingedesign.com.br\/?author=1"},"uagb_comment_info":0,"uagb_excerpt":"A Jamef Encomendas Urgentes, empresa especializada em transporte de cargas fracionadas no Brasil, anuncia a inaugura\u00e7\u00e3o de mais uma nova filial, agora em Macei\u00f3, Alagoas, no dia 19 de julho deste ano. O novo endere\u00e7o est\u00e1 localizado em um condom\u00ednio log\u00edstico dotado de excelente seguran\u00e7a com 1400m\u00b2 de galp\u00e3o, na MS LOG, Rua Paulo Henrique&hellip;","_links":{"self":[{"href":"https:\/\/construcaocivil.siriusmarketingedesign.com.br\/index.php?rest_route=\/wp\/v2\/posts\/16994","targetHints":{"allow":["GET"]}}],"collection":[{"href":"https:\/\/construcaocivil.siriusmarketingedesign.com.br\/index.php?rest_route=\/wp\/v2\/posts"}],"about":[{"href":"https:\/\/construcaocivil.siriusmarketingedesign.com.br\/index.php?rest_route=\/wp\/v2\/types\/post"}],"author":[{"embeddable":true,"href":"https:\/\/construcaocivil.siriusmarketingedesign.com.br\/index.php?rest_route=\/wp\/v2\/users\/1"}],"replies":[{"embeddable":true,"href":"https:\/\/construcaocivil.siriusmarketingedesign.com.br\/index.php?rest_route=%2Fwp%2Fv2%2Fcomments&post=16994"}],"version-history":[{"count":0,"href":"https:\/\/construcaocivil.siriusmarketingedesign.com.br\/index.php?rest_route=\/wp\/v2\/posts\/16994\/revisions"}],"wp:featuredmedia":[{"embeddable":true,"href":"https:\/\/construcaocivil.siriusmarketingedesign.com.br\/index.php?rest_route=\/wp\/v2\/media\/16995"}],"wp:attachment":[{"href":"https:\/\/construcaocivil.siriusmarketingedesign.com.br\/index.php?rest_route=%2Fwp%2Fv2%2Fmedia&parent=16994"}],"wp:term":[{"taxonomy":"category","embeddable":true,"href":"https:\/\/construcaocivil.siriusmarketingedesign.com.br\/index.php?rest_route=%2Fwp%2Fv2%2Fcategories&post=16994"},{"taxonomy":"post_tag","embeddable":true,"href":"https:\/\/construcaocivil.siriusmarketingedesign.com.br\/index.php?rest_route=%2Fwp%2Fv2%2Ftags&post=16994"}],"curies":[{"name":"wp","href":"https:\/\/api.w.org\/{rel}","templated":true}]}}