{"id":17117,"date":"2021-08-05T22:30:00","date_gmt":"2021-08-06T01:30:00","guid":{"rendered":"https:\/\/www.jornaldaconstrucaocivil.com.br\/?p=17117"},"modified":"2021-08-05T22:30:00","modified_gmt":"2021-08-06T01:30:00","slug":"sinduscon-mg-promove-novo-ciclo-de-cursos-on-line-em-agosto","status":"publish","type":"post","link":"https:\/\/construcaocivil.siriusmarketingedesign.com.br\/?p=17117","title":{"rendered":"Sinduscon-MG promove novo ciclo de cursos on-line em agosto"},"content":{"rendered":"<div dir=\"ltr\">\n<p class=\"v1MsoNormal\"><span style=\"color: #000000;\"><span style=\"color: #993300;\">Agosto<\/span>, <span style=\"color: #993300;\">2021<\/span> &#8211; Para dar suporte \u00e0s atividades dos profissionais da constru\u00e7\u00e3o civil, o Sindicato da Ind\u00fastria da Constru\u00e7\u00e3o Civil no Estado de Minas Gerais (Sinduscon-MG), em parceria com a Britto Escola T\u00e9cnica, desenvolveu um novo ciclo de cursos on-line. As inscri\u00e7\u00f5es para as turmas de agosto, que ter\u00e3o aulas ao vivo por meio de plataforma digital, devem ser feitas no site <span style=\"color: #666699;\"><a style=\"color: #666699;\" href=\"http:\/\/www.sinduscon-mg.org.br\/cursos2\" target=\"_blank\" rel=\"noopener noreferrer\">www.sinduscon-mg.org.br\/cursos2<\/a>.<\/span> Para mais informa\u00e7\u00f5es, os interessados podem entrar em contato com o Centro de Treinamento do Sinduscon-MG pelos telefones (31) 3253-2662 \/ (31) 3360-9505 ou e-mail\u00a0<span style=\"color: #0000ff;\"><a style=\"color: #0000ff;\" href=\"mailto:ctreina@sinduscon-mg.org.br\" rel=\"noreferrer\">ctreina@sinduscon-mg.org.br<\/a>.<\/span><\/span><\/p>\n<p class=\"v1MsoNormal\">De 3 a 5 de agosto, das 13h \u00e0s 17h, o curso &#8220;Desenvolvimento das habilidades de gest\u00e3o de encarregados e supervisores de obras&#8221; ser\u00e1 conduzido pelo engenheiro Geraldo Barbosa. As aulas visam capacitar os participantes para melhoria de desempenho e produtividade, por meio da gest\u00e3o de pessoas e processos. Na mesma data, das 19h \u00e0s 22h, os profissionais ter\u00e3o a oportunidade de participar do curso &#8220;Planejamento financeiro&#8221;, com o especialista em gest\u00e3o de pessoas e administra\u00e7\u00e3o estrat\u00e9gica Vin\u00edcius Souza. O treinamento vai abordar os principais subsistemas da gest\u00e3o financeira.<\/p>\n<p class=\"v1MsoNormal\"><span style=\"color: #000000;\">Nos dias 4, 11, 18, 25 de agosto e 1\u00ba de setembro, a especialista em gest\u00e3o estrat\u00e9gica de pessoas Fl\u00e1via Gusm\u00e3o\u00a0vai ministrar o curso &#8220;Jornada do l\u00edder transformador&#8221;. O treinamento, realizado das 19h \u00e0s 22h, vai capacitar os profissionais para desenvolver habilidades de inspirar e engajar pessoas, criar times de alta performance e fazer uma gest\u00e3o orientada a resultados.\u00a0O curso\u00a0 &#8220;Regulariza\u00e7\u00e3o de obras: \u00eanfase na nova declara\u00e7\u00e3o SERO&#8221;,\u00a0que ocorre\u00a0no dia 9 de agosto, das 8h30 \u00e0s 12h30, ser\u00e1 ministrado pela auditora fiscal aposentada Ivanete T\u00e2nia Gontijo.<\/span><\/p>\n<p class=\"v1MsoNormal\"><span style=\"color: #000000;\">\u00a0O\u00a0Sinduscon-MG tamb\u00e9m promove a capacita\u00e7\u00e3o\u00a0&#8220;Planejamento sucess\u00f3rio: o futuro da empresa familiar&#8221;, nos dias 12 e 13 de agosto, das 8h30 \u00e0s 11h30,\u00a0 ministrada pelos advogados Ricardo Moreira e Lucas Drumond. As aulas v\u00e3o apresentar os principais instrumentos utilizados no preparo do planejamento sucess\u00f3rio de empresas familiares. Na mesma semana, ser\u00e1 oferecido o workshop &#8220;Como lidar com os conflitos de forma positiva&#8221;, no dia 12 de agosto, das 18h30 \u00e0s 21h30.\u00a0Eliane Pessoa,\u00a0especialista em gest\u00e3o estrat\u00e9gica de pessoas, ser\u00e1 a instrutora.<\/span><\/p>\n<p class=\"v1MsoNormal\"><span style=\"color: #000000;\">\u00a0<\/span><span style=\"color: #000000;\">Para fechar a programa\u00e7\u00e3o, nos dias 23, 25 e 27 de agosto, das 13h30 \u00e0s 17h30, ser\u00e1 oferecido o curso &#8220;Compatibiliza\u00e7\u00e3o de projetos utilizando ferramenta BIM&#8221;. Ministrado pelo engenheiro civil Jos\u00e9 Alexandre P\u00e9ret Dell&#8217;Isola, tem como objetivo apresentar os conceitos e processo de compatibiliza\u00e7\u00e3o de projetos desenvolvidos em Building Information Modeling (BIM). Nos dias 23 e 24 de agosto, das 8h30 \u00e0s 12h30, o advogado Rodrigo Dolabela vai conduzir o curso &#8220;eSocial voltado para Sa\u00fade e Seguran\u00e7a do Trabalho (SST)&#8221;.\u00a0Na mesma data, das 18h \u00e0s 22h, ser\u00e1 a vez do curso &#8220;Gest\u00e3o de compras e estoques&#8221;. A capacita\u00e7\u00e3o, ministrada pelo engenheiro Geraldo Barbosa, vai trazer um panorama do setor de compras e de estoque, ampliando a compet\u00eancia t\u00e9cnica dos profissionais envolvidos.<\/span><\/p>\n<p class=\"v1MsoNormal\"><span style=\"color: #000000;\">\u00a0<\/span><\/p>\n<\/div>\n","protected":false},"excerpt":{"rendered":"<p>Agosto, 2021 &#8211; Para dar suporte \u00e0s atividades dos profissionais da constru\u00e7\u00e3o civil, o Sindicato da Ind\u00fastria da Constru\u00e7\u00e3o Civil no Estado de Minas Gerais (Sinduscon-MG), em parceria com a Britto Escola T\u00e9cnica, desenvolveu um novo ciclo de cursos on-line. As inscri\u00e7\u00f5es para as turmas de agosto, que ter\u00e3o aulas ao vivo por meio de [&hellip;]<\/p>\n","protected":false},"author":1,"featured_media":17119,"comment_status":"open","ping_status":"open","sticky":false,"template":"","format":"standard","meta":{"_uag_custom_page_level_css":"","footnotes":""},"categories":[27],"tags":[3308,21738,21737,5468,11157],"class_list":["post-17117","post","type-post","status-publish","format-standard","has-post-thumbnail","hentry","category-acontece","tag-cursos-on-line","tag-ferramenta-bim","tag-gestao-de-compras","tag-gestao-financeira","tag-sinduscon-mg"],"blocksy_meta":[],"spectra_blocks_featured_image_url":{"thumbnail":{"url":"https:\/\/construcaocivil.siriusmarketingedesign.com.br\/wp-content\/uploads\/2021\/08\/SINDUSCON-MG-150x150.jpg","width":150,"height":150},"medium":{"url":"https:\/\/construcaocivil.siriusmarketingedesign.com.br\/wp-content\/uploads\/2021\/08\/SINDUSCON-MG-300x179.jpg","width":300,"height":179},"medium_large":{"url":"https:\/\/construcaocivil.siriusmarketingedesign.com.br\/wp-content\/uploads\/2021\/08\/SINDUSCON-MG.jpg","width":512,"height":306},"large":{"url":"https:\/\/construcaocivil.siriusmarketingedesign.com.br\/wp-content\/uploads\/2021\/08\/SINDUSCON-MG.jpg","width":512,"height":306},"full":{"url":"https:\/\/construcaocivil.siriusmarketingedesign.com.br\/wp-content\/uploads\/2021\/08\/SINDUSCON-MG.jpg","width":512,"height":306}},"spectra_blocks_author_info":{"display_name":"Jornal da Constru\u00e7\u00e3o Civil","avatar_url":"https:\/\/secure.gravatar.com\/avatar\/973c9774fd44ddaceb026973c4962faa70fc512bc4c9da68e8ebb40fecee6540?s=96&d=mm&r=g","author_link":"https:\/\/construcaocivil.siriusmarketingedesign.com.br\/?author=1","description":"Desde de 2013, levando muitas informa\u00e7\u00f5es, lan\u00e7amentos e produtos de qualidade para toda cadeia produtiva da constru\u00e7\u00e3o. O Futuro da constru\u00e7\u00e3o passa por aqui,"},"uagb_featured_image_src":{"full":["https:\/\/construcaocivil.siriusmarketingedesign.com.br\/wp-content\/uploads\/2021\/08\/SINDUSCON-MG.jpg",512,306,false],"thumbnail":["https:\/\/construcaocivil.siriusmarketingedesign.com.br\/wp-content\/uploads\/2021\/08\/SINDUSCON-MG-150x150.jpg",150,150,true],"medium":["https:\/\/construcaocivil.siriusmarketingedesign.com.br\/wp-content\/uploads\/2021\/08\/SINDUSCON-MG-300x179.jpg",300,179,true],"medium_large":["https:\/\/construcaocivil.siriusmarketingedesign.com.br\/wp-content\/uploads\/2021\/08\/SINDUSCON-MG.jpg",512,306,false],"large":["https:\/\/construcaocivil.siriusmarketingedesign.com.br\/wp-content\/uploads\/2021\/08\/SINDUSCON-MG.jpg",512,306,false],"1536x1536":["https:\/\/construcaocivil.siriusmarketingedesign.com.br\/wp-content\/uploads\/2021\/08\/SINDUSCON-MG.jpg",512,306,false],"2048x2048":["https:\/\/construcaocivil.siriusmarketingedesign.com.br\/wp-content\/uploads\/2021\/08\/SINDUSCON-MG.jpg",512,306,false]},"uagb_author_info":{"display_name":"Jornal da Constru\u00e7\u00e3o Civil","author_link":"https:\/\/construcaocivil.siriusmarketingedesign.com.br\/?author=1"},"uagb_comment_info":0,"uagb_excerpt":"Agosto, 2021 &#8211; Para dar suporte \u00e0s atividades dos profissionais da constru\u00e7\u00e3o civil, o Sindicato da Ind\u00fastria da Constru\u00e7\u00e3o Civil no Estado de Minas Gerais (Sinduscon-MG), em parceria com a Britto Escola T\u00e9cnica, desenvolveu um novo ciclo de cursos on-line. As inscri\u00e7\u00f5es para as turmas de agosto, que ter\u00e3o aulas ao vivo por meio de&hellip;","_links":{"self":[{"href":"https:\/\/construcaocivil.siriusmarketingedesign.com.br\/index.php?rest_route=\/wp\/v2\/posts\/17117","targetHints":{"allow":["GET"]}}],"collection":[{"href":"https:\/\/construcaocivil.siriusmarketingedesign.com.br\/index.php?rest_route=\/wp\/v2\/posts"}],"about":[{"href":"https:\/\/construcaocivil.siriusmarketingedesign.com.br\/index.php?rest_route=\/wp\/v2\/types\/post"}],"author":[{"embeddable":true,"href":"https:\/\/construcaocivil.siriusmarketingedesign.com.br\/index.php?rest_route=\/wp\/v2\/users\/1"}],"replies":[{"embeddable":true,"href":"https:\/\/construcaocivil.siriusmarketingedesign.com.br\/index.php?rest_route=%2Fwp%2Fv2%2Fcomments&post=17117"}],"version-history":[{"count":0,"href":"https:\/\/construcaocivil.siriusmarketingedesign.com.br\/index.php?rest_route=\/wp\/v2\/posts\/17117\/revisions"}],"wp:featuredmedia":[{"embeddable":true,"href":"https:\/\/construcaocivil.siriusmarketingedesign.com.br\/index.php?rest_route=\/wp\/v2\/media\/17119"}],"wp:attachment":[{"href":"https:\/\/construcaocivil.siriusmarketingedesign.com.br\/index.php?rest_route=%2Fwp%2Fv2%2Fmedia&parent=17117"}],"wp:term":[{"taxonomy":"category","embeddable":true,"href":"https:\/\/construcaocivil.siriusmarketingedesign.com.br\/index.php?rest_route=%2Fwp%2Fv2%2Fcategories&post=17117"},{"taxonomy":"post_tag","embeddable":true,"href":"https:\/\/construcaocivil.siriusmarketingedesign.com.br\/index.php?rest_route=%2Fwp%2Fv2%2Ftags&post=17117"}],"curies":[{"name":"wp","href":"https:\/\/api.w.org\/{rel}","templated":true}]}}