{"id":17124,"date":"2021-08-06T22:37:26","date_gmt":"2021-08-07T01:37:26","guid":{"rendered":"https:\/\/www.jornaldaconstrucaocivil.com.br\/?p=17124"},"modified":"2021-08-06T23:26:27","modified_gmt":"2021-08-07T02:26:27","slug":"glauce-santos-assume-a-diretoria-da-mulher-na-nova-gestao-do-creci-rj","status":"publish","type":"post","link":"https:\/\/construcaocivil.siriusmarketingedesign.com.br\/?p=17124","title":{"rendered":"Glauce Santos assume a Diretoria da Mulher na nova gest\u00e3o do CRECI-RJ"},"content":{"rendered":"<p style=\"text-align: justify;\"><span style=\"color: #993300;\">Agosto<\/span>, 2021 &#8211; Nesta\u00a0 sexta-feira (06) foi um marco hist\u00f3rico para o mercado imobili\u00e1rio fluminense. A nova gest\u00e3o do CRECI-RJ, com a presid\u00eancia de Marcelo Mora e vice-presid\u00eancia de Jo\u00e3o Eduardo Corr\u00eaa, tomou posse em evento realizado em um hotel, no bairro de Copacabana, na Zona Sul do Rio de Janeiro. Uma das grandes novidades \u00e9 a rec\u00e9m-criada Diretoria da Mulher, que \u00e9 conduzida pela empreendedora Glauce Santos, respons\u00e1vel pela dire\u00e7\u00e3o de uma regional da maior franquia imobili\u00e1ria do mundo, a RE\/MAX Rio de Janeiro &#8211; Zona Norte.<\/p>\n<p style=\"text-align: justify;\">Glauce Santos afirma que a\u00a0diretoria\u00a0atuar\u00e1 para dar mais espa\u00e7o para a\u00a0mulher, como tamb\u00e9m, combater o ass\u00e9dio, discrimina\u00e7\u00e3o, constrangimento e outras formas de falta de respeito, at\u00e9 mesmo por colegas da profiss\u00e3o. Segundo a empreendedora, a cria\u00e7\u00e3o da\u00a0Diretoria\u00a0da\u00a0Mulher\u00a0\u00e9 um avan\u00e7o para a sociedade. \u201cO mercado de im\u00f3veis do Rio de Janeiro est\u00e1 progredindo e se adequando para as necessidades atuais. Essa \u00e9 a primeira vez que o CRECI-RJ contar\u00e1 com um setor espec\u00edfico para cuidar das quest\u00f5es vinculadas \u00e0s\u00a0mulheres, j\u00e1 que elas representam cerca de 35% dos profissionais que atuam no estado fluminense. \u00c9 preciso destacar mais o nosso espa\u00e7o na corretagem e encorajar o empreendedorismo feminino no segmento imobili\u00e1rio. Pelo fato de ainda sermos minoria, ainda n\u00e3o temos muita abertura no setor, mas queremos mudar este panorama com as a\u00e7\u00f5es desta nova gest\u00e3o\u201d, conclui Glauce Santos, da RE\/MAX.<\/p>\n<p><span style=\"color: #3366ff;\"><strong>Sobre Glauce Santos<\/strong><\/span><\/p>\n<figure id=\"attachment_16832\" aria-describedby=\"caption-attachment-16832\" style=\"width: 300px\" class=\"wp-caption alignleft\"><img loading=\"lazy\" decoding=\"async\" class=\"size-full wp-image-16832\" src=\"https:\/\/www.jornaldaconstrucaocivil.com.br\/wp-content\/uploads\/2021\/07\/diretora-MAX.jpg\" alt=\"\" width=\"300\" height=\"200\" \/><figcaption id=\"caption-attachment-16832\" class=\"wp-caption-text\">Glauce Santos, diretora da RE\/MAX Rio de Janeiro Zona Norte. Divulga\u00e7\u00e3o<\/figcaption><\/figure>\n<p style=\"text-align: justify;\">Glauce Santos comanda a RE\/MAX Rio de Janeiro \u2013 Zona Norte, regional da maior franquia imobili\u00e1ria do mundo. Hoje, aos 45 anos, casada com o tamb\u00e9m empreendedor Dyogo Vieira, com a mesma idade, com quem tem tr\u00eas filhos, uma cachorrinha, trabalha e divide sonhos, Glauce Santos foi incentivada a entrar no mundo do empreendedorismo desde crian\u00e7a.<span style=\"color: #993300;\"><em> \u201cEu comecei a empreender motivada pelo meu pai, que me orientou a ser uma\u00a0mulher\u00a0independente. Eu sempre entendi que esse seria o caminho para minha vida. Fui representante comercial, abri uma empresa de com\u00e9rcio de produtos para condom\u00ednios, e depois me lancei no mercado de im\u00f3veis, com uma pequena imobili\u00e1ria na Zona Norte do Rio de Janeiro\u201d,<\/em><\/span> conta a empres\u00e1ria.<\/p>\n<p style=\"text-align: justify;\">A carioca destaca que o caminho do empreendedorismo n\u00e3o \u00e9 f\u00e1cil e para a mulher os desafios s\u00e3o ainda maiores. <span style=\"color: #993300;\"><em>\u201cHistoricamente, enfrentamos mais obst\u00e1culos pela cultura machista de nossa sociedade. Temos uma jornada mais dura, pois precisamos conciliar a casa e os filhos com o trabalho o que reduz a nossa jornada a frente de nossos neg\u00f3cios. Isso acaba demandando um esfor\u00e7o ainda maior&#8221;,<\/em><\/span> revela a empres\u00e1ria, que enfrentou desafios para conquistar o seu espa\u00e7o, como poucos recursos financeiros, falta de parceria no mercado e uma estrat\u00e9gia empresarial bem definida.<\/p>\n<p style=\"text-align: justify;\">Atualmente respons\u00e1vel pela gest\u00e3o da RE\/MAX Rio de Janeiro \u2013 Zona Norte, Glauce Santos percebeu por acaso a oportunidade de empreender em parceria com a maior franquia imobili\u00e1ria do mundo. <em><span style=\"color: #993300;\">\u201cComo a maioria das empreendedoras que conhe\u00e7o, o que me motivou a empreender, al\u00e9m do apoio irrestrito do meu pai na minha mocidade, foram os meus filhos. E exatamente por conta deles que conheci de perto a RE\/MAX. Em 2018, minha imobili\u00e1ria estava prosperando, mas o neg\u00f3cio ainda dependia totalmente de mim. Meu filho mais velho queria estudar em Portugal. Aterrissei em terras lusitanas para conhecer o local onde ele estudaria e aproveitei um Caf\u00e9 Imobili\u00e1rio que foi na RE\/MAX. Me apaixonei\u201d<\/span><\/em>, comenta a mulher que est\u00e1 \u00e0 frente da regional h\u00e1 tr\u00eas anos e que tem em seu guarda-chuva oito franquias, mas deve chegar a 15 at\u00e9 o final deste ano.<\/p>\n<p style=\"text-align: justify;\">A partir do primeiro contato com a RE\/MAX em Portugal, Glauce Santos pesquisou muito, avaliou todas as possibilidades e decidiu transformar o seu neg\u00f3cio.\u00a0 <span style=\"color: #993300;\"><em>\u201cNaquela altura da minha vida, eu tinha um neg\u00f3cio pr\u00f3spero, mas que dependia totalmente de mim. N\u00e3o era um empreendimento escal\u00e1vel e eu era apenas mais uma imobili\u00e1ria de bairro. Com a RE\/MAX, transformei minha imobili\u00e1ria numa empresa imobili\u00e1ria, com processos bem definidos e uma estrat\u00e9gia alinhada. Hoje ela anda sozinha e fatura muito bem\u201d,<\/em><\/span> comemora a empres\u00e1ria, que conquistou a 9\u00aa posi\u00e7\u00e3o de sua regional no ranking de faturamento nacional da RE\/MAX Brasil no acumulado de 2020 entre outras 460 unidades da rede.<\/p>\n<p style=\"text-align: justify;\">Para se ter uma ideia dos resultados da maior franquia imobili\u00e1ria do mundo no pa\u00eds, em um ano at\u00edpico, com pandemia e v\u00e1rias restri\u00e7\u00f5es de circula\u00e7\u00e3o de pessoas, a RE\/MAX Brasil movimentou cerca de R$ 3,6 bi em negocia\u00e7\u00f5es imobili\u00e1rias.<span style=\"color: #993300;\"><em> \u201c\u00c9 uma surpresa positiva e uma esperan\u00e7a, pois continuamos trabalhando muito e temos orgulho de contribuir para estes n\u00fameros nacionais incr\u00edveis. O crescimento foi refletivo no mercado em geral, pois da 50\u00aa posi\u00e7\u00e3o no ranking das maiores franquias brasileiras, da Associa\u00e7\u00e3o Brasileira de Franchising (ABF), a RE\/MAX avan\u00e7ou para o 35\u00ba lugar, sendo a \u00fanica do segmento imobili\u00e1rio no ranking, mostrando que o mercado de im\u00f3veis ainda tem muito espa\u00e7o para empreender\u201d,<\/em> <\/span>diz a empres\u00e1ria.<\/p>\n<p>Acesse o site: <span style=\"color: #0000ff;\"><a style=\"color: #0000ff;\" href=\"https:\/\/remaxriodejaneironorte.com\/\" target=\"_blank\" rel=\"noopener noreferrer\">https:\/\/remaxriodejaneironorte.com\/<\/a>\u00a0<\/span><\/p>\n<p>&nbsp;<\/p>\n<p>&nbsp;<\/p>\n","protected":false},"excerpt":{"rendered":"<p>Agosto, 2021 &#8211; Nesta\u00a0 sexta-feira (06) foi um marco hist\u00f3rico para o mercado imobili\u00e1rio fluminense. A nova gest\u00e3o do CRECI-RJ, com a presid\u00eancia de Marcelo Mora e vice-presid\u00eancia de Jo\u00e3o Eduardo Corr\u00eaa, tomou posse em evento realizado em um hotel, no bairro de Copacabana, na Zona Sul do Rio de Janeiro. Uma das grandes novidades [&hellip;]<\/p>\n","protected":false},"author":1,"featured_media":17125,"comment_status":"open","ping_status":"open","sticky":false,"template":"","format":"standard","meta":{"_uag_custom_page_level_css":"","footnotes":""},"categories":[27],"tags":[21749,21528,3155,21745,21747,21746,21748],"class_list":["post-17124","post","type-post","status-publish","format-standard","has-post-thumbnail","hentry","category-acontece","tag-abf","tag-creci-rj","tag-credito-imobiliario","tag-imoveis-zona-norte-rj","tag-mulheres-no-setor-imobiliario","tag-re-max","tag-taxa-de-juros"],"blocksy_meta":[],"spectra_blocks_featured_image_url":{"thumbnail":{"url":"https:\/\/construcaocivil.siriusmarketingedesign.com.br\/wp-content\/uploads\/2021\/08\/Glauce-Santos-na-posse-150x150.jpg","width":150,"height":150},"medium":{"url":"https:\/\/construcaocivil.siriusmarketingedesign.com.br\/wp-content\/uploads\/2021\/08\/Glauce-Santos-na-posse-300x225.jpg","width":300,"height":225},"medium_large":{"url":"https:\/\/construcaocivil.siriusmarketingedesign.com.br\/wp-content\/uploads\/2021\/08\/Glauce-Santos-na-posse-768x576.jpg","width":768,"height":576},"large":{"url":"https:\/\/construcaocivil.siriusmarketingedesign.com.br\/wp-content\/uploads\/2021\/08\/Glauce-Santos-na-posse-1024x768.jpg","width":1024,"height":768},"full":{"url":"https:\/\/construcaocivil.siriusmarketingedesign.com.br\/wp-content\/uploads\/2021\/08\/Glauce-Santos-na-posse.jpg","width":1280,"height":960}},"spectra_blocks_author_info":{"display_name":"Jornal da Constru\u00e7\u00e3o Civil","avatar_url":"https:\/\/secure.gravatar.com\/avatar\/973c9774fd44ddaceb026973c4962faa70fc512bc4c9da68e8ebb40fecee6540?s=96&d=mm&r=g","author_link":"https:\/\/construcaocivil.siriusmarketingedesign.com.br\/?author=1","description":"Desde de 2013, levando muitas informa\u00e7\u00f5es, lan\u00e7amentos e produtos de qualidade para toda cadeia produtiva da constru\u00e7\u00e3o. O Futuro da constru\u00e7\u00e3o passa por aqui,"},"uagb_featured_image_src":{"full":["https:\/\/construcaocivil.siriusmarketingedesign.com.br\/wp-content\/uploads\/2021\/08\/Glauce-Santos-na-posse.jpg",1280,960,false],"thumbnail":["https:\/\/construcaocivil.siriusmarketingedesign.com.br\/wp-content\/uploads\/2021\/08\/Glauce-Santos-na-posse-150x150.jpg",150,150,true],"medium":["https:\/\/construcaocivil.siriusmarketingedesign.com.br\/wp-content\/uploads\/2021\/08\/Glauce-Santos-na-posse-300x225.jpg",300,225,true],"medium_large":["https:\/\/construcaocivil.siriusmarketingedesign.com.br\/wp-content\/uploads\/2021\/08\/Glauce-Santos-na-posse-768x576.jpg",768,576,true],"large":["https:\/\/construcaocivil.siriusmarketingedesign.com.br\/wp-content\/uploads\/2021\/08\/Glauce-Santos-na-posse-1024x768.jpg",1024,768,true],"1536x1536":["https:\/\/construcaocivil.siriusmarketingedesign.com.br\/wp-content\/uploads\/2021\/08\/Glauce-Santos-na-posse.jpg",1280,960,false],"2048x2048":["https:\/\/construcaocivil.siriusmarketingedesign.com.br\/wp-content\/uploads\/2021\/08\/Glauce-Santos-na-posse.jpg",1280,960,false]},"uagb_author_info":{"display_name":"Jornal da Constru\u00e7\u00e3o Civil","author_link":"https:\/\/construcaocivil.siriusmarketingedesign.com.br\/?author=1"},"uagb_comment_info":0,"uagb_excerpt":"Agosto, 2021 &#8211; Nesta\u00a0 sexta-feira (06) foi um marco hist\u00f3rico para o mercado imobili\u00e1rio fluminense. A nova gest\u00e3o do CRECI-RJ, com a presid\u00eancia de Marcelo Mora e vice-presid\u00eancia de Jo\u00e3o Eduardo Corr\u00eaa, tomou posse em evento realizado em um hotel, no bairro de Copacabana, na Zona Sul do Rio de Janeiro. Uma das grandes novidades&hellip;","_links":{"self":[{"href":"https:\/\/construcaocivil.siriusmarketingedesign.com.br\/index.php?rest_route=\/wp\/v2\/posts\/17124","targetHints":{"allow":["GET"]}}],"collection":[{"href":"https:\/\/construcaocivil.siriusmarketingedesign.com.br\/index.php?rest_route=\/wp\/v2\/posts"}],"about":[{"href":"https:\/\/construcaocivil.siriusmarketingedesign.com.br\/index.php?rest_route=\/wp\/v2\/types\/post"}],"author":[{"embeddable":true,"href":"https:\/\/construcaocivil.siriusmarketingedesign.com.br\/index.php?rest_route=\/wp\/v2\/users\/1"}],"replies":[{"embeddable":true,"href":"https:\/\/construcaocivil.siriusmarketingedesign.com.br\/index.php?rest_route=%2Fwp%2Fv2%2Fcomments&post=17124"}],"version-history":[{"count":0,"href":"https:\/\/construcaocivil.siriusmarketingedesign.com.br\/index.php?rest_route=\/wp\/v2\/posts\/17124\/revisions"}],"wp:featuredmedia":[{"embeddable":true,"href":"https:\/\/construcaocivil.siriusmarketingedesign.com.br\/index.php?rest_route=\/wp\/v2\/media\/17125"}],"wp:attachment":[{"href":"https:\/\/construcaocivil.siriusmarketingedesign.com.br\/index.php?rest_route=%2Fwp%2Fv2%2Fmedia&parent=17124"}],"wp:term":[{"taxonomy":"category","embeddable":true,"href":"https:\/\/construcaocivil.siriusmarketingedesign.com.br\/index.php?rest_route=%2Fwp%2Fv2%2Fcategories&post=17124"},{"taxonomy":"post_tag","embeddable":true,"href":"https:\/\/construcaocivil.siriusmarketingedesign.com.br\/index.php?rest_route=%2Fwp%2Fv2%2Ftags&post=17124"}],"curies":[{"name":"wp","href":"https:\/\/api.w.org\/{rel}","templated":true}]}}