{"id":17139,"date":"2021-08-10T01:42:01","date_gmt":"2021-08-10T04:42:01","guid":{"rendered":"https:\/\/www.jornaldaconstrucaocivil.com.br\/?p=17139"},"modified":"2021-08-10T01:42:01","modified_gmt":"2021-08-10T04:42:01","slug":"brasil-em-risco-lira-afirma-que-desfile-de-tanques-na-esplanada-nesta-terca-e-uma-tragica-coincidencia","status":"publish","type":"post","link":"https:\/\/construcaocivil.siriusmarketingedesign.com.br\/?p=17139","title":{"rendered":"Brasil em risco: Lira afirma que desfile de tanques na Esplanada nesta ter\u00e7a \u00e9 uma &#8220;tr\u00e1gica coincid\u00eancia&#8221;"},"content":{"rendered":"<p style=\"text-align: justify;\">Agosto, 2021 &#8211; O presidente da C\u00e2mara dos Deputados, <span style=\"color: #0000ff;\"><a style=\"color: #0000ff;\" href=\"https:\/\/www.camara.leg.br\/deputados\/160541\">Arthur Lira (PP-AL)<\/a>,<\/span> afirmou que n\u00e3o apoia a demonstra\u00e7\u00e3o marcada para esta ter\u00e7a-feira, na qual as For\u00e7as Armadas v\u00e3o promover um desfile na Esplanada dos Minist\u00e9rios com tanques e armamentos. Os ve\u00edculos militares passar\u00e3o em frente ao Congresso e ficar\u00e3o estacionados logo adiante, em frente ao Pal\u00e1cio do Planalto.<\/p>\n<p style=\"text-align: justify;\">Segundo o Comando da Marinha, o objetivo do desfile \u00e9 convidar o presidente da Rep\u00fablica, Jair Bolsonaro, para participar de treinamento das tr\u00eas For\u00e7as, evento que acontece desde 1988 em Formosa (GO), mas \u00e9 a primeira vez que esse desfile acontece na \u00e1rea central de Bras\u00edlia. Est\u00e1 prevista para o mesmo dia a vota\u00e7\u00e3o da proposta que torna obrigat\u00f3rio o voto impresso (<a class=\"linkProposicao\" href=\"https:\/\/www.camara.leg.br\/noticias\/598363-pec-torna-obrigatorio-voto-impresso-em-eleicoes-no-brasil\">PEC 135\/19<\/a>). Segundo Lira, \u201c\u00e9 uma tr\u00e1gica coincid\u00eancia\u201d.<\/p>\n<p style=\"text-align: justify;\">Lira disse ainda que esse desfile \u00e9 in\u00e9dito, mas n\u00e3o acredita que tenha rela\u00e7\u00e3o com a vota\u00e7\u00e3o sobre o voto impresso. Segundo ele, se os deputados quiserem, a vota\u00e7\u00e3o pode ser adiada.<\/p>\n<figure id=\"attachment_17141\" aria-describedby=\"caption-attachment-17141\" style=\"width: 300px\" class=\"wp-caption alignleft\"><img loading=\"lazy\" decoding=\"async\" class=\"size-medium wp-image-17141\" src=\"https:\/\/www.jornaldaconstrucaocivil.com.br\/wp-content\/uploads\/2021\/08\/LIRA-300x200.jpg\" alt=\"\" width=\"300\" height=\"200\" srcset=\"https:\/\/construcaocivil.siriusmarketingedesign.com.br\/wp-content\/uploads\/2021\/08\/LIRA-300x200.jpg 300w, https:\/\/construcaocivil.siriusmarketingedesign.com.br\/wp-content\/uploads\/2021\/08\/LIRA-450x300.jpg 450w, https:\/\/construcaocivil.siriusmarketingedesign.com.br\/wp-content\/uploads\/2021\/08\/LIRA.jpg 768w\" sizes=\"auto, (max-width: 300px) 100vw, 300px\" \/><figcaption id=\"caption-attachment-17141\" class=\"wp-caption-text\">Artur Lira, presidente da C\u00e2mara dos Deputados Federais. Foto: Divulga\u00e7\u00e3o\/C\u00e2mara dos Deputados<\/figcaption><\/figure>\n<p style=\"text-align: justify;\">\u201cNo pa\u00eds polarizado, isso d\u00e1 cabimento para que se especule algum tipo de press\u00e3o. Entramos em contato com o presidente Bolsonaro, que garantiu que n\u00e3o h\u00e1 esse intuito. Mas n\u00e3o \u00e9 usual, \u00e9 uma coincid\u00eancia tr\u00e1gica dos blindados para Formosa. Isso apimenta este momento\u201d, afirmou.<\/p>\n<p style=\"text-align: justify;\">Lira voltou a defender a vota\u00e7\u00e3o pelo Plen\u00e1rio da proposta do voto impresso, pois ele avalia que, em raz\u00e3o da pol\u00eamica, apenas a rejei\u00e7\u00e3o pela comiss\u00e3o n\u00e3o seria suficiente para acalmar os \u00e2nimos dos defensores da proposta. Ele cobrou respeito ao resultado da decis\u00e3o do Legislativo e prop\u00f4s que o Tribunal Superior Eleitoral aumente o n\u00famero de urnas a serem auditadas para garantir mais transpar\u00eancia \u00e0 popula\u00e7\u00e3o. Hoje, apenas 100 urnas s\u00e3o auditadas ao final da vota\u00e7\u00e3o nas sess\u00f5es eleitorais.<\/p>\n<p style=\"text-align: justify;\">\u201cO que importa \u00e9 ter serenidade, colocar \u00e1gua na fervura e que n\u00e3o haja vencedores e vencidos. Estamos falando de elei\u00e7\u00f5es limpas, transparentes e com autonomia\u201d, disse.<\/p>\n<p style=\"text-align: justify;\">\u201cEu tenho por h\u00e1bito ser otimista e um politico que cumpre acordo. Comuniquei ao presidente Bolsonaro sobre a vota\u00e7\u00e3o pelo Plen\u00e1rio, e que ele merecia uma resposta final do Plen\u00e1rio da Casa. E ele respeitaria o resultado. E isso vai ocorrer. Vamos ver como as coisas v\u00e3o andar, espero que os acordos sejam cumpridos\u201d, afirmou Lira, ao ser questionado sobre o comportamento do presidente no caso de derrota da proposta.<\/p>\n<p style=\"text-align: justify;\"><strong>Fundo eleitoral<br \/>\n<\/strong>Lira defendeu o fundo eleitoral para financiar as elei\u00e7\u00f5es do pr\u00f3ximo ano. A Lei de Diretrizes Or\u00e7ament\u00e1rias aprovada em julho prev\u00ea uma f\u00f3rmula para o c\u00e1lculo do montante a ser repassado ao fundo e tem sido alvo de pol\u00eamicas. Esse valor pode chegar a R$5,3 bilh\u00f5es. Ele negou que os recursos saiam de \u00e1reas sens\u00edveis como sa\u00fade, educa\u00e7\u00e3o. Segundo o presidente, o que foi estabelecido foi uma meta de c\u00e1lculo baseada em 25% do gasto bienal do Tribunal Superior Eleitoral.<\/p>\n<p style=\"text-align: justify;\">\u201cQuem n\u00e3o quer o financiamento p\u00fablico n\u00e3o usa, n\u00e3o \u00e9 obrigado a usar. Mas muitos que votam contra, na elei\u00e7\u00e3o pedem recursos p\u00fablicos&#8221;, disse.<\/p>\n<p style=\"text-align: justify;\">Lira afirmou que \u00e9 preciso financiar as elei\u00e7\u00f5es e defendeu que se volte a discutir a possibilidade de financiamento privado nas campanhas .\u201dDe onde vamos tirar dinheiro para financiar a democracia? O tr\u00e1fico, a mil\u00edcias, pessoas ricas? Isso \u00e9 um assunto s\u00e9rio\u201d, disse.<\/p>\n<p style=\"text-align: justify;\">Fonte: Ag\u00eancia C\u00e2mara de Not\u00edcias<\/p>\n","protected":false},"excerpt":{"rendered":"<p>Agosto, 2021 &#8211; O presidente da C\u00e2mara dos Deputados, Arthur Lira (PP-AL), afirmou que n\u00e3o apoia a demonstra\u00e7\u00e3o marcada para esta ter\u00e7a-feira, na qual as For\u00e7as Armadas v\u00e3o promover um desfile na Esplanada dos Minist\u00e9rios com tanques e armamentos. Os ve\u00edculos militares passar\u00e3o em frente ao Congresso e ficar\u00e3o estacionados logo adiante, em frente ao [&hellip;]<\/p>\n","protected":false},"author":1,"featured_media":17140,"comment_status":"open","ping_status":"open","sticky":false,"template":"","format":"standard","meta":{"_uag_custom_page_level_css":"","footnotes":""},"categories":[27],"tags":[21768,21766,1569,1717,3217,21767],"class_list":["post-17139","post","type-post","status-publish","format-standard","has-post-thumbnail","hentry","category-acontece","tag-560-mil-mortos-pelo-covid-19","tag-artur-lira-democrcia-ou-golpe","tag-brasilia","tag-camara-dos-deputados","tag-crise-politica","tag-stf-sumiu"],"blocksy_meta":[],"spectra_blocks_featured_image_url":{"thumbnail":{"url":"https:\/\/construcaocivil.siriusmarketingedesign.com.br\/wp-content\/uploads\/2021\/08\/CAMARA-150x150.jpg","width":150,"height":150},"medium":{"url":"https:\/\/construcaocivil.siriusmarketingedesign.com.br\/wp-content\/uploads\/2021\/08\/CAMARA-300x199.jpg","width":300,"height":199},"medium_large":{"url":"https:\/\/construcaocivil.siriusmarketingedesign.com.br\/wp-content\/uploads\/2021\/08\/CAMARA.jpg","width":602,"height":400},"large":{"url":"https:\/\/construcaocivil.siriusmarketingedesign.com.br\/wp-content\/uploads\/2021\/08\/CAMARA.jpg","width":602,"height":400},"full":{"url":"https:\/\/construcaocivil.siriusmarketingedesign.com.br\/wp-content\/uploads\/2021\/08\/CAMARA.jpg","width":602,"height":400}},"spectra_blocks_author_info":{"display_name":"Jornal da Constru\u00e7\u00e3o Civil","avatar_url":"https:\/\/secure.gravatar.com\/avatar\/973c9774fd44ddaceb026973c4962faa70fc512bc4c9da68e8ebb40fecee6540?s=96&d=mm&r=g","author_link":"https:\/\/construcaocivil.siriusmarketingedesign.com.br\/?author=1","description":"Desde de 2013, levando muitas informa\u00e7\u00f5es, lan\u00e7amentos e produtos de qualidade para toda cadeia produtiva da constru\u00e7\u00e3o. O Futuro da constru\u00e7\u00e3o passa por aqui,"},"uagb_featured_image_src":{"full":["https:\/\/construcaocivil.siriusmarketingedesign.com.br\/wp-content\/uploads\/2021\/08\/CAMARA.jpg",602,400,false],"thumbnail":["https:\/\/construcaocivil.siriusmarketingedesign.com.br\/wp-content\/uploads\/2021\/08\/CAMARA-150x150.jpg",150,150,true],"medium":["https:\/\/construcaocivil.siriusmarketingedesign.com.br\/wp-content\/uploads\/2021\/08\/CAMARA-300x199.jpg",300,199,true],"medium_large":["https:\/\/construcaocivil.siriusmarketingedesign.com.br\/wp-content\/uploads\/2021\/08\/CAMARA.jpg",602,400,false],"large":["https:\/\/construcaocivil.siriusmarketingedesign.com.br\/wp-content\/uploads\/2021\/08\/CAMARA.jpg",602,400,false],"1536x1536":["https:\/\/construcaocivil.siriusmarketingedesign.com.br\/wp-content\/uploads\/2021\/08\/CAMARA.jpg",602,400,false],"2048x2048":["https:\/\/construcaocivil.siriusmarketingedesign.com.br\/wp-content\/uploads\/2021\/08\/CAMARA.jpg",602,400,false]},"uagb_author_info":{"display_name":"Jornal da Constru\u00e7\u00e3o Civil","author_link":"https:\/\/construcaocivil.siriusmarketingedesign.com.br\/?author=1"},"uagb_comment_info":0,"uagb_excerpt":"Agosto, 2021 &#8211; O presidente da C\u00e2mara dos Deputados, Arthur Lira (PP-AL), afirmou que n\u00e3o apoia a demonstra\u00e7\u00e3o marcada para esta ter\u00e7a-feira, na qual as For\u00e7as Armadas v\u00e3o promover um desfile na Esplanada dos Minist\u00e9rios com tanques e armamentos. Os ve\u00edculos militares passar\u00e3o em frente ao Congresso e ficar\u00e3o estacionados logo adiante, em frente ao&hellip;","_links":{"self":[{"href":"https:\/\/construcaocivil.siriusmarketingedesign.com.br\/index.php?rest_route=\/wp\/v2\/posts\/17139","targetHints":{"allow":["GET"]}}],"collection":[{"href":"https:\/\/construcaocivil.siriusmarketingedesign.com.br\/index.php?rest_route=\/wp\/v2\/posts"}],"about":[{"href":"https:\/\/construcaocivil.siriusmarketingedesign.com.br\/index.php?rest_route=\/wp\/v2\/types\/post"}],"author":[{"embeddable":true,"href":"https:\/\/construcaocivil.siriusmarketingedesign.com.br\/index.php?rest_route=\/wp\/v2\/users\/1"}],"replies":[{"embeddable":true,"href":"https:\/\/construcaocivil.siriusmarketingedesign.com.br\/index.php?rest_route=%2Fwp%2Fv2%2Fcomments&post=17139"}],"version-history":[{"count":0,"href":"https:\/\/construcaocivil.siriusmarketingedesign.com.br\/index.php?rest_route=\/wp\/v2\/posts\/17139\/revisions"}],"wp:featuredmedia":[{"embeddable":true,"href":"https:\/\/construcaocivil.siriusmarketingedesign.com.br\/index.php?rest_route=\/wp\/v2\/media\/17140"}],"wp:attachment":[{"href":"https:\/\/construcaocivil.siriusmarketingedesign.com.br\/index.php?rest_route=%2Fwp%2Fv2%2Fmedia&parent=17139"}],"wp:term":[{"taxonomy":"category","embeddable":true,"href":"https:\/\/construcaocivil.siriusmarketingedesign.com.br\/index.php?rest_route=%2Fwp%2Fv2%2Fcategories&post=17139"},{"taxonomy":"post_tag","embeddable":true,"href":"https:\/\/construcaocivil.siriusmarketingedesign.com.br\/index.php?rest_route=%2Fwp%2Fv2%2Ftags&post=17139"}],"curies":[{"name":"wp","href":"https:\/\/api.w.org\/{rel}","templated":true}]}}