{"id":17151,"date":"2021-08-12T13:36:05","date_gmt":"2021-08-12T16:36:05","guid":{"rendered":"https:\/\/www.jornaldaconstrucaocivil.com.br\/?p=17151"},"modified":"2021-08-28T22:19:35","modified_gmt":"2021-08-29T01:19:35","slug":"igua-rio-de-janeiro-s-a-assina-contrato-para-concessao-do-bloco-2-da-cedae","status":"publish","type":"post","link":"https:\/\/construcaocivil.siriusmarketingedesign.com.br\/?p=17151","title":{"rendered":"Igu\u00e1 Rio de Janeiro S.A. assina contrato para concess\u00e3o do bloco 2 da CEDAE"},"content":{"rendered":"<p style=\"text-align: justify;\"><span style=\"color: #993300;\">Agosto<\/span>, 2021 &#8211; A <span style=\"color: #0000ff;\"><a style=\"color: #0000ff;\" href=\"https:\/\/igua.com.br\/\" target=\"_blank\" rel=\"noopener noreferrer\"><strong>Igu\u00e1 Rio<\/strong><strong>\u00a0de Janeiro S.A.<\/strong><\/a><\/span>\u00a0assinou nesta quinta-feira (12) o contrato de concess\u00e3o dos servi\u00e7os p\u00fablicos de abastecimento de \u00e1gua pot\u00e1vel e de esgotamento sanit\u00e1rio, referente ao bloco 2 dos ativos da Companhia Estadual de \u00c1guas e Esgotos do Rio de Janeiro (CEDAE). A partir de agora, ter\u00e1 in\u00edcio ao per\u00edodo de opera\u00e7\u00e3o assistida, com dura\u00e7\u00e3o de 6 meses, podendo ser antecipada a crit\u00e9rio do Estado. Nessa fase, a concession\u00e1ria acompanhar\u00e1 a CEDAE que continuar\u00e1 operando os servi\u00e7os. Ap\u00f3s esse per\u00edodo, a Igu\u00e1 assumir\u00e1 de forma definitiva a opera\u00e7\u00e3o.<\/p>\n<p style=\"text-align: justify;\">O bloco 2 compreende alguns bairros da zona oeste da capital fluminense: Barra da Tijuca, Camorim, Cidade de Deus, Curicica, Freguesia (Jacarepagu\u00e1), Gard\u00eania Azul, Anil, Grumari, Itanhang\u00e1, Jacarepagu\u00e1, Jo\u00e1, Pechincha, Pra\u00e7a Seca (parcial), Recreio dos Bandeirantes, Tanque, Taquara, Vargem Grande, Vargem Pequena e Vila Valqueire, bem como os Munic\u00edpios de Paty do Alferes e Miguel Pereira.<\/p>\n<p style=\"text-align: justify;\">O contrato de concess\u00e3o envolve os servi\u00e7os p\u00fablicos de abastecimento de \u00e1gua pot\u00e1vel e de esgotamento sanit\u00e1rio para cerca de 1,2 milh\u00e3o de pessoas. Na capital fluminense, a CEDAE permanecer\u00e1 sendo a respons\u00e1vel pela capta\u00e7\u00e3o de \u00e1gua bruta e o seu respectivo tratamento. Dessa forma, a Igu\u00e1 se responsabilizar\u00e1 pelos servi\u00e7os de distribui\u00e7\u00e3o de \u00e1gua e de coleta e tratamento de esgoto. J\u00e1 nos Munic\u00edpios de Paty do Alferes e Miguel Pereira, na regi\u00e3o Centro-Sul do Estado, a concession\u00e1ria realizar\u00e1 a capta\u00e7\u00e3o, tratamento e distribui\u00e7\u00e3o de \u00e1gua tratada, al\u00e9m dos servi\u00e7os de esgotamento sanit\u00e1rio.<\/p>\n<p style=\"text-align: justify;\">O contrato de concess\u00e3o ter\u00e1 dura\u00e7\u00e3o de 35 anos e conta com investimentos estimados de R$ 2,7 bilh\u00f5es, al\u00e9m do pagamento de mais de R$ 8 bilh\u00f5es a t\u00edtulo de outorga (fixa e vari\u00e1vel).<\/p>\n<p style=\"text-align: justify;\">Para al\u00e9m dos investimentos estimados ao longo desse per\u00edodo, bem como o alcance das metas contratuais que contribuem para a universaliza\u00e7\u00e3o de \u00e1gua e esgoto, o projeto prev\u00ea outros benef\u00edcios diretos e indiretos: a conserva\u00e7\u00e3o de mananciais, a melhoria na qualidade de vida da popula\u00e7\u00e3o, a melhoria de sa\u00fade e de bem-estar, entre outros.<\/p>\n<p style=\"text-align: justify;\">\u201c\u00c9 um momento especial. Estamos na fase de recrutamento de pessoas, de planejamento e de prepara\u00e7\u00e3o para essa nova etapa, que com certeza marcar\u00e1 a nossa hist\u00f3ria e refor\u00e7ar\u00e1 o prop\u00f3sito de sermos a melhor empresa de saneamento para o Brasil. Continuamos focados na aquisi\u00e7\u00e3o de concess\u00f5es e na forma\u00e7\u00e3o de parcerias p\u00fablico-privadas para ganhar escala no setor brasileiro de \u00e1gua e esgoto\u201d, afirma o presidente da Igu\u00e1, Carlos Brand\u00e3o.<\/p>\n<p style=\"text-align: justify;\">\n","protected":false},"excerpt":{"rendered":"<p>Agosto, 2021 &#8211; A Igu\u00e1 Rio\u00a0de Janeiro S.A.\u00a0assinou nesta quinta-feira (12) o contrato de concess\u00e3o dos servi\u00e7os p\u00fablicos de abastecimento de \u00e1gua pot\u00e1vel e de esgotamento sanit\u00e1rio, referente ao bloco 2 dos ativos da Companhia Estadual de \u00c1guas e Esgotos do Rio de Janeiro (CEDAE). A partir de agora, ter\u00e1 in\u00edcio ao per\u00edodo de opera\u00e7\u00e3o [&hellip;]<\/p>\n","protected":false},"author":1,"featured_media":17152,"comment_status":"open","ping_status":"open","sticky":false,"template":"","format":"standard","meta":{"_uag_custom_page_level_css":"","footnotes":""},"categories":[33],"tags":[1295,21783,2050,21782,21781],"class_list":["post-17151","post","type-post","status-publish","format-standard","has-post-thumbnail","hentry","category-mercado","tag-barra-da-tijuca","tag-bloco-zona-oeste","tag-cedae","tag-empregos-saneamento","tag-igua-rio-de-janeiro"],"blocksy_meta":[],"spectra_blocks_featured_image_url":{"thumbnail":{"url":"https:\/\/construcaocivil.siriusmarketingedesign.com.br\/wp-content\/uploads\/2021\/08\/Carlos-Brandao-assina-contrato-com-governo-do-Rio-de-Janeiro.-Credito-Divulgacao-Lucas-Landau--150x150.jpg","width":150,"height":150},"medium":{"url":"https:\/\/construcaocivil.siriusmarketingedesign.com.br\/wp-content\/uploads\/2021\/08\/Carlos-Brandao-assina-contrato-com-governo-do-Rio-de-Janeiro.-Credito-Divulgacao-Lucas-Landau--300x200.jpg","width":300,"height":200},"medium_large":{"url":"https:\/\/construcaocivil.siriusmarketingedesign.com.br\/wp-content\/uploads\/2021\/08\/Carlos-Brandao-assina-contrato-com-governo-do-Rio-de-Janeiro.-Credito-Divulgacao-Lucas-Landau--768x511.jpg","width":768,"height":511},"large":{"url":"https:\/\/construcaocivil.siriusmarketingedesign.com.br\/wp-content\/uploads\/2021\/08\/Carlos-Brandao-assina-contrato-com-governo-do-Rio-de-Janeiro.-Credito-Divulgacao-Lucas-Landau--1024x682.jpg","width":1024,"height":682},"full":{"url":"https:\/\/construcaocivil.siriusmarketingedesign.com.br\/wp-content\/uploads\/2021\/08\/Carlos-Brandao-assina-contrato-com-governo-do-Rio-de-Janeiro.-Credito-Divulgacao-Lucas-Landau-.jpg","width":1280,"height":852}},"spectra_blocks_author_info":{"display_name":"Jornal da Constru\u00e7\u00e3o Civil","avatar_url":"https:\/\/secure.gravatar.com\/avatar\/973c9774fd44ddaceb026973c4962faa70fc512bc4c9da68e8ebb40fecee6540?s=96&d=mm&r=g","author_link":"https:\/\/construcaocivil.siriusmarketingedesign.com.br\/?author=1","description":"Desde de 2013, levando muitas informa\u00e7\u00f5es, lan\u00e7amentos e produtos de qualidade para toda cadeia produtiva da constru\u00e7\u00e3o. O Futuro da constru\u00e7\u00e3o passa por aqui,"},"uagb_featured_image_src":{"full":["https:\/\/construcaocivil.siriusmarketingedesign.com.br\/wp-content\/uploads\/2021\/08\/Carlos-Brandao-assina-contrato-com-governo-do-Rio-de-Janeiro.-Credito-Divulgacao-Lucas-Landau-.jpg",1280,852,false],"thumbnail":["https:\/\/construcaocivil.siriusmarketingedesign.com.br\/wp-content\/uploads\/2021\/08\/Carlos-Brandao-assina-contrato-com-governo-do-Rio-de-Janeiro.-Credito-Divulgacao-Lucas-Landau--150x150.jpg",150,150,true],"medium":["https:\/\/construcaocivil.siriusmarketingedesign.com.br\/wp-content\/uploads\/2021\/08\/Carlos-Brandao-assina-contrato-com-governo-do-Rio-de-Janeiro.-Credito-Divulgacao-Lucas-Landau--300x200.jpg",300,200,true],"medium_large":["https:\/\/construcaocivil.siriusmarketingedesign.com.br\/wp-content\/uploads\/2021\/08\/Carlos-Brandao-assina-contrato-com-governo-do-Rio-de-Janeiro.-Credito-Divulgacao-Lucas-Landau--768x511.jpg",768,511,true],"large":["https:\/\/construcaocivil.siriusmarketingedesign.com.br\/wp-content\/uploads\/2021\/08\/Carlos-Brandao-assina-contrato-com-governo-do-Rio-de-Janeiro.-Credito-Divulgacao-Lucas-Landau--1024x682.jpg",1024,682,true],"1536x1536":["https:\/\/construcaocivil.siriusmarketingedesign.com.br\/wp-content\/uploads\/2021\/08\/Carlos-Brandao-assina-contrato-com-governo-do-Rio-de-Janeiro.-Credito-Divulgacao-Lucas-Landau-.jpg",1280,852,false],"2048x2048":["https:\/\/construcaocivil.siriusmarketingedesign.com.br\/wp-content\/uploads\/2021\/08\/Carlos-Brandao-assina-contrato-com-governo-do-Rio-de-Janeiro.-Credito-Divulgacao-Lucas-Landau-.jpg",1280,852,false]},"uagb_author_info":{"display_name":"Jornal da Constru\u00e7\u00e3o Civil","author_link":"https:\/\/construcaocivil.siriusmarketingedesign.com.br\/?author=1"},"uagb_comment_info":0,"uagb_excerpt":"Agosto, 2021 &#8211; A Igu\u00e1 Rio\u00a0de Janeiro S.A.\u00a0assinou nesta quinta-feira (12) o contrato de concess\u00e3o dos servi\u00e7os p\u00fablicos de abastecimento de \u00e1gua pot\u00e1vel e de esgotamento sanit\u00e1rio, referente ao bloco 2 dos ativos da Companhia Estadual de \u00c1guas e Esgotos do Rio de Janeiro (CEDAE). A partir de agora, ter\u00e1 in\u00edcio ao per\u00edodo de opera\u00e7\u00e3o&hellip;","_links":{"self":[{"href":"https:\/\/construcaocivil.siriusmarketingedesign.com.br\/index.php?rest_route=\/wp\/v2\/posts\/17151","targetHints":{"allow":["GET"]}}],"collection":[{"href":"https:\/\/construcaocivil.siriusmarketingedesign.com.br\/index.php?rest_route=\/wp\/v2\/posts"}],"about":[{"href":"https:\/\/construcaocivil.siriusmarketingedesign.com.br\/index.php?rest_route=\/wp\/v2\/types\/post"}],"author":[{"embeddable":true,"href":"https:\/\/construcaocivil.siriusmarketingedesign.com.br\/index.php?rest_route=\/wp\/v2\/users\/1"}],"replies":[{"embeddable":true,"href":"https:\/\/construcaocivil.siriusmarketingedesign.com.br\/index.php?rest_route=%2Fwp%2Fv2%2Fcomments&post=17151"}],"version-history":[{"count":0,"href":"https:\/\/construcaocivil.siriusmarketingedesign.com.br\/index.php?rest_route=\/wp\/v2\/posts\/17151\/revisions"}],"wp:featuredmedia":[{"embeddable":true,"href":"https:\/\/construcaocivil.siriusmarketingedesign.com.br\/index.php?rest_route=\/wp\/v2\/media\/17152"}],"wp:attachment":[{"href":"https:\/\/construcaocivil.siriusmarketingedesign.com.br\/index.php?rest_route=%2Fwp%2Fv2%2Fmedia&parent=17151"}],"wp:term":[{"taxonomy":"category","embeddable":true,"href":"https:\/\/construcaocivil.siriusmarketingedesign.com.br\/index.php?rest_route=%2Fwp%2Fv2%2Fcategories&post=17151"},{"taxonomy":"post_tag","embeddable":true,"href":"https:\/\/construcaocivil.siriusmarketingedesign.com.br\/index.php?rest_route=%2Fwp%2Fv2%2Ftags&post=17151"}],"curies":[{"name":"wp","href":"https:\/\/api.w.org\/{rel}","templated":true}]}}