{"id":17161,"date":"2021-08-13T18:07:49","date_gmt":"2021-08-13T21:07:49","guid":{"rendered":"https:\/\/www.jornaldaconstrucaocivil.com.br\/?p=17161"},"modified":"2021-08-13T18:07:49","modified_gmt":"2021-08-13T21:07:49","slug":"lula-temos-de-incluir-o-pobre-no-orcamento-e-o-rico-no-imposto-de-renda","status":"publish","type":"post","link":"https:\/\/construcaocivil.siriusmarketingedesign.com.br\/?p=17161","title":{"rendered":"Lula: \u201cTemos de incluir o pobre no or\u00e7amento e o rico no imposto de renda\u201d"},"content":{"rendered":"<section>PT<\/p>\n<p style=\"text-align: justify;\"><span style=\"color: #0000ff;\">Agosto<\/span>, 2021 &#8211; O Brasil n\u00e3o pode ficar eternamente condenado a ser uma simples promessa, uma remota possibilidade de na\u00e7\u00e3o desenvolvida. Para crescer, ter prosperidade e sair da condi\u00e7\u00e3o in\u00e9dita de p\u00e1ria internacional a que foi submetido por Jair Bolsonaro, o pa\u00eds precisa de um amplo projeto de reconstru\u00e7\u00e3o nacional, que envolva toda a sociedade civil, defende o ex-presidente Luiz In\u00e1cio Lula da Silva. Em <a href=\"https:\/\/lula.com.br\/lula-a-cbn-este-pais-pode-ser-reconstruido-pensando-no-povo\/\" target=\"_blank\" rel=\"noreferrer noopener\">entrevista concedida para a R\u00e1dio CBN Santa Catarina<\/a>, nesta sexta-feira (13), Lula lamentou\u00a0 os efeitos do\u00a0<a href=\"https:\/\/pt.org.br\/o-pais-esta-esfacelado-com-seu-presente-e-futuro-sob-grave-ameaca\/\" target=\"_blank\" rel=\"noreferrer noopener\">plano de destrui\u00e7\u00e3o do Estado brasileiro implementado por Bolsonaro e pelo ministro da Economia Paulo Guedes<\/a>. \u201cTemos de incluir o pobre no or\u00e7amento e o rico no imposto de renda\u201d, defende Lula, para quem a distribui\u00e7\u00e3o de renda \u00e9 \u00fanico caminho vi\u00e1vel ao pa\u00eds. A seguir, os principais trechos da entrevista.<\/p>\n<h3 style=\"text-align: justify;\">Fome e desemprego<\/h3>\n<p style=\"text-align: justify;\">\u201c<a href=\"https:\/\/pt.org.br\/sem-governo-inflacao-e-a-maior-em-19-anos-e-segue-aumentando\/\" target=\"_blank\" rel=\"noreferrer noopener\">Hoje temos 19 milh\u00f5es de brasileiros passando fome<\/a>\u00a0e outros 24 milh\u00f5es em situa\u00e7\u00e3o de inseguran\u00e7a alimentar. Ou seja, pessoas que n\u00e3o est\u00e3o conseguindo ingerir as calorias necess\u00e1rias. Esse \u00e9 o dado concreto que n\u00f3s temos que combater\u201d, ressaltou Lula. Ele tamb\u00e9m chamou a aten\u00e7\u00e3o para o n\u00famero alarmante de\u00a0<a href=\"https:\/\/pt.org.br\/com-bolsonaro-miseria-no-pais-atinge-recorde-historico\/\" target=\"_blank\" rel=\"noreferrer noopener\">15 milh\u00f5es de desempregados e outros 34 milh\u00f5es de trabalhadores que desistiram de procurar emprego<\/a>. \u201cTemos uma predomin\u00e2ncia do trabalho intermitente, do bico. \u00c9 assim que est\u00e1 vivendo o povo brasileiro hoje\u201d, disse o ex-presidente.<\/p>\n<p style=\"text-align: justify;\">Para Lula, \u00e9 necess\u00e1ria uma participa\u00e7\u00e3o estrat\u00e9gica do Estado para integrar as diversas \u00e1reas da economia e fomentar desenvolvimento com crescimento inclusivo.\u00a0<a href=\"https:\/\/pt.org.br\/em-plena-pandemia-maiores-bancos-privados-acumulam-superlucros\/\" target=\"_blank\" rel=\"noreferrer noopener\">\u201cPrecisamos<\/a>\u00a0de pol\u00edticas p\u00fablicas s\u00f3lidas para criar emprego, \u00e9 a forma mais justa de fazer com que a sociedade viva bem\u201d, justificou Lula.<\/p>\n<p style=\"text-align: justify;\">\u201cN\u00f3s aumentamos o sal\u00e1rio m\u00ednimo em 74% quando [eu e Dilma] fomos presidentes, criamos pol\u00edticas s\u00f3lidas n\u00e3o apenas para a pequena e m\u00e9dia agricultura familiar mas tamb\u00e9m para o pequeno consumidor\u201d, explicou Lula.<\/p>\n<p style=\"text-align: justify;\">Ele lembrou que isso s\u00f3 foi poss\u00edvel porque o governo criou o Programa de Aquisi\u00e7\u00e3o de Alimentos (PAA) para estimular a produ\u00e7\u00e3o e o consumo local e garantir o sustento das fam\u00edlias de pequenos agricultores. O programa, a exemplo do Bolsa Fam\u00edlia, tamb\u00e9m passou a ser refer\u00eancia internacional.<\/p>\n<p style=\"text-align: justify;\">\u201c\u00c9 preciso incluir o pobre no or\u00e7amento da Uni\u00e3o e o\u00a0<a href=\"https:\/\/pt.org.br\/na-argentina-e-bolivia-ricos-vao-ajudar-a-pagar-a-conta-da-crise\/\" target=\"_blank\" rel=\"noreferrer noopener\">rico no imposto de renda<\/a>. Na hora que fizermos isso, vamos come\u00e7ar a fazer uma distribui\u00e7\u00e3o de riqueza nesse pa\u00eds para transform\u00e1-lo em um Estado de bem-estar social\u201d, concluiu o ex-presidente.<\/p>\n<h3 style=\"text-align: justify;\">Reconstru\u00e7\u00e3o do Brasil<\/h3>\n<p style=\"text-align: justify;\">Lula questionou o\u00a0<a href=\"https:\/\/pt.org.br\/artigo-reforma-tributaria-de-bolsonaro-so-e-boa-para-os-ricos\/\" target=\"_blank\" rel=\"noreferrer noopener\">papel da elite brasileira, historicamente atrelada a uma mentalidade escravocrata<\/a>\u00a0e antidesenvolvimentista. \u201cPor que n\u00e3o temos desenvolvimento, crescimento? \u00c9 porque a elite brasileira nunca se preocupou com os outros, sempre se preocupou com o pr\u00f3prio umbigo\u201d, criticou.<\/p>\n<p style=\"text-align: justify;\">\u201cEsse povo tem que ter voltar a ter o direito de trabalhar, estudar, o direito de um sal\u00e1rio digno, o direito do agricultor viver decentemente da sua produ\u00e7\u00e3o e o com\u00e9rcio que conseguir fazer\u201d, pontuou o l\u00edder petista.<\/p>\n<p style=\"text-align: justify;\">Para Lula, o Brasil precisa da participa\u00e7\u00e3o popular para se encontrar como na\u00e7\u00e3o. \u201cEsse pa\u00eds pode ser reconstru\u00eddo com o povo. Esse pa\u00eds pode e tem o direito de ser um pa\u00eds grande economicamente, do ponto de vista social, com o povo respeitado\u201d.<\/p>\n<h3 style=\"text-align: justify;\">Impeachment de Bolsonaro<\/h3>\n<p style=\"text-align: justify;\">Lula tamb\u00e9m comentou sobre um poss\u00edvel processo de impeachment de Bolsonaro na C\u00e2mara dos Deputados. Ele\u00a0<a href=\"https:\/\/pt.org.br\/lula-em-algum-momento-bolsonaro-sera-julgado-e-e-disso-que-ele-tem-medo\/\" target=\"_blank\" rel=\"noreferrer noopener\">defendeu a interdi\u00e7\u00e3o urgente do ocupante do Planalto por in\u00fameros crimes de responsabilidade\u00a0<\/a>cometidos \u00e0 frente da Presid\u00eancia. Mas destacou que a decis\u00e3o est\u00e1 nas m\u00e3os do presidente da C\u00e2mara, Artur Lira.<\/p>\n<p style=\"text-align: justify;\">\u201cN\u00f3s entramos com um pedido, na Suprema Corte, para que haja uma interdi\u00e7\u00e3o do mandato do Bolsonaro pela quantidade de crimes que ele ja cometeu, de desrespeito \u00e0s institui\u00e7\u00f5es\u201d, explicou o presidente. \u201cBolsonaro governa baseado na mentira, ele n\u00e3o tem nenhuma preocupa\u00e7\u00e3o com a verdade\u201d.<\/p>\n<p style=\"text-align: justify;\">\u201cO presidente [Lira] chegou a ter 100 pedidos de impeachment de Bolsonaro e n\u00e3o colocou nenhum em vota\u00e7\u00e3o\u201d, observou Lula. \u201cE o PT e a oposi\u00e7\u00e3o t\u00eam cobrado muito, mas isso n\u00e3o muda o fato que \u00e9 o Lira quem tem que pautar\u201d, afirmou.<\/p>\n<h3 style=\"text-align: justify;\">Elei\u00e7\u00f5es<\/h3>\n<p style=\"text-align: justify;\">Lula diz ter convic\u00e7\u00e3o de que Bolsonaro ser\u00e1 removido do Planalto por impeachment ou por voto popular. \u201cO Bolsonaro colocou o Lira l\u00e1 porque ele tem sido um parceiro dele nas vota\u00e7\u00f5es\u201d, frisou Lula. \u201cE eu n\u00e3o acredito que ele v\u00e1 pautar o impeachment. Mas o dado concreto \u00e9: se n\u00e3o tiver impeachment ou o Bolsonaro n\u00e3o for interditado, ele ser\u00e1 derrotado pelo povo nas elei\u00e7\u00f5es\u201d.<\/p>\n<p style=\"text-align: justify;\">\u201cBolsonaro n\u00e3o continuar\u00e1 sendo presidente do Brasil . O pa\u00eds precisa de um presidente com voca\u00e7\u00e3o humanista, que utilize a palavra paz, que distribua livros, n\u00e3o armas\u201d, disse Lula.<\/p>\n<p style=\"text-align: justify;\">\u201cO Brasil N\u00e3o tem contencioso, Temos um presidente que n\u00e3o \u00e9 recebido em lugar nenhum do mundo e ningu\u00e9m quer vir aqui. O Brasil n\u00e3o \u00e9 isso. Ele lembrou que quando foi presidente, o Brasil mantinha di\u00e1logo com todos os pa\u00edses e blocos e citou exemplo de EUA, Am\u00e9rica Latina, \u00c1sia, \u00c1frica.<\/p>\n<h3 style=\"text-align: justify;\">Polariza\u00e7\u00e3o<\/h3>\n<p style=\"text-align: justify;\">Lula tamb\u00e9m voltou a comentar os efeitos da polariza\u00e7\u00e3o sobre o debate pol\u00edtico nacional. \u201cAs pessoas n\u00e3o t\u00eam de ter medo da polariza\u00e7\u00e3o.\u00a0<a href=\"https:\/\/pt.org.br\/3a-via-tem-o-mesmo-projeto-de-bolsonaro-privatizar-e-excluir-direitos\/\" target=\"_blank\" rel=\"noreferrer noopener\">A polariza\u00e7\u00e3o que existe hoje \u00e9: um representa a democracia e outro representa o fascismo<\/a>, a antidemocracia, o negacionismo. O povo vai escolher entre a democracia e o fascismo\u201d, resumiu.<\/p>\n<p style=\"text-align: justify;\">\u201cTem muita especula\u00e7\u00e3o e bobagem que leio nos jornais\u201d, rebateu Lula, sobre a ideia de que o PT prefere disputar com Bolsonaro. \u201cEu n\u00e3o escolho candidato. At\u00e9 porque o dado concreto que as pesquisas mostram \u00e9 que eu venceria os demais candidatos e n\u00e3o s\u00f3 o Bolsonaro. Mas eu vou com muita calma porque estamos a um ano das elei\u00e7\u00f5es\u201d, recomendou.<\/p>\n<h3 style=\"text-align: justify;\">Aos amigos tudo; aos inimigos, a lei<\/h3>\n<p style=\"text-align: justify;\">Lula condenou ainda as pr\u00e1ticas nada republicanas de Bolsonaro de utilizar instrumentos institucionais para proteger os amigos e os filhos, por meio da tentativa de aparelhar \u00f3rg\u00e3os de controle e fiscaliza\u00e7\u00e3o. Ele fez refer\u00eancia aos \u201ccrit\u00e9rios\u201d de Bolsonaro, por exemplo, de indicar ao STF ministros evang\u00e9licos.<\/p>\n<p style=\"text-align: justify;\">\u201cContinuo acreditando na democracia. Se eu voltar a ser presidente da Rep\u00fablica, o procurador-geral ser\u00e1 escolhido entre o mais votado, o ministro da Suprema Corte ser\u00e1 escolhido pelo seu potencial, pelo seu conhecimento jur\u00eddico, n\u00e3o vou querer um amigo meu\u201d, argumentou. \u201cQuero uma pessoa em quem a sociedade possa ter confian\u00e7a, se n\u00e3o voc\u00ea avacalha as institui\u00e7\u00f5es, a democracia\u201d.<\/p>\n<p style=\"text-align: justify;\">O ex-presidente lembrou que foram os governos do PT os respons\u00e1veis pelo incremento e amplia\u00e7\u00e3o dos \u00f3rg\u00e3os de controle e fiscaliza\u00e7\u00e3o do Estado e que nunca houve tentativas de impedir investiga\u00e7\u00f5es, inclusive de nomes ligados ao partido.<\/p>\n<p style=\"text-align: justify;\">\u201cDefendo uma Pol\u00edcia Federal forte, um Minist\u00e9rio P\u00fablico forte, uma Receita [Federal] forte\u201d, esclareceu. \u201cAgora, essa pessoas t\u00eam de ser fortes, n\u00e3o apenas por conta do que est\u00e1 na Legisla\u00e7\u00e3o, mas tamb\u00e9m pelo comportamento moral e \u00e9tico. Por isso \u00e9 que digo que [Deltan] Dallagnol n\u00e3o montou for\u00e7a tarefa, montou uma quadrilha com a qual queria se beneficiar\u201d.<\/p>\n<p style=\"text-align: justify;\">\n<figure style=\"text-align: justify;\">&nbsp;<\/figure>\n<p class=\"italico\" style=\"text-align: justify;\">\n<div class=\"blocos\" style=\"text-align: justify;\"><\/div>\n<\/section>\n<div class=\"lateral\" style=\"text-align: justify;\"><\/div>\n","protected":false},"excerpt":{"rendered":"<p>PT Agosto, 2021 &#8211; O Brasil n\u00e3o pode ficar eternamente condenado a ser uma simples promessa, uma remota possibilidade de na\u00e7\u00e3o desenvolvida. Para crescer, ter prosperidade e sair da condi\u00e7\u00e3o in\u00e9dita de p\u00e1ria internacional a que foi submetido por Jair Bolsonaro, o pa\u00eds precisa de um amplo projeto de reconstru\u00e7\u00e3o nacional, que envolva toda a [&hellip;]<\/p>\n","protected":false},"author":1,"featured_media":17162,"comment_status":"open","ping_status":"open","sticky":false,"template":"","format":"standard","meta":{"_uag_custom_page_level_css":"","footnotes":""},"categories":[27],"tags":[21790,21794,21791,21792,20630,8144,21793,10060],"class_list":["post-17161","post","type-post","status-publish","format-standard","has-post-thumbnail","hentry","category-acontece","tag-28-milhoes-de-desempregados","tag-brasil-sem-mercado-de-trabalho","tag-investimentos-em-construcao-civil","tag-ir-achata-o-pobre","tag-lula-2022","tag-nordeste","tag-pobres-perdem-tudo-no-brasil","tag-reforma-trabalhista"],"blocksy_meta":[],"spectra_blocks_featured_image_url":{"thumbnail":{"url":"https:\/\/construcaocivil.siriusmarketingedesign.com.br\/wp-content\/uploads\/2021\/08\/LULA-AB-150x150.jpeg","width":150,"height":150},"medium":{"url":"https:\/\/construcaocivil.siriusmarketingedesign.com.br\/wp-content\/uploads\/2021\/08\/LULA-AB-300x169.jpeg","width":300,"height":169},"medium_large":{"url":"https:\/\/construcaocivil.siriusmarketingedesign.com.br\/wp-content\/uploads\/2021\/08\/LULA-AB.jpeg","width":753,"height":424},"large":{"url":"https:\/\/construcaocivil.siriusmarketingedesign.com.br\/wp-content\/uploads\/2021\/08\/LULA-AB.jpeg","width":753,"height":424},"full":{"url":"https:\/\/construcaocivil.siriusmarketingedesign.com.br\/wp-content\/uploads\/2021\/08\/LULA-AB.jpeg","width":753,"height":424}},"spectra_blocks_author_info":{"display_name":"Jornal da Constru\u00e7\u00e3o Civil","avatar_url":"https:\/\/secure.gravatar.com\/avatar\/973c9774fd44ddaceb026973c4962faa70fc512bc4c9da68e8ebb40fecee6540?s=96&d=mm&r=g","author_link":"https:\/\/construcaocivil.siriusmarketingedesign.com.br\/?author=1","description":"Desde de 2013, levando muitas informa\u00e7\u00f5es, lan\u00e7amentos e produtos de qualidade para toda cadeia produtiva da constru\u00e7\u00e3o. O Futuro da constru\u00e7\u00e3o passa por aqui,"},"uagb_featured_image_src":{"full":["https:\/\/construcaocivil.siriusmarketingedesign.com.br\/wp-content\/uploads\/2021\/08\/LULA-AB.jpeg",753,424,false],"thumbnail":["https:\/\/construcaocivil.siriusmarketingedesign.com.br\/wp-content\/uploads\/2021\/08\/LULA-AB-150x150.jpeg",150,150,true],"medium":["https:\/\/construcaocivil.siriusmarketingedesign.com.br\/wp-content\/uploads\/2021\/08\/LULA-AB-300x169.jpeg",300,169,true],"medium_large":["https:\/\/construcaocivil.siriusmarketingedesign.com.br\/wp-content\/uploads\/2021\/08\/LULA-AB.jpeg",753,424,false],"large":["https:\/\/construcaocivil.siriusmarketingedesign.com.br\/wp-content\/uploads\/2021\/08\/LULA-AB.jpeg",753,424,false],"1536x1536":["https:\/\/construcaocivil.siriusmarketingedesign.com.br\/wp-content\/uploads\/2021\/08\/LULA-AB.jpeg",753,424,false],"2048x2048":["https:\/\/construcaocivil.siriusmarketingedesign.com.br\/wp-content\/uploads\/2021\/08\/LULA-AB.jpeg",753,424,false]},"uagb_author_info":{"display_name":"Jornal da Constru\u00e7\u00e3o Civil","author_link":"https:\/\/construcaocivil.siriusmarketingedesign.com.br\/?author=1"},"uagb_comment_info":0,"uagb_excerpt":"PT Agosto, 2021 &#8211; O Brasil n\u00e3o pode ficar eternamente condenado a ser uma simples promessa, uma remota possibilidade de na\u00e7\u00e3o desenvolvida. Para crescer, ter prosperidade e sair da condi\u00e7\u00e3o in\u00e9dita de p\u00e1ria internacional a que foi submetido por Jair Bolsonaro, o pa\u00eds precisa de um amplo projeto de reconstru\u00e7\u00e3o nacional, que envolva toda a&hellip;","_links":{"self":[{"href":"https:\/\/construcaocivil.siriusmarketingedesign.com.br\/index.php?rest_route=\/wp\/v2\/posts\/17161","targetHints":{"allow":["GET"]}}],"collection":[{"href":"https:\/\/construcaocivil.siriusmarketingedesign.com.br\/index.php?rest_route=\/wp\/v2\/posts"}],"about":[{"href":"https:\/\/construcaocivil.siriusmarketingedesign.com.br\/index.php?rest_route=\/wp\/v2\/types\/post"}],"author":[{"embeddable":true,"href":"https:\/\/construcaocivil.siriusmarketingedesign.com.br\/index.php?rest_route=\/wp\/v2\/users\/1"}],"replies":[{"embeddable":true,"href":"https:\/\/construcaocivil.siriusmarketingedesign.com.br\/index.php?rest_route=%2Fwp%2Fv2%2Fcomments&post=17161"}],"version-history":[{"count":0,"href":"https:\/\/construcaocivil.siriusmarketingedesign.com.br\/index.php?rest_route=\/wp\/v2\/posts\/17161\/revisions"}],"wp:featuredmedia":[{"embeddable":true,"href":"https:\/\/construcaocivil.siriusmarketingedesign.com.br\/index.php?rest_route=\/wp\/v2\/media\/17162"}],"wp:attachment":[{"href":"https:\/\/construcaocivil.siriusmarketingedesign.com.br\/index.php?rest_route=%2Fwp%2Fv2%2Fmedia&parent=17161"}],"wp:term":[{"taxonomy":"category","embeddable":true,"href":"https:\/\/construcaocivil.siriusmarketingedesign.com.br\/index.php?rest_route=%2Fwp%2Fv2%2Fcategories&post=17161"},{"taxonomy":"post_tag","embeddable":true,"href":"https:\/\/construcaocivil.siriusmarketingedesign.com.br\/index.php?rest_route=%2Fwp%2Fv2%2Ftags&post=17161"}],"curies":[{"name":"wp","href":"https:\/\/api.w.org\/{rel}","templated":true}]}}