{"id":17180,"date":"2021-08-17T10:48:47","date_gmt":"2021-08-17T13:48:47","guid":{"rendered":"https:\/\/www.jornaldaconstrucaocivil.com.br\/?p=17180"},"modified":"2021-08-17T10:48:47","modified_gmt":"2021-08-17T13:48:47","slug":"cbca-divulga-os-vencedores-de-concursos-para-estudantes-de-engenharia-e-arquitetura","status":"publish","type":"post","link":"https:\/\/construcaocivil.siriusmarketingedesign.com.br\/?p=17180","title":{"rendered":"CBCA divulga os vencedores de concursos para estudantes de Engenharia e Arquitetura"},"content":{"rendered":"<p class=\"v1ql-align-justify\" style=\"text-align: justify;\"><span style=\"color: #993300;\">Agosto<\/span>, 2021 &#8211; Pela primeira vez, os calend\u00e1rios do 3\u00ba Concurso CBCA para estudantes de Engenharia e do 14\u00ba Concurso CBCA para estudantes de Arquitetura, ocorreram de forma simult\u00e2nea. Com abrang\u00eancia nacional, as equipes tiveram orienta\u00e7\u00e3o de professores e abordaram, respectivamente, os temas &#8220;Edif\u00edcio de M\u00faltiplos Andares de Uso Misto&#8221; e &#8220;Sa\u00fade e Bem-Estar&#8221;.<\/p>\n<p class=\"v1ql-align-justify\" style=\"text-align: justify;\">As comiss\u00f5es julgadoras de ambos os concursos foram compostas por membros e convidados da Comiss\u00e3o Executiva do CBCA, al\u00e9m de representantes dos seguintes Institutos\/Associa\u00e7\u00f5es: Associa\u00e7\u00e3o Brasileira dos Escrit\u00f3rios de Arquitetura (AsBEA), Associa\u00e7\u00e3o Brasileira de Engenharia e Consultoria Estrutural (ABECE), Instituto dos Arquitetos do Brasil (IAB) e Instituto de Engenharia (IE). O j\u00fari de engenharia ainda contou com a participa\u00e7\u00e3o de membros da Associa\u00e7\u00e3o Brasileira de Pontes e Estruturas (ABPE) e do Departamento Nacional de Infraestrutura de Transportes (DNIT).<\/p>\n<p class=\"v1ql-align-justify\" style=\"text-align: justify;\">Dessa forma, os projetos vencedores ser\u00e3o parabenizados com o pr\u00eamio de R$ 8.000, distribu\u00eddo entre equipe (R$ 6.500) e professor orientador (R$ 1.500); recebimento gratuito das principais publica\u00e7\u00f5es do CBCA e inscri\u00e7\u00f5es, tamb\u00e9m gratuitas, nos cursos online da entidade.<\/p>\n<p class=\"v1ql-align-justify\" style=\"text-align: justify;\">O 1\u00ba lugar do concurso para estudantes de engenharia ainda ter\u00e1 participa\u00e7\u00e3o sob a responsabilidade do CBCA no 24\u00ba Encontro Nacional de Engenharia e Consultoria Estrutural (ENECE 2021), importante evento promovido anualmente pela Associa\u00e7\u00e3o Brasileira de Engenharia e Consultoria Estrutural (ABECE).<\/p>\n<p class=\"v1ql-align-justify\" style=\"text-align: justify;\">J\u00e1 o 1\u00ba lugar do concurso para estudantes de arquitetura tamb\u00e9m poder\u00e1 participar como representante do Brasil no &#8220;14\u00b0 Concurso ALACERO de Dise\u00f1o en Acero para Estudiantes de Arquitectura 2021&#8221;. Para participar do Concurso ALACERO, a equipe vencedora dever\u00e1 fazer a tradu\u00e7\u00e3o do Memorial Descritivo e dos textos das 6 pranchas para o espanhol.<\/p>\n<p class=\"v1ql-align-justify\" style=\"text-align: justify;\">Os projetos premiados com a segunda e terceira coloca\u00e7\u00e3o tamb\u00e9m receber\u00e3o gratuitamente as inscri\u00e7\u00f5es nos cursos online do CBCA, al\u00e9m das principais publica\u00e7\u00f5es da entidade, como as Edi\u00e7\u00f5es da Revista Arquitetura &amp; A\u00e7o nas vers\u00f5es impressas, ainda em estoque; e os Manuais T\u00e9cnicos de Constru\u00e7\u00e3o em A\u00e7o do CBCA ainda em estoque. Para esses colocados n\u00e3o haver\u00e1 premia\u00e7\u00e3o em dinheiro.<\/p>\n<p class=\"v1ql-align-justify\" style=\"text-align: justify;\"><strong>\u00a0<\/strong><\/p>\n<p class=\"v1ql-align-justify\" style=\"text-align: justify;\"><strong>Vencedores do 3\u00ba Concurso CBCA para estudantes de Engenharia<\/strong><\/p>\n<p class=\"v1ql-align-justify\" style=\"text-align: justify;\"><strong>1\u00ba colocado \u2013 C\u00f3digo do Projeto \u2013 235<\/strong><\/p>\n<p class=\"v1ql-align-justify\" style=\"text-align: justify;\"><strong>Universidade Federal do Rio de Janeiro \u2013 UFRJ<\/strong><\/p>\n<p class=\"v1ql-align-justify\" style=\"text-align: justify;\">Professor Orientador: Mich\u00e8le Schubert Pfeil<\/p>\n<p class=\"v1ql-align-justify\" style=\"text-align: justify;\">Alunos: Vin\u00edcius Marques Augusto, Suzana Dias de S\u00e1 Fernandez, Paul Richard Marques Acurcio, Lucas Rodrigues Cerqueiro, Pedro Henrique Melo Siqueira e Daniel Matheus Silva Ramos<\/p>\n<p class=\"v1ql-align-justify\" style=\"text-align: justify;\">\n<p class=\"v1ql-align-justify\" style=\"text-align: justify;\"><strong>2\u00ba colocado \u2013 C\u00f3digo do Projeto \u2013 228<\/strong><\/p>\n<p class=\"v1ql-align-justify\" style=\"text-align: justify;\"><strong>Universidade Federal dos Vales do Jequitinhonha e Mucuri \u2013 UFVJM \u2013 MG<\/strong><\/p>\n<p class=\"v1ql-align-justify\" style=\"text-align: justify;\">Professor Orientador: Eduardo Louren\u00e7o Pinto<\/p>\n<p class=\"v1ql-align-justify\" style=\"text-align: justify;\">Alunos: Wadson Lopes Ferreira, Jo\u00e3o Vitor Pereira de Deus, Thamyres Rafaelly Antunes e Daniel de Carvalho Gon\u00e7alves.<\/p>\n<p class=\"v1ql-align-justify\" style=\"text-align: justify;\">\n<p class=\"v1ql-align-justify\" style=\"text-align: justify;\"><strong>3\u00ba colocado \u2013 C\u00f3digo do Projeto \u2013 232<\/strong><\/p>\n<p class=\"v1ql-align-justify\" style=\"text-align: justify;\"><strong>Universidade Federal de Lavras \u2013 UFLA &#8211; MG<\/strong><\/p>\n<p class=\"v1ql-align-justify\" style=\"text-align: justify;\">Professor Orientador: Maykmiller Carvalho Rodrigues<\/p>\n<p class=\"v1ql-align-justify\" style=\"text-align: justify;\">Professor Co-Orientador: Wisner Coimbra de Paula<\/p>\n<p class=\"v1ql-align-justify\" style=\"text-align: justify;\">Alunos: Filipe Silva Oliveira, Gabriel Sales Vitor, Rafael Lima Pereira, Maelton de Mesquita Siqueira, Miguel Roberto Rabello Chaves e Ivan Silva Gon\u00e7alves<\/p>\n<p class=\"v1ql-align-justify\" style=\"text-align: justify;\"><strong>\u00a0<\/strong><\/p>\n<p class=\"v1ql-align-justify\" style=\"text-align: justify;\"><strong>Vencedores do 14\u00ba Concurso CBCA para estudantes de Arquitetura<\/strong><\/p>\n<p class=\"v1ql-align-justify\" style=\"text-align: justify;\"><strong>1\u00ba Colocado \u2013 C\u00f3digo de inscri\u00e7\u00e3o: 1855<\/strong><\/p>\n<p class=\"v1ql-align-justify\" style=\"text-align: justify;\"><strong>Faculdade de Arquitetura e Urbanismo da Universidade Presbiteriana Mackenzie<\/strong><\/p>\n<p class=\"v1ql-align-justify\" style=\"text-align: justify;\">Professor Orientador: Cesar Shundi Iwamizu<\/p>\n<p class=\"v1ql-align-justify\" style=\"text-align: justify;\">Co-Orientador: Sasquia Obata<\/p>\n<p class=\"v1ql-align-justify\" style=\"text-align: justify;\">Dados da equipe:<\/p>\n<p class=\"v1ql-align-justify\" style=\"text-align: justify;\">Marcelo Mar\u00e7al<\/p>\n<p class=\"v1ql-align-justify\" style=\"text-align: justify;\">Rafael do Nascimento Cirino<\/p>\n<p class=\"v1ql-align-justify\" style=\"text-align: justify;\">\n<p class=\"v1ql-align-justify\" style=\"text-align: justify;\"><strong>2\u00ba Colocado \u2013 C\u00f3digo de inscri\u00e7\u00e3o: 1848<\/strong><\/p>\n<p class=\"v1ql-align-justify\" style=\"text-align: justify;\"><strong>Faculdade de Arquitetura e Urbanismo da Universidade de S\u00e3o Paulo<\/strong><\/p>\n<p class=\"v1ql-align-justify\" style=\"text-align: justify;\">Professor Orientador: F\u00e1bio Mariz Gon\u00e7alves<\/p>\n<p class=\"v1ql-align-justify\" style=\"text-align: justify;\">Dados da equipe:<\/p>\n<p class=\"v1ql-align-justify\" style=\"text-align: justify;\">Fernando Prudente Comparini<\/p>\n<p class=\"v1ql-align-justify\" style=\"text-align: justify;\">Andr\u00e9 G\u00f3es Monteiro Antonio<\/p>\n<p class=\"v1ql-align-justify\" style=\"text-align: justify;\">Guilherme Mendon\u00e7a Sarti<\/p>\n<p class=\"v1ql-align-justify\" style=\"text-align: justify;\">Fernando Calia Mauad<\/p>\n<p class=\"v1ql-align-justify\" style=\"text-align: justify;\">\n<p class=\"v1ql-align-justify\" style=\"text-align: justify;\"><strong>3\u00ba Colocado \u2013 C\u00f3digo de inscri\u00e7\u00e3o: 1877<\/strong><\/p>\n<p class=\"v1ql-align-justify\" style=\"text-align: justify;\"><strong>FCT Unesp &#8211; Faculdade de Ci\u00eancias e Tecnologia<\/strong><\/p>\n<p class=\"v1ql-align-justify\" style=\"text-align: justify;\">Professor Orientador: C\u00e9sar Fabiano Fioriti<\/p>\n<p class=\"v1ql-align-justify\" style=\"text-align: justify;\">Co-Orientador: Lu\u00edsa Augusta Gabriela Teixeira Gon\u00e7alves<\/p>\n<p class=\"v1ql-align-justify\" style=\"text-align: justify;\">Dados da equipe:<\/p>\n<p class=\"v1ql-align-justify\" style=\"text-align: justify;\">Antonio Souza Santos Neto<\/p>\n<p class=\"v1ql-align-justify\" style=\"text-align: justify;\">Isabela Carvalho Fortuna Rodrigues<\/p>\n<p class=\"v1ql-align-justify\" style=\"text-align: justify;\"><span style=\"color: #0000ff;\">Informa\u00e7\u00f5es a respeito dos locais, datas e demais aspectos sobre as premia\u00e7\u00f5es ser\u00e3o divulgados pelo CBCA em breve.<\/span><\/p>\n","protected":false},"excerpt":{"rendered":"<p>Agosto, 2021 &#8211; Pela primeira vez, os calend\u00e1rios do 3\u00ba Concurso CBCA para estudantes de Engenharia e do 14\u00ba Concurso CBCA para estudantes de Arquitetura, ocorreram de forma simult\u00e2nea. Com abrang\u00eancia nacional, as equipes tiveram orienta\u00e7\u00e3o de professores e abordaram, respectivamente, os temas &#8220;Edif\u00edcio de M\u00faltiplos Andares de Uso Misto&#8221; e &#8220;Sa\u00fade e Bem-Estar&#8221;. As [&hellip;]<\/p>\n","protected":false},"author":1,"featured_media":17181,"comment_status":"open","ping_status":"open","sticky":false,"template":"","format":"standard","meta":{"_uag_custom_page_level_css":"","footnotes":""},"categories":[27],"tags":[21815,21814,12635,2888,19252,6203,21816],"class_list":["post-17180","post","type-post","status-publish","format-standard","has-post-thumbnail","hentry","category-acontece","tag-14o-concurso-cbca","tag-3o-concurso-cbca-para-estudantes-de-engenharia","tag-cbca","tag-construcao-em-aco","tag-edificacoes-em-aco","tag-instituto-aco-brasil","tag-projetos-vencedores"],"blocksy_meta":[],"spectra_blocks_featured_image_url":{"thumbnail":{"url":"https:\/\/construcaocivil.siriusmarketingedesign.com.br\/wp-content\/uploads\/2021\/08\/CBCA-14-150x150.jpg","width":150,"height":150},"medium":{"url":"https:\/\/construcaocivil.siriusmarketingedesign.com.br\/wp-content\/uploads\/2021\/08\/CBCA-14-300x144.jpg","width":300,"height":144},"medium_large":{"url":"https:\/\/construcaocivil.siriusmarketingedesign.com.br\/wp-content\/uploads\/2021\/08\/CBCA-14.jpg","width":730,"height":350},"large":{"url":"https:\/\/construcaocivil.siriusmarketingedesign.com.br\/wp-content\/uploads\/2021\/08\/CBCA-14.jpg","width":730,"height":350},"full":{"url":"https:\/\/construcaocivil.siriusmarketingedesign.com.br\/wp-content\/uploads\/2021\/08\/CBCA-14.jpg","width":730,"height":350}},"spectra_blocks_author_info":{"display_name":"Jornal da Constru\u00e7\u00e3o Civil","avatar_url":"https:\/\/secure.gravatar.com\/avatar\/973c9774fd44ddaceb026973c4962faa70fc512bc4c9da68e8ebb40fecee6540?s=96&d=mm&r=g","author_link":"https:\/\/construcaocivil.siriusmarketingedesign.com.br\/?author=1","description":"Desde de 2013, levando muitas informa\u00e7\u00f5es, lan\u00e7amentos e produtos de qualidade para toda cadeia produtiva da constru\u00e7\u00e3o. O Futuro da constru\u00e7\u00e3o passa por aqui,"},"uagb_featured_image_src":{"full":["https:\/\/construcaocivil.siriusmarketingedesign.com.br\/wp-content\/uploads\/2021\/08\/CBCA-14.jpg",730,350,false],"thumbnail":["https:\/\/construcaocivil.siriusmarketingedesign.com.br\/wp-content\/uploads\/2021\/08\/CBCA-14-150x150.jpg",150,150,true],"medium":["https:\/\/construcaocivil.siriusmarketingedesign.com.br\/wp-content\/uploads\/2021\/08\/CBCA-14-300x144.jpg",300,144,true],"medium_large":["https:\/\/construcaocivil.siriusmarketingedesign.com.br\/wp-content\/uploads\/2021\/08\/CBCA-14.jpg",730,350,false],"large":["https:\/\/construcaocivil.siriusmarketingedesign.com.br\/wp-content\/uploads\/2021\/08\/CBCA-14.jpg",730,350,false],"1536x1536":["https:\/\/construcaocivil.siriusmarketingedesign.com.br\/wp-content\/uploads\/2021\/08\/CBCA-14.jpg",730,350,false],"2048x2048":["https:\/\/construcaocivil.siriusmarketingedesign.com.br\/wp-content\/uploads\/2021\/08\/CBCA-14.jpg",730,350,false]},"uagb_author_info":{"display_name":"Jornal da Constru\u00e7\u00e3o Civil","author_link":"https:\/\/construcaocivil.siriusmarketingedesign.com.br\/?author=1"},"uagb_comment_info":0,"uagb_excerpt":"Agosto, 2021 &#8211; Pela primeira vez, os calend\u00e1rios do 3\u00ba Concurso CBCA para estudantes de Engenharia e do 14\u00ba Concurso CBCA para estudantes de Arquitetura, ocorreram de forma simult\u00e2nea. Com abrang\u00eancia nacional, as equipes tiveram orienta\u00e7\u00e3o de professores e abordaram, respectivamente, os temas &#8220;Edif\u00edcio de M\u00faltiplos Andares de Uso Misto&#8221; e &#8220;Sa\u00fade e Bem-Estar&#8221;. As&hellip;","_links":{"self":[{"href":"https:\/\/construcaocivil.siriusmarketingedesign.com.br\/index.php?rest_route=\/wp\/v2\/posts\/17180","targetHints":{"allow":["GET"]}}],"collection":[{"href":"https:\/\/construcaocivil.siriusmarketingedesign.com.br\/index.php?rest_route=\/wp\/v2\/posts"}],"about":[{"href":"https:\/\/construcaocivil.siriusmarketingedesign.com.br\/index.php?rest_route=\/wp\/v2\/types\/post"}],"author":[{"embeddable":true,"href":"https:\/\/construcaocivil.siriusmarketingedesign.com.br\/index.php?rest_route=\/wp\/v2\/users\/1"}],"replies":[{"embeddable":true,"href":"https:\/\/construcaocivil.siriusmarketingedesign.com.br\/index.php?rest_route=%2Fwp%2Fv2%2Fcomments&post=17180"}],"version-history":[{"count":0,"href":"https:\/\/construcaocivil.siriusmarketingedesign.com.br\/index.php?rest_route=\/wp\/v2\/posts\/17180\/revisions"}],"wp:featuredmedia":[{"embeddable":true,"href":"https:\/\/construcaocivil.siriusmarketingedesign.com.br\/index.php?rest_route=\/wp\/v2\/media\/17181"}],"wp:attachment":[{"href":"https:\/\/construcaocivil.siriusmarketingedesign.com.br\/index.php?rest_route=%2Fwp%2Fv2%2Fmedia&parent=17180"}],"wp:term":[{"taxonomy":"category","embeddable":true,"href":"https:\/\/construcaocivil.siriusmarketingedesign.com.br\/index.php?rest_route=%2Fwp%2Fv2%2Fcategories&post=17180"},{"taxonomy":"post_tag","embeddable":true,"href":"https:\/\/construcaocivil.siriusmarketingedesign.com.br\/index.php?rest_route=%2Fwp%2Fv2%2Ftags&post=17180"}],"curies":[{"name":"wp","href":"https:\/\/api.w.org\/{rel}","templated":true}]}}