{"id":17191,"date":"2021-08-18T18:10:49","date_gmt":"2021-08-18T21:10:49","guid":{"rendered":"https:\/\/www.jornaldaconstrucaocivil.com.br\/?p=17191"},"modified":"2021-08-18T18:10:49","modified_gmt":"2021-08-18T21:10:49","slug":"dia-nacional-da-habitacao-moradia-uma-faisca-para-a-transformacao-social","status":"publish","type":"post","link":"https:\/\/construcaocivil.siriusmarketingedesign.com.br\/?p=17191","title":{"rendered":"Dia Nacional da Habita\u00e7\u00e3o: Moradia: uma fa\u00edsca para a transforma\u00e7\u00e3o social"},"content":{"rendered":"<p style=\"text-align: right;\"><strong><em>\u201cUma cidade \u00e9 sempre uma concentra\u00e7\u00e3o de oportunidades,\u00a0<\/em><\/strong><strong><em>n\u00e3o uma aglomera\u00e7\u00e3o de casas.<\/em><\/strong><\/p>\n<p style=\"text-align: right;\"><strong><em>Sua vida \u00e9 a quantidade\u00a0<\/em><\/strong><strong><em>de oportunidades de trabalho, educa\u00e7\u00e3o, transporte, lazer.<\/em><\/strong><\/p>\n<p style=\"text-align: right;\"><strong><em>A vida \u00e9 a cidade, ou melhor, o direito \u00e0 cidade.\u201d<\/em><\/strong><\/p>\n<p><i>Por Maure Pessanha<\/i><\/p>\n<div><\/div>\n<p><span style=\"color: #993300;\">Agosto<\/span>, 2021 &#8211; Essa an\u00e1lise do arquiteto chileno Alejandro Aravena nos permite uma reflex\u00e3o muito oportuna neste Dia Nacional da Habita\u00e7\u00e3o, celebrado em 21 de agosto. A moradia tem um papel fundamental na vida das pessoas: as condi\u00e7\u00f5es e a localiza\u00e7\u00e3o da casa impactam diretamente na sa\u00fade, na qualidade de vida e no acesso a oportunidades de desenvolvimento como educa\u00e7\u00e3o e empregabilidade. Nessa \u00f3tica, a moradia \u2013 como direito humano fundamental \u2013 tem uma abrang\u00eancia maior do que o acesso a uma resid\u00eancia; interfere, diretamente, na rela\u00e7\u00e3o da pessoa com a cidade e outros setores estruturantes.<\/p>\n<p>Uma casa em condi\u00e7\u00f5es inadequadas e prec\u00e1rias impacta negativamente na vida do cidad\u00e3o. Ao transformar positivamente o morar \u2013 tornando-o um espa\u00e7o dotado de seguran\u00e7a, dignidade e conforto \u2013, provocamos um impacto transversal e positivo n\u00e3o apenas no cotidiano das fam\u00edlias como em toda a sociedade. Se antes da pandemia o tema da habita\u00e7\u00e3o j\u00e1 era urgente, hoje \u00e9 de extrema relev\u00e2ncia, sobretudo por contribuir para melhorar a vida de um contingente de pessoas, que reside em condi\u00e7\u00f5es inadequadas.<\/p>\n<figure id=\"attachment_17193\" aria-describedby=\"caption-attachment-17193\" style=\"width: 212px\" class=\"wp-caption alignleft\"><img loading=\"lazy\" decoding=\"async\" class=\"size-medium wp-image-17193\" src=\"https:\/\/www.jornaldaconstrucaocivil.com.br\/wp-content\/uploads\/2021\/08\/1MaurePessanha-1-.jpg--212x300.jpg\" alt=\"\" width=\"212\" height=\"300\" srcset=\"https:\/\/construcaocivil.siriusmarketingedesign.com.br\/wp-content\/uploads\/2021\/08\/1MaurePessanha-1-.jpg--212x300.jpg 212w, https:\/\/construcaocivil.siriusmarketingedesign.com.br\/wp-content\/uploads\/2021\/08\/1MaurePessanha-1-.jpg--725x1024.jpg 725w, https:\/\/construcaocivil.siriusmarketingedesign.com.br\/wp-content\/uploads\/2021\/08\/1MaurePessanha-1-.jpg--768x1085.jpg 768w, https:\/\/construcaocivil.siriusmarketingedesign.com.br\/wp-content\/uploads\/2021\/08\/1MaurePessanha-1-.jpg--1087x1536.jpg 1087w, https:\/\/construcaocivil.siriusmarketingedesign.com.br\/wp-content\/uploads\/2021\/08\/1MaurePessanha-1-.jpg-.jpg 1239w\" sizes=\"auto, (max-width: 212px) 100vw, 212px\" \/><figcaption id=\"caption-attachment-17193\" class=\"wp-caption-text\">Maure Pessanha. Divulga\u00e7\u00e3o<\/figcaption><\/figure>\n<p>Em uma an\u00e1lise mais acurada, notamos que nas diversas dimens\u00f5es que envolvem a casa \u2013 tanto subjetivas, relacionadas a valores afetivos e culturais, quanto pr\u00e1ticas, abarcando seguran\u00e7a e renda \u2013 est\u00e1 a chave para entender que morar \u00e9 afeto e ref\u00fagio (valor emocional da casa, local de recolhimento e conv\u00edvio); ascens\u00e3o social (a realiza\u00e7\u00e3o do sonho da casa pr\u00f3pria \u00e9 um dos s\u00edmbolos de ascens\u00e3o social); seguran\u00e7a financeira (pode ser um ativo que possibilita trabalho e potencial de renda com aluguel e revenda); e gera\u00e7\u00e3o de renda (fonte para atividades profissionais como sal\u00e3o de cabelereiro, produ\u00e7\u00e3o artesanal). Readequar uma moradia insalubre \u00e9 uma fa\u00edsca para a transforma\u00e7\u00e3o social.<\/p>\n<p>Lidar com o problema habitacional do Brasil \u00e9 um enorme desafio, que deve ser enfrentado por diferentes atores sociais dada a complexidade do problema. E esse problema tem muitas nuances. Re\u00fane, por exemplo, desafios de regulariza\u00e7\u00e3o fundi\u00e1ria, do d\u00e9ficit qualitativo e quantitativo, \u00f4nus excessivo com o aluguel; envolve, ainda, demandas urgentes de amplia\u00e7\u00e3o do acesso ao cr\u00e9dito imobili\u00e1rio e a solu\u00e7\u00f5es de aluguel social. Dados revisados pela Funda\u00e7\u00e3o Jo\u00e3o Pinheiro, com base em 2019, apontam que o pa\u00eds necessita de 5,8 milh\u00f5es de novas moradias, mostrando que h\u00e1 tend\u00eancia de aumento. Quando a an\u00e1lise recai para algum tipo de inadequa\u00e7\u00e3o, o n\u00famero ultrapassa os 24,8 milh\u00f5es.\u00a0Uma das regi\u00f5es com elevado \u00edndice de problema \u00e9 a Nordeste, que conta com mais de 42% do total de habita\u00e7\u00f5es prec\u00e1rias.<\/p>\n<figure id=\"attachment_17194\" aria-describedby=\"caption-attachment-17194\" style=\"width: 300px\" class=\"wp-caption alignright\"><img loading=\"lazy\" decoding=\"async\" class=\"size-medium wp-image-17194\" src=\"https:\/\/www.jornaldaconstrucaocivil.com.br\/wp-content\/uploads\/2021\/08\/Habitacao-OK-300x200.jpg\" alt=\"\" width=\"300\" height=\"200\" srcset=\"https:\/\/construcaocivil.siriusmarketingedesign.com.br\/wp-content\/uploads\/2021\/08\/Habitacao-OK-300x200.jpg 300w, https:\/\/construcaocivil.siriusmarketingedesign.com.br\/wp-content\/uploads\/2021\/08\/Habitacao-OK-450x300.jpg 450w, https:\/\/construcaocivil.siriusmarketingedesign.com.br\/wp-content\/uploads\/2021\/08\/Habitacao-OK.jpg 600w\" sizes=\"auto, (max-width: 300px) 100vw, 300px\" \/><figcaption id=\"caption-attachment-17194\" class=\"wp-caption-text\">Favela da Mare, in Rio de Janeiro. Divulga\u00e7\u00e3o<\/figcaption><\/figure>\n<p>\u00c9 urgente atuarmos para alcan\u00e7ar, juntos, um Brasil mais habit\u00e1vel para todos e todas. Diante desse cen\u00e1rio \u2013 e na perspectiva do empreendedorismo de impacto socioambiental \u2013, penso que devemos dar suporte para potencializar o enorme talento que empreendedores e empreendedoras t\u00eam de desenvolver solu\u00e7\u00f5es inovadoras para atuar, em especial, no combate ao d\u00e9ficit qualitativo. J\u00e1 temos, no Brasil, empresas com bons resultados e forte comprometimento em tornar as moradias da popula\u00e7\u00e3o em situa\u00e7\u00e3o de vulnerabilidade social e econ\u00f4mica mais seguras e dignas.<\/p>\n<p>H\u00e1 mais de uma d\u00e9cada, a Artemisia \u2013 organiza\u00e7\u00e3o pioneira no fomento e na acelera\u00e7\u00e3o de neg\u00f3cios de impacto social \u2013 passou a estudar o setor e a liderar um movimento que enxerga a habita\u00e7\u00e3o como uma fa\u00edsca para a transforma\u00e7\u00e3o social. Com essa premissa propositiva de mudar o cen\u00e1rio de escassez de dignidade para abund\u00e2ncia de solu\u00e7\u00f5es, a organiza\u00e7\u00e3o reuniu parceiros; esse encontro resultou na\u00a0<strong><span style=\"color: #0000ff;\"><a style=\"color: #0000ff;\" href=\"https:\/\/artemisia.org.br\/habitacao\/\" target=\"_blank\" rel=\"noopener noreferrer\"><em>Coaliz\u00e3o Habita\u00e7\u00e3o<\/em><\/a>,<\/span><\/strong> que atua em prol da melhoria habitacional para a popula\u00e7\u00e3o em situa\u00e7\u00e3o de vulnerabilidade econ\u00f4mica. Gerdau, Tigre, Instituto Vedacit, Votorantim Cimentos e Leroy Merlin \u2013 com apoio do Conselho de Arquitetura e Urbanismo do Brasil (CAU-BR), da CAIXA, do neg\u00f3cio de impacto social Vivenda e da Habitat para a Humanidade Brasil \u2013 est\u00e3o construindo uma nova narrativa para um antigo problema social.<\/p>\n<p><strong>MAURE PESSANHA |<\/strong>\u00a0Empreendedora e diretora-executiva da Artemisia, organiza\u00e7\u00e3o pioneira no fomento e na dissemina\u00e7\u00e3o de neg\u00f3cios de impacto social no Brasil<\/p>\n","protected":false},"excerpt":{"rendered":"<p>\u201cUma cidade \u00e9 sempre uma concentra\u00e7\u00e3o de oportunidades,\u00a0n\u00e3o uma aglomera\u00e7\u00e3o de casas. Sua vida \u00e9 a quantidade\u00a0de oportunidades de trabalho, educa\u00e7\u00e3o, transporte, lazer. A vida \u00e9 a cidade, ou melhor, o direito \u00e0 cidade.\u201d Por Maure Pessanha Agosto, 2021 &#8211; Essa an\u00e1lise do arquiteto chileno Alejandro Aravena nos permite uma reflex\u00e3o muito oportuna neste Dia [&hellip;]<\/p>\n","protected":false},"author":1,"featured_media":17192,"comment_status":"open","ping_status":"open","sticky":false,"template":"","format":"standard","meta":{"_uag_custom_page_level_css":"","footnotes":""},"categories":[27],"tags":[21149,19085,21820,21822,18617,17343,13266,21821],"class_list":["post-17191","post","type-post","status-publish","format-standard","has-post-thumbnail","hentry","category-acontece","tag-6-milhoes-de-brasileiros-sem-casa","tag-artemisia","tag-brasileiros-sem-agu-e-esgoto","tag-casa-vida-e-prazer","tag-covid-19","tag-dia-nacional-da-habitacao","tag-favelas-e-comunidades","tag-pessoas-e-familias-casa-e-habitacao"],"blocksy_meta":[],"spectra_blocks_featured_image_url":{"thumbnail":{"url":"https:\/\/construcaocivil.siriusmarketingedesign.com.br\/wp-content\/uploads\/2021\/08\/FotoHabitacao2-150x150.jpg","width":150,"height":150},"medium":{"url":"https:\/\/construcaocivil.siriusmarketingedesign.com.br\/wp-content\/uploads\/2021\/08\/FotoHabitacao2-300x175.jpg","width":300,"height":175},"medium_large":{"url":"https:\/\/construcaocivil.siriusmarketingedesign.com.br\/wp-content\/uploads\/2021\/08\/FotoHabitacao2-768x449.jpg","width":768,"height":449},"large":{"url":"https:\/\/construcaocivil.siriusmarketingedesign.com.br\/wp-content\/uploads\/2021\/08\/FotoHabitacao2-1024x599.jpg","width":1024,"height":599},"full":{"url":"https:\/\/construcaocivil.siriusmarketingedesign.com.br\/wp-content\/uploads\/2021\/08\/FotoHabitacao2-scaled.jpg","width":2560,"height":1497}},"spectra_blocks_author_info":{"display_name":"Jornal da Constru\u00e7\u00e3o Civil","avatar_url":"https:\/\/secure.gravatar.com\/avatar\/973c9774fd44ddaceb026973c4962faa70fc512bc4c9da68e8ebb40fecee6540?s=96&d=mm&r=g","author_link":"https:\/\/construcaocivil.siriusmarketingedesign.com.br\/?author=1","description":"Desde de 2013, levando muitas informa\u00e7\u00f5es, lan\u00e7amentos e produtos de qualidade para toda cadeia produtiva da constru\u00e7\u00e3o. O Futuro da constru\u00e7\u00e3o passa por aqui,"},"uagb_featured_image_src":{"full":["https:\/\/construcaocivil.siriusmarketingedesign.com.br\/wp-content\/uploads\/2021\/08\/FotoHabitacao2-scaled.jpg",2560,1497,false],"thumbnail":["https:\/\/construcaocivil.siriusmarketingedesign.com.br\/wp-content\/uploads\/2021\/08\/FotoHabitacao2-150x150.jpg",150,150,true],"medium":["https:\/\/construcaocivil.siriusmarketingedesign.com.br\/wp-content\/uploads\/2021\/08\/FotoHabitacao2-300x175.jpg",300,175,true],"medium_large":["https:\/\/construcaocivil.siriusmarketingedesign.com.br\/wp-content\/uploads\/2021\/08\/FotoHabitacao2-768x449.jpg",768,449,true],"large":["https:\/\/construcaocivil.siriusmarketingedesign.com.br\/wp-content\/uploads\/2021\/08\/FotoHabitacao2-1024x599.jpg",1024,599,true],"1536x1536":["https:\/\/construcaocivil.siriusmarketingedesign.com.br\/wp-content\/uploads\/2021\/08\/FotoHabitacao2-1536x898.jpg",1536,898,true],"2048x2048":["https:\/\/construcaocivil.siriusmarketingedesign.com.br\/wp-content\/uploads\/2021\/08\/FotoHabitacao2-2048x1198.jpg",2048,1198,true]},"uagb_author_info":{"display_name":"Jornal da Constru\u00e7\u00e3o Civil","author_link":"https:\/\/construcaocivil.siriusmarketingedesign.com.br\/?author=1"},"uagb_comment_info":0,"uagb_excerpt":"\u201cUma cidade \u00e9 sempre uma concentra\u00e7\u00e3o de oportunidades,\u00a0n\u00e3o uma aglomera\u00e7\u00e3o de casas. Sua vida \u00e9 a quantidade\u00a0de oportunidades de trabalho, educa\u00e7\u00e3o, transporte, lazer. A vida \u00e9 a cidade, ou melhor, o direito \u00e0 cidade.\u201d Por Maure Pessanha Agosto, 2021 &#8211; Essa an\u00e1lise do arquiteto chileno Alejandro Aravena nos permite uma reflex\u00e3o muito oportuna neste Dia&hellip;","_links":{"self":[{"href":"https:\/\/construcaocivil.siriusmarketingedesign.com.br\/index.php?rest_route=\/wp\/v2\/posts\/17191","targetHints":{"allow":["GET"]}}],"collection":[{"href":"https:\/\/construcaocivil.siriusmarketingedesign.com.br\/index.php?rest_route=\/wp\/v2\/posts"}],"about":[{"href":"https:\/\/construcaocivil.siriusmarketingedesign.com.br\/index.php?rest_route=\/wp\/v2\/types\/post"}],"author":[{"embeddable":true,"href":"https:\/\/construcaocivil.siriusmarketingedesign.com.br\/index.php?rest_route=\/wp\/v2\/users\/1"}],"replies":[{"embeddable":true,"href":"https:\/\/construcaocivil.siriusmarketingedesign.com.br\/index.php?rest_route=%2Fwp%2Fv2%2Fcomments&post=17191"}],"version-history":[{"count":0,"href":"https:\/\/construcaocivil.siriusmarketingedesign.com.br\/index.php?rest_route=\/wp\/v2\/posts\/17191\/revisions"}],"wp:featuredmedia":[{"embeddable":true,"href":"https:\/\/construcaocivil.siriusmarketingedesign.com.br\/index.php?rest_route=\/wp\/v2\/media\/17192"}],"wp:attachment":[{"href":"https:\/\/construcaocivil.siriusmarketingedesign.com.br\/index.php?rest_route=%2Fwp%2Fv2%2Fmedia&parent=17191"}],"wp:term":[{"taxonomy":"category","embeddable":true,"href":"https:\/\/construcaocivil.siriusmarketingedesign.com.br\/index.php?rest_route=%2Fwp%2Fv2%2Fcategories&post=17191"},{"taxonomy":"post_tag","embeddable":true,"href":"https:\/\/construcaocivil.siriusmarketingedesign.com.br\/index.php?rest_route=%2Fwp%2Fv2%2Ftags&post=17191"}],"curies":[{"name":"wp","href":"https:\/\/api.w.org\/{rel}","templated":true}]}}