{"id":17222,"date":"2021-08-24T14:01:45","date_gmt":"2021-08-24T17:01:45","guid":{"rendered":"https:\/\/www.jornaldaconstrucaocivil.com.br\/?p=17222"},"modified":"2021-08-24T14:01:45","modified_gmt":"2021-08-24T17:01:45","slug":"curso-capacita-engenheiros-e-arquitetos-para-carreira-em-pericias-judiciais","status":"publish","type":"post","link":"https:\/\/construcaocivil.siriusmarketingedesign.com.br\/?p=17222","title":{"rendered":"Curso capacita engenheiros e arquitetos para carreira em per\u00edcias judiciais"},"content":{"rendered":"<p style=\"text-align: justify;\"><span style=\"color: #ff0000;\">Agosto <strong>de 2021<\/strong><\/span>\u00a0&#8211; Per\u00edcia Judicial \u00e9 o trabalho desenvolvido pelo Perito Judicial, que \u00e9 o profissional nomeado pelo Juiz de Direito com conhecimento t\u00e9cnico a fim de auxili\u00e1-lo na resolu\u00e7\u00e3o de casos levados \u00e0 justi\u00e7a. Neste contexto, o<strong>\u00a0Instituto Brasileiro de Per\u00edcias e Avalia\u00e7\u00f5es de S\u00e3o Paulo<\/strong>\u00a0<strong>(Ibape\/SP)\u00a0<\/strong>convida engenheiros e arquitetos que desejam aproveitar as oportunidades da \u00e1rea com o curso on-line \u201c<strong>Roteiro para iniciar Per\u00edcia Judicial\u201d<\/strong>.<\/p>\n<p style=\"text-align: justify;\">Com realiza\u00e7\u00e3o nos dias 30 e 31 de agosto por meio da plataforma\u00a0<strong>Ibape\/SP Conecta<\/strong>, o curso oferecer\u00e1 uma abordagem t\u00e9cnica e objetiva sobre\u00a0 a \u00e1rea de per\u00edcias e avalia\u00e7\u00f5es. O programa foi montado de forma a apresentar o passo a passo da carreira, desde a inscri\u00e7\u00e3o no site do Tribunal de Justi\u00e7a do Estado de S\u00e3o Paulo. Tamb\u00e9m indicar\u00e1 as etapas do processo judicial: nomea\u00e7\u00e3o do perito judicial, prazos, protocolo de peti\u00e7\u00f5es, estimativa de honor\u00e1rios, agendamento de vistoria, apresenta\u00e7\u00e3o de laudo, manifesta\u00e7\u00e3o e levantamento dos honor\u00e1rios.<\/p>\n<p style=\"text-align: justify;\">A capacita\u00e7\u00e3o ser\u00e1 conduzida pela engenheira civil<strong>\u00a0Andrea Cristina Kl\u00fcppel Munhoz Soares<\/strong>, formada pela FAAP \u2013 Funda\u00e7\u00e3o Alvares Armando Penteado e perita Judicial desde 1996, atual vice-presidente do Ibape\/SP \u2013 Instituto Brasileiro de Per\u00edcias e Avalia\u00e7\u00f5es de S\u00e3o Paulo.<\/p>\n<p style=\"text-align: justify;\">Para conferir a grade completa do curso \u201cRoteiro para iniciar Per\u00edcia Judicial\u201d e de outros programas t\u00e9cnicos dispon\u00edveis na plataforma Ibape\/SP Conecta, basta acessar: https:\/\/www.ibapespconecta.com.br\/loja\/<\/p>\n<p style=\"text-align: justify;\"><strong>Servi\u00e7o<\/strong><\/p>\n<p style=\"text-align: justify;\"><strong>Curso:<\/strong>\u00a0Roteiro para iniciar Per\u00edcia Judicial<\/p>\n<p style=\"text-align: justify;\"><strong>Formato:<\/strong>\u00a0on-line<\/p>\n<p style=\"text-align: justify;\"><strong>Data:<\/strong>\u00a030 e 31 de agosto<\/p>\n<p style=\"text-align: justify;\"><strong>Inscri\u00e7\u00f5es:<\/strong>\u00a0<span style=\"text-decoration: underline;\"><span style=\"color: #0000ff; text-decoration: underline;\">https:\/\/www.ibapespconecta.com.br\/loja\/<\/span><\/span><\/p>\n","protected":false},"excerpt":{"rendered":"<p>Agosto de 2021\u00a0&#8211; Per\u00edcia Judicial \u00e9 o trabalho desenvolvido pelo Perito Judicial, que \u00e9 o profissional nomeado pelo Juiz de Direito com conhecimento t\u00e9cnico a fim de auxili\u00e1-lo na resolu\u00e7\u00e3o de casos levados \u00e0 justi\u00e7a. Neste contexto, o\u00a0Instituto Brasileiro de Per\u00edcias e Avalia\u00e7\u00f5es de S\u00e3o Paulo\u00a0(Ibape\/SP)\u00a0convida engenheiros e arquitetos que desejam aproveitar as oportunidades da [&hellip;]<\/p>\n","protected":false},"author":1,"featured_media":17223,"comment_status":"open","ping_status":"open","sticky":false,"template":"","format":"standard","meta":{"_uag_custom_page_level_css":"","footnotes":""},"categories":[27],"tags":[21854,12642,21855,21853],"class_list":["post-17222","post","type-post","status-publish","format-standard","has-post-thumbnail","hentry","category-acontece","tag-curso-capacita-engenheiros-e-arquitetos","tag-ibape-sp","tag-pericia-judicial","tag-roteiro-para-iniciar-pericia-judicial"],"blocksy_meta":[],"spectra_blocks_featured_image_url":{"thumbnail":{"url":"https:\/\/construcaocivil.siriusmarketingedesign.com.br\/wp-content\/uploads\/2021\/08\/Roteiro-para-iniciar-pericia-judicial-150x150.jpg","width":150,"height":150},"medium":{"url":"https:\/\/construcaocivil.siriusmarketingedesign.com.br\/wp-content\/uploads\/2021\/08\/Roteiro-para-iniciar-pericia-judicial-300x300.jpg","width":300,"height":300},"medium_large":{"url":"https:\/\/construcaocivil.siriusmarketingedesign.com.br\/wp-content\/uploads\/2021\/08\/Roteiro-para-iniciar-pericia-judicial.jpg","width":500,"height":500},"large":{"url":"https:\/\/construcaocivil.siriusmarketingedesign.com.br\/wp-content\/uploads\/2021\/08\/Roteiro-para-iniciar-pericia-judicial.jpg","width":500,"height":500},"full":{"url":"https:\/\/construcaocivil.siriusmarketingedesign.com.br\/wp-content\/uploads\/2021\/08\/Roteiro-para-iniciar-pericia-judicial.jpg","width":500,"height":500}},"spectra_blocks_author_info":{"display_name":"Jornal da Constru\u00e7\u00e3o Civil","avatar_url":"https:\/\/secure.gravatar.com\/avatar\/973c9774fd44ddaceb026973c4962faa70fc512bc4c9da68e8ebb40fecee6540?s=96&d=mm&r=g","author_link":"https:\/\/construcaocivil.siriusmarketingedesign.com.br\/?author=1","description":"Desde de 2013, levando muitas informa\u00e7\u00f5es, lan\u00e7amentos e produtos de qualidade para toda cadeia produtiva da constru\u00e7\u00e3o. O Futuro da constru\u00e7\u00e3o passa por aqui,"},"uagb_featured_image_src":{"full":["https:\/\/construcaocivil.siriusmarketingedesign.com.br\/wp-content\/uploads\/2021\/08\/Roteiro-para-iniciar-pericia-judicial.jpg",500,500,false],"thumbnail":["https:\/\/construcaocivil.siriusmarketingedesign.com.br\/wp-content\/uploads\/2021\/08\/Roteiro-para-iniciar-pericia-judicial-150x150.jpg",150,150,true],"medium":["https:\/\/construcaocivil.siriusmarketingedesign.com.br\/wp-content\/uploads\/2021\/08\/Roteiro-para-iniciar-pericia-judicial-300x300.jpg",300,300,true],"medium_large":["https:\/\/construcaocivil.siriusmarketingedesign.com.br\/wp-content\/uploads\/2021\/08\/Roteiro-para-iniciar-pericia-judicial.jpg",500,500,false],"large":["https:\/\/construcaocivil.siriusmarketingedesign.com.br\/wp-content\/uploads\/2021\/08\/Roteiro-para-iniciar-pericia-judicial.jpg",500,500,false],"1536x1536":["https:\/\/construcaocivil.siriusmarketingedesign.com.br\/wp-content\/uploads\/2021\/08\/Roteiro-para-iniciar-pericia-judicial.jpg",500,500,false],"2048x2048":["https:\/\/construcaocivil.siriusmarketingedesign.com.br\/wp-content\/uploads\/2021\/08\/Roteiro-para-iniciar-pericia-judicial.jpg",500,500,false]},"uagb_author_info":{"display_name":"Jornal da Constru\u00e7\u00e3o Civil","author_link":"https:\/\/construcaocivil.siriusmarketingedesign.com.br\/?author=1"},"uagb_comment_info":0,"uagb_excerpt":"Agosto de 2021\u00a0&#8211; Per\u00edcia Judicial \u00e9 o trabalho desenvolvido pelo Perito Judicial, que \u00e9 o profissional nomeado pelo Juiz de Direito com conhecimento t\u00e9cnico a fim de auxili\u00e1-lo na resolu\u00e7\u00e3o de casos levados \u00e0 justi\u00e7a. Neste contexto, o\u00a0Instituto Brasileiro de Per\u00edcias e Avalia\u00e7\u00f5es de S\u00e3o Paulo\u00a0(Ibape\/SP)\u00a0convida engenheiros e arquitetos que desejam aproveitar as oportunidades da&hellip;","_links":{"self":[{"href":"https:\/\/construcaocivil.siriusmarketingedesign.com.br\/index.php?rest_route=\/wp\/v2\/posts\/17222","targetHints":{"allow":["GET"]}}],"collection":[{"href":"https:\/\/construcaocivil.siriusmarketingedesign.com.br\/index.php?rest_route=\/wp\/v2\/posts"}],"about":[{"href":"https:\/\/construcaocivil.siriusmarketingedesign.com.br\/index.php?rest_route=\/wp\/v2\/types\/post"}],"author":[{"embeddable":true,"href":"https:\/\/construcaocivil.siriusmarketingedesign.com.br\/index.php?rest_route=\/wp\/v2\/users\/1"}],"replies":[{"embeddable":true,"href":"https:\/\/construcaocivil.siriusmarketingedesign.com.br\/index.php?rest_route=%2Fwp%2Fv2%2Fcomments&post=17222"}],"version-history":[{"count":0,"href":"https:\/\/construcaocivil.siriusmarketingedesign.com.br\/index.php?rest_route=\/wp\/v2\/posts\/17222\/revisions"}],"wp:featuredmedia":[{"embeddable":true,"href":"https:\/\/construcaocivil.siriusmarketingedesign.com.br\/index.php?rest_route=\/wp\/v2\/media\/17223"}],"wp:attachment":[{"href":"https:\/\/construcaocivil.siriusmarketingedesign.com.br\/index.php?rest_route=%2Fwp%2Fv2%2Fmedia&parent=17222"}],"wp:term":[{"taxonomy":"category","embeddable":true,"href":"https:\/\/construcaocivil.siriusmarketingedesign.com.br\/index.php?rest_route=%2Fwp%2Fv2%2Fcategories&post=17222"},{"taxonomy":"post_tag","embeddable":true,"href":"https:\/\/construcaocivil.siriusmarketingedesign.com.br\/index.php?rest_route=%2Fwp%2Fv2%2Ftags&post=17222"}],"curies":[{"name":"wp","href":"https:\/\/api.w.org\/{rel}","templated":true}]}}