{"id":17293,"date":"2021-08-31T01:02:46","date_gmt":"2021-08-31T04:02:46","guid":{"rendered":"https:\/\/www.jornaldaconstrucaocivil.com.br\/?p=17293"},"modified":"2021-08-31T01:02:46","modified_gmt":"2021-08-31T04:02:46","slug":"taxa-selic-trajetoria-de-alta-e-remedio-amargo-e-pessima-noticia-para-o-acesso-ao-credito","status":"publish","type":"post","link":"https:\/\/construcaocivil.siriusmarketingedesign.com.br\/?p=17293","title":{"rendered":"Taxa Selic: trajet\u00f3ria de alta \u00e9 rem\u00e9dio amargo e p\u00e9ssima not\u00edcia para o acesso ao cr\u00e9dito"},"content":{"rendered":"<p style=\"text-align: justify;\"><span style=\"color: #ff0000;\">Agosto<\/span>, 2021 &#8211; No \u00faltimo dia 4 de agosto, o Comit\u00ea de Pol\u00edtica Monet\u00e1ria (Copom) do Banco Central elevou a taxa b\u00e1sica de juros da economia, a Selic, de 4,25% para 5,25% ao ano. Foi a quarta eleva\u00e7\u00e3o consecutiva &#8211; que abriu o ano em 2% &#8211; em 2021; a primeira foi realizada em mar\u00e7o, quando o Copom decidiu aumentar a Selic pela primeira vez em quase seis anos. Agora, com a alta de 0,89% do \u00cdndice Nacional de Pre\u00e7os ao Consumidor Amplo 15 (IPCA-15), a expectativa \u00e9 que o Banco Central eleve a taxa em 1,25 % em setembro. Neste cen\u00e1rio, alguns apostam que a Selic poder\u00e1 atingir 8% at\u00e9 o fim deste ano de aperto monet\u00e1rio.<\/p>\n<p>O advogado e economista Alessandro Azzoni, tamb\u00e9m conselheiro deliberativo da Associa\u00e7\u00e3o Comercial de S\u00e3o Paulo, comenta a tend\u00eancia de eleva\u00e7\u00e3o da taxa pelo governo.<\/p>\n<p><span style=\"color: #0000ff;\"><strong>O aumento da taxa Selic \u00e9 negativo neste momento?<\/strong><\/span><\/p>\n<figure id=\"attachment_17295\" aria-describedby=\"caption-attachment-17295\" style=\"width: 200px\" class=\"wp-caption alignleft\"><img loading=\"lazy\" decoding=\"async\" class=\"size-medium wp-image-17295\" src=\"https:\/\/www.jornaldaconstrucaocivil.com.br\/wp-content\/uploads\/2021\/08\/ADV-200x300.jpg\" alt=\"\" width=\"200\" height=\"300\" srcset=\"https:\/\/construcaocivil.siriusmarketingedesign.com.br\/wp-content\/uploads\/2021\/08\/ADV-200x300.jpg 200w, https:\/\/construcaocivil.siriusmarketingedesign.com.br\/wp-content\/uploads\/2021\/08\/ADV-683x1024.jpg 683w, https:\/\/construcaocivil.siriusmarketingedesign.com.br\/wp-content\/uploads\/2021\/08\/ADV-768x1151.jpg 768w, https:\/\/construcaocivil.siriusmarketingedesign.com.br\/wp-content\/uploads\/2021\/08\/ADV.jpg 802w\" sizes=\"auto, (max-width: 200px) 100vw, 200px\" \/><figcaption id=\"caption-attachment-17295\" class=\"wp-caption-text\">Alessandro Azzoni<\/figcaption><\/figure>\n<p style=\"text-align: justify;\">Alessandro Azzoni: Sim, considero esta eleva\u00e7\u00e3o algo muito negativo em um momento como este, em que o acesso ao cr\u00e9dito continua t\u00e3o necess\u00e1rio. Al\u00e9m disso, devemos lembrar que, no ano passado, v\u00e1rias micro e pequenas empresas foram socorridas pelo Pronamp. Com o aumento da Selic, aumenta tamb\u00e9m o saldo devedor dessas empresas que ainda n\u00e3o conseguiram se recuperar e &#8211; em meio a uma lenta retomada &#8211; sofrer\u00e3o um impacto direto. A taxa Selic tamb\u00e9m \u00e9 refer\u00eancia de taxa de mercado e par\u00e2metro para as taxas de financiamento dos bancos e isso traz evidentes consequ\u00eancias para os empr\u00e9stimos futuros e j\u00e1 concedidos.<\/p>\n<p>O governo est\u00e1 usando a pol\u00edtica monet\u00e1ria para conter o processo inflacion\u00e1rio no Brasil, mas s\u00f3 cabe aumentar a taxa de juros para conter a infla\u00e7\u00e3o relacionada \u00e0 demanda &#8211; e a infla\u00e7\u00e3o que temos hoje \u00e9 mais de custo, puxada pelos pre\u00e7os. N\u00e3o vejo muito consumo, neste momento: vejo supermercados e carrinhos cada vez mais vazios.<\/p>\n<p><span style=\"color: #0000ff;\"><strong>E o que esse aumento significa para a economia?<\/strong><\/span><\/p>\n<p>H\u00e1 um impacto tamb\u00e9m negativo para a economia. A eleva\u00e7\u00e3o da taxa de juros, como eu disse, deixa o cr\u00e9dito cada vez mais caro, e pode trazer um aumento nos juros a serem repassados para as empresas e consumidores &#8211; no cart\u00e3o de cr\u00e9dito e na compra a prazo, por exemplo -, deixando o dinheiro cada vez mais caro e restringindo cada vez mais o poder de compra do consumidor. Isso pode desacelerar a economia ainda mais. Para quem tiver dinheiro para comprar \u00e0 vista, tudo bem &#8211; mas o impacto ser\u00e1 grande para quem comprar a cr\u00e9dito, e tudo isso pode aumentar a inadimpl\u00eancia.<\/p>\n<p><strong><span style=\"color: #0000ff;\">Como o aumento da taxa Selic afeta os investimentos?<\/span><\/strong><\/p>\n<p>Neste aspecto, a eleva\u00e7\u00e3o pode acarretar um cen\u00e1rio mais positivo. Para investimentos de curto prazo &#8211; como a poupan\u00e7a, que remunera 70% da taxa Selic, mas mesmo assim fica abaixo da infla\u00e7\u00e3o &#8211; ainda n\u00e3o \u00e9 interessante, mas a eleva\u00e7\u00e3o estimula as tomadas de capital de bancos que trabalham com CDBs, pagando 150%, 200% da taxa Selic, o que pode ser muito interessante. No caso de um banco que capta 200%, estamos falando de 10,5% ao ano &#8211; uma taxa muito boa para um investimento sem risco. Isso pode ser atrativo.<\/p>\n","protected":false},"excerpt":{"rendered":"<p>Agosto, 2021 &#8211; No \u00faltimo dia 4 de agosto, o Comit\u00ea de Pol\u00edtica Monet\u00e1ria (Copom) do Banco Central elevou a taxa b\u00e1sica de juros da economia, a Selic, de 4,25% para 5,25% ao ano. Foi a quarta eleva\u00e7\u00e3o consecutiva &#8211; que abriu o ano em 2% &#8211; em 2021; a primeira foi realizada em mar\u00e7o, [&hellip;]<\/p>\n","protected":false},"author":1,"featured_media":17294,"comment_status":"open","ping_status":"open","sticky":false,"template":"","format":"standard","meta":{"_uag_custom_page_level_css":"","footnotes":""},"categories":[33],"tags":[21912,21915,21914,3217,21913,21911],"class_list":["post-17293","post","type-post","status-publish","format-standard","has-post-thumbnail","hentry","category-mercado","tag-banco-central-x-inflacao","tag-cdbs","tag-consumidor-sem-credito","tag-crise-politica","tag-inflacao-dispara-no-brasil","tag-taxa-selic"],"blocksy_meta":[],"spectra_blocks_featured_image_url":{"thumbnail":{"url":"https:\/\/construcaocivil.siriusmarketingedesign.com.br\/wp-content\/uploads\/2021\/08\/BANCO-CENTRAL-150x150.jpg","width":150,"height":150},"medium":{"url":"https:\/\/construcaocivil.siriusmarketingedesign.com.br\/wp-content\/uploads\/2021\/08\/BANCO-CENTRAL-300x157.jpg","width":300,"height":157},"medium_large":{"url":"https:\/\/construcaocivil.siriusmarketingedesign.com.br\/wp-content\/uploads\/2021\/08\/BANCO-CENTRAL-768x401.jpg","width":768,"height":401},"large":{"url":"https:\/\/construcaocivil.siriusmarketingedesign.com.br\/wp-content\/uploads\/2021\/08\/BANCO-CENTRAL.jpg","width":915,"height":478},"full":{"url":"https:\/\/construcaocivil.siriusmarketingedesign.com.br\/wp-content\/uploads\/2021\/08\/BANCO-CENTRAL.jpg","width":915,"height":478}},"spectra_blocks_author_info":{"display_name":"Jornal da Constru\u00e7\u00e3o Civil","avatar_url":"https:\/\/secure.gravatar.com\/avatar\/973c9774fd44ddaceb026973c4962faa70fc512bc4c9da68e8ebb40fecee6540?s=96&d=mm&r=g","author_link":"https:\/\/construcaocivil.siriusmarketingedesign.com.br\/?author=1","description":"Desde de 2013, levando muitas informa\u00e7\u00f5es, lan\u00e7amentos e produtos de qualidade para toda cadeia produtiva da constru\u00e7\u00e3o. O Futuro da constru\u00e7\u00e3o passa por aqui,"},"uagb_featured_image_src":{"full":["https:\/\/construcaocivil.siriusmarketingedesign.com.br\/wp-content\/uploads\/2021\/08\/BANCO-CENTRAL.jpg",915,478,false],"thumbnail":["https:\/\/construcaocivil.siriusmarketingedesign.com.br\/wp-content\/uploads\/2021\/08\/BANCO-CENTRAL-150x150.jpg",150,150,true],"medium":["https:\/\/construcaocivil.siriusmarketingedesign.com.br\/wp-content\/uploads\/2021\/08\/BANCO-CENTRAL-300x157.jpg",300,157,true],"medium_large":["https:\/\/construcaocivil.siriusmarketingedesign.com.br\/wp-content\/uploads\/2021\/08\/BANCO-CENTRAL-768x401.jpg",768,401,true],"large":["https:\/\/construcaocivil.siriusmarketingedesign.com.br\/wp-content\/uploads\/2021\/08\/BANCO-CENTRAL.jpg",915,478,false],"1536x1536":["https:\/\/construcaocivil.siriusmarketingedesign.com.br\/wp-content\/uploads\/2021\/08\/BANCO-CENTRAL.jpg",915,478,false],"2048x2048":["https:\/\/construcaocivil.siriusmarketingedesign.com.br\/wp-content\/uploads\/2021\/08\/BANCO-CENTRAL.jpg",915,478,false]},"uagb_author_info":{"display_name":"Jornal da Constru\u00e7\u00e3o Civil","author_link":"https:\/\/construcaocivil.siriusmarketingedesign.com.br\/?author=1"},"uagb_comment_info":0,"uagb_excerpt":"Agosto, 2021 &#8211; No \u00faltimo dia 4 de agosto, o Comit\u00ea de Pol\u00edtica Monet\u00e1ria (Copom) do Banco Central elevou a taxa b\u00e1sica de juros da economia, a Selic, de 4,25% para 5,25% ao ano. Foi a quarta eleva\u00e7\u00e3o consecutiva &#8211; que abriu o ano em 2% &#8211; em 2021; a primeira foi realizada em mar\u00e7o,&hellip;","_links":{"self":[{"href":"https:\/\/construcaocivil.siriusmarketingedesign.com.br\/index.php?rest_route=\/wp\/v2\/posts\/17293","targetHints":{"allow":["GET"]}}],"collection":[{"href":"https:\/\/construcaocivil.siriusmarketingedesign.com.br\/index.php?rest_route=\/wp\/v2\/posts"}],"about":[{"href":"https:\/\/construcaocivil.siriusmarketingedesign.com.br\/index.php?rest_route=\/wp\/v2\/types\/post"}],"author":[{"embeddable":true,"href":"https:\/\/construcaocivil.siriusmarketingedesign.com.br\/index.php?rest_route=\/wp\/v2\/users\/1"}],"replies":[{"embeddable":true,"href":"https:\/\/construcaocivil.siriusmarketingedesign.com.br\/index.php?rest_route=%2Fwp%2Fv2%2Fcomments&post=17293"}],"version-history":[{"count":0,"href":"https:\/\/construcaocivil.siriusmarketingedesign.com.br\/index.php?rest_route=\/wp\/v2\/posts\/17293\/revisions"}],"wp:featuredmedia":[{"embeddable":true,"href":"https:\/\/construcaocivil.siriusmarketingedesign.com.br\/index.php?rest_route=\/wp\/v2\/media\/17294"}],"wp:attachment":[{"href":"https:\/\/construcaocivil.siriusmarketingedesign.com.br\/index.php?rest_route=%2Fwp%2Fv2%2Fmedia&parent=17293"}],"wp:term":[{"taxonomy":"category","embeddable":true,"href":"https:\/\/construcaocivil.siriusmarketingedesign.com.br\/index.php?rest_route=%2Fwp%2Fv2%2Fcategories&post=17293"},{"taxonomy":"post_tag","embeddable":true,"href":"https:\/\/construcaocivil.siriusmarketingedesign.com.br\/index.php?rest_route=%2Fwp%2Fv2%2Ftags&post=17293"}],"curies":[{"name":"wp","href":"https:\/\/api.w.org\/{rel}","templated":true}]}}