{"id":17315,"date":"2021-09-01T20:37:39","date_gmt":"2021-09-01T23:37:39","guid":{"rendered":"https:\/\/www.jornaldaconstrucaocivil.com.br\/?p=17315"},"modified":"2021-09-01T22:46:34","modified_gmt":"2021-09-02T01:46:34","slug":"enfretamento-ao-racismo-especialista-em-cachos-atende-gratuitamente-criancas-de-comunidades-vitimas-de-bullying-por-causa-do-cabelo","status":"publish","type":"post","link":"https:\/\/construcaocivil.siriusmarketingedesign.com.br\/?p=17315","title":{"rendered":"Enfretamento ao Racismo: Especialista em cachos atende gratuitamente crian\u00e7as de comunidades v\u00edtimas de bullying por causa do cabelo"},"content":{"rendered":"<p style=\"text-align: justify;\"><span style=\"color: #993300;\">Setembro,<\/span>\u00a02021 &#8211; Quem v\u00ea filas enormes desde as 4h da manh\u00e3 na porta da casa de Hemerson da Silva, no RJ, n\u00e3o tem ideia do sucesso que esse rapaz faz no universo dos cabelos cacheados e crespos. Em Nil\u00f3polis, munic\u00edpio da Baixada Fluminense onde mora, Hermerson vem fazendo a cabe\u00e7a da mulherada. Apaixonado por cabelos crespos, cacheados e por elevar a autoestima de muita gente, o rapaz faz mensalmente um atendimento gratuito para crian\u00e7as v\u00edtimas de bullying por conta de suas madeixas.<\/p>\n<p style=\"text-align: justify;\">&#8220;Mudar de cor com facilidade anima essas crian\u00e7as que de alguma forma sofreram preconceito devido aos seus cabelos. Hoje, ela t\u00e1 azul, amanh\u00e3 rosa&#8230; Al\u00e9m de se sentirem umas princesas, elas passam a se relacionar melhor no aprendizado na escola e\u00a0acaba sendo um incentivo para ela tratar o cabelo, pois eu explico que se n\u00e3o tratar n\u00e3o vai ter como pintar. Geralmente vou at\u00e9 no morro selecionar as crian\u00e7as&#8221;, explica o profissional sobre o trabalho volunt\u00e1rio que vem desenvolvendo.<\/p>\n<p style=\"text-align: justify;\">O especialista come\u00e7ou a carreira de forma bem simples. &#8220;Comecei a minha hist\u00f3ria dos cachos indo de casa em casa, nos morros, nas comunidades e nos bairros nobres para onde me chamavam. N\u00e3o foi f\u00e1cil, mas fui atendendo desse jeito por um bom tempo. Estou atendendo no quintal da minha av\u00f3 at\u00e9 hoje, mas sonho oferecer um espa\u00e7o mais confort\u00e1vel para as minhas clientes&#8221;, diz o rapaz, que sonha atender uma famosa em especial. <strong><em><span style=\"color: #0000ff;\">&#8220;Meu sonho \u00e9 um dia atender a Ta\u00eds Ara\u00fajo. Tenho f\u00e9 em Deus que isso ir\u00e1 acontecer&#8221;,<\/span><\/em><\/strong> afirma.<\/p>\n","protected":false},"excerpt":{"rendered":"<p>Setembro,\u00a02021 &#8211; Quem v\u00ea filas enormes desde as 4h da manh\u00e3 na porta da casa de Hemerson da Silva, no RJ, n\u00e3o tem ideia do sucesso que esse rapaz faz no universo dos cabelos cacheados e crespos. Em Nil\u00f3polis, munic\u00edpio da Baixada Fluminense onde mora, Hermerson vem fazendo a cabe\u00e7a da mulherada. Apaixonado por cabelos [&hellip;]<\/p>\n","protected":false},"author":1,"featured_media":17316,"comment_status":"open","ping_status":"open","sticky":false,"template":"","format":"standard","meta":{"_uag_custom_page_level_css":"","footnotes":""},"categories":[27],"tags":[21937,21938,3183,21935,21939,21936,10375],"class_list":["post-17315","post","type-post","status-publish","format-standard","has-post-thumbnail","hentry","category-acontece","tag-auto-estima-cabelos-com-cachos","tag-bullying-das-criancas","tag-criancas","tag-enfretamento-ao-racismo","tag-nilopolis-rj","tag-racismo-nas-escolas","tag-rio-de-janeiro"],"blocksy_meta":[],"spectra_blocks_featured_image_url":{"thumbnail":{"url":"https:\/\/construcaocivil.siriusmarketingedesign.com.br\/wp-content\/uploads\/2021\/09\/CABELOS-150x150.jpg","width":150,"height":150},"medium":{"url":"https:\/\/construcaocivil.siriusmarketingedesign.com.br\/wp-content\/uploads\/2021\/09\/CABELOS-300x225.jpg","width":300,"height":225},"medium_large":{"url":"https:\/\/construcaocivil.siriusmarketingedesign.com.br\/wp-content\/uploads\/2021\/09\/CABELOS-768x576.jpg","width":768,"height":576},"large":{"url":"https:\/\/construcaocivil.siriusmarketingedesign.com.br\/wp-content\/uploads\/2021\/09\/CABELOS.jpg","width":1024,"height":768},"full":{"url":"https:\/\/construcaocivil.siriusmarketingedesign.com.br\/wp-content\/uploads\/2021\/09\/CABELOS.jpg","width":1024,"height":768}},"spectra_blocks_author_info":{"display_name":"Jornal da Constru\u00e7\u00e3o Civil","avatar_url":"https:\/\/secure.gravatar.com\/avatar\/973c9774fd44ddaceb026973c4962faa70fc512bc4c9da68e8ebb40fecee6540?s=96&d=mm&r=g","author_link":"https:\/\/construcaocivil.siriusmarketingedesign.com.br\/?author=1","description":"Desde de 2013, levando muitas informa\u00e7\u00f5es, lan\u00e7amentos e produtos de qualidade para toda cadeia produtiva da constru\u00e7\u00e3o. O Futuro da constru\u00e7\u00e3o passa por aqui,"},"uagb_featured_image_src":{"full":["https:\/\/construcaocivil.siriusmarketingedesign.com.br\/wp-content\/uploads\/2021\/09\/CABELOS.jpg",1024,768,false],"thumbnail":["https:\/\/construcaocivil.siriusmarketingedesign.com.br\/wp-content\/uploads\/2021\/09\/CABELOS-150x150.jpg",150,150,true],"medium":["https:\/\/construcaocivil.siriusmarketingedesign.com.br\/wp-content\/uploads\/2021\/09\/CABELOS-300x225.jpg",300,225,true],"medium_large":["https:\/\/construcaocivil.siriusmarketingedesign.com.br\/wp-content\/uploads\/2021\/09\/CABELOS-768x576.jpg",768,576,true],"large":["https:\/\/construcaocivil.siriusmarketingedesign.com.br\/wp-content\/uploads\/2021\/09\/CABELOS.jpg",1024,768,false],"1536x1536":["https:\/\/construcaocivil.siriusmarketingedesign.com.br\/wp-content\/uploads\/2021\/09\/CABELOS.jpg",1024,768,false],"2048x2048":["https:\/\/construcaocivil.siriusmarketingedesign.com.br\/wp-content\/uploads\/2021\/09\/CABELOS.jpg",1024,768,false]},"uagb_author_info":{"display_name":"Jornal da Constru\u00e7\u00e3o Civil","author_link":"https:\/\/construcaocivil.siriusmarketingedesign.com.br\/?author=1"},"uagb_comment_info":0,"uagb_excerpt":"Setembro,\u00a02021 &#8211; Quem v\u00ea filas enormes desde as 4h da manh\u00e3 na porta da casa de Hemerson da Silva, no RJ, n\u00e3o tem ideia do sucesso que esse rapaz faz no universo dos cabelos cacheados e crespos. Em Nil\u00f3polis, munic\u00edpio da Baixada Fluminense onde mora, Hermerson vem fazendo a cabe\u00e7a da mulherada. Apaixonado por cabelos&hellip;","_links":{"self":[{"href":"https:\/\/construcaocivil.siriusmarketingedesign.com.br\/index.php?rest_route=\/wp\/v2\/posts\/17315","targetHints":{"allow":["GET"]}}],"collection":[{"href":"https:\/\/construcaocivil.siriusmarketingedesign.com.br\/index.php?rest_route=\/wp\/v2\/posts"}],"about":[{"href":"https:\/\/construcaocivil.siriusmarketingedesign.com.br\/index.php?rest_route=\/wp\/v2\/types\/post"}],"author":[{"embeddable":true,"href":"https:\/\/construcaocivil.siriusmarketingedesign.com.br\/index.php?rest_route=\/wp\/v2\/users\/1"}],"replies":[{"embeddable":true,"href":"https:\/\/construcaocivil.siriusmarketingedesign.com.br\/index.php?rest_route=%2Fwp%2Fv2%2Fcomments&post=17315"}],"version-history":[{"count":0,"href":"https:\/\/construcaocivil.siriusmarketingedesign.com.br\/index.php?rest_route=\/wp\/v2\/posts\/17315\/revisions"}],"wp:featuredmedia":[{"embeddable":true,"href":"https:\/\/construcaocivil.siriusmarketingedesign.com.br\/index.php?rest_route=\/wp\/v2\/media\/17316"}],"wp:attachment":[{"href":"https:\/\/construcaocivil.siriusmarketingedesign.com.br\/index.php?rest_route=%2Fwp%2Fv2%2Fmedia&parent=17315"}],"wp:term":[{"taxonomy":"category","embeddable":true,"href":"https:\/\/construcaocivil.siriusmarketingedesign.com.br\/index.php?rest_route=%2Fwp%2Fv2%2Fcategories&post=17315"},{"taxonomy":"post_tag","embeddable":true,"href":"https:\/\/construcaocivil.siriusmarketingedesign.com.br\/index.php?rest_route=%2Fwp%2Fv2%2Ftags&post=17315"}],"curies":[{"name":"wp","href":"https:\/\/api.w.org\/{rel}","templated":true}]}}