{"id":17327,"date":"2021-09-02T21:03:15","date_gmt":"2021-09-03T00:03:15","guid":{"rendered":"https:\/\/www.jornaldaconstrucaocivil.com.br\/?p=17327"},"modified":"2021-09-02T21:28:20","modified_gmt":"2021-09-03T00:28:20","slug":"botijao-de-cozinha-por-r-5000-moradores-de-comunidade-em-campo-grande-no-rio-compram-gas-a-preco-justo-em-acao-da-fup-e-sindipetros","status":"publish","type":"post","link":"https:\/\/construcaocivil.siriusmarketingedesign.com.br\/?p=17327","title":{"rendered":"Botij\u00e3o de Cozinha por R$ 50,00:  Moradores de comunidade em Campo Grande, no Rio, compram g\u00e1s a pre\u00e7o justo em a\u00e7\u00e3o da FUP e Sindipetros"},"content":{"rendered":"<p class=\"v1ql-align-justify\" style=\"text-align: justify;\"><strong>Rio de Janeiro, 2 de setembro de 2021\u00a0<\/strong>\u2013 Em nova a\u00e7\u00e3o da campanha &#8220;Combust\u00edveis a Pre\u00e7o Justo&#8221;, a Federa\u00e7\u00e3o \u00danica dos Petroleiros (FUP) e os Sindicatos dos Petroleiros do Norte Fluminense (Sindipetro-NF) e de Duque de Caxias (Sindipetro-Caxias) colocaram \u00e0 venda 350 botij\u00f5es de g\u00e1s de cozinha de 13 quilos a R$ 50 para moradores da comunidade da Carobinha, em Campo Grande, na Zona Oeste do Rio de Janeiro. Tamb\u00e9m foram distribu\u00eddos 350 quilos de feij\u00e3o (<em>ver depoimentos e fotos abaixo<\/em>). O valor do botij\u00e3o do g\u00e1s comercializado a pre\u00e7o justo \u00e9 metade dos cerca de R$ 100 que v\u00eam sendo cobrados pelo produto em revendas da regi\u00e3o.<\/p>\n<p class=\"v1ql-align-justify\" style=\"text-align: justify;\">A oferta foi feita respeitando as regras dos organismos de sa\u00fade para evitar o cont\u00e1gio por Covid-19, com o uso de m\u00e1scaras, a disponibiliza\u00e7\u00e3o de \u00e1lcool em gel e medidas de distanciamento.<\/p>\n<figure id=\"attachment_17331\" aria-describedby=\"caption-attachment-17331\" style=\"width: 142px\" class=\"wp-caption alignleft\"><img loading=\"lazy\" decoding=\"async\" class=\"size-medium wp-image-17331\" src=\"https:\/\/www.jornaldaconstrucaocivil.com.br\/wp-content\/uploads\/2021\/09\/GAs-II-142x300.jpeg\" alt=\"\" width=\"142\" height=\"300\" srcset=\"https:\/\/construcaocivil.siriusmarketingedesign.com.br\/wp-content\/uploads\/2021\/09\/GAs-II-142x300.jpeg 142w, https:\/\/construcaocivil.siriusmarketingedesign.com.br\/wp-content\/uploads\/2021\/09\/GAs-II-485x1024.jpeg 485w, https:\/\/construcaocivil.siriusmarketingedesign.com.br\/wp-content\/uploads\/2021\/09\/GAs-II-728x1536.jpeg 728w, https:\/\/construcaocivil.siriusmarketingedesign.com.br\/wp-content\/uploads\/2021\/09\/GAs-II.jpeg 758w\" sizes=\"auto, (max-width: 142px) 100vw, 142px\" \/><figcaption id=\"caption-attachment-17331\" class=\"wp-caption-text\">Moradores de Campo Grande-RJ na fila para comprar g\u00e1s por R$ 50,00. Divulga\u00e7\u00e3o\/FUP<\/figcaption><\/figure>\n<p class=\"v1ql-align-justify\" style=\"text-align: justify;\">Al\u00e9m do benef\u00edcio financeiro, a campanha &#8220;Combust\u00edveis a Pre\u00e7o Justo&#8221; visa dialogar com a popula\u00e7\u00e3o sobre os preju\u00edzos da pol\u00edtica de reajustes dos combust\u00edveis baseada no Pre\u00e7o de Paridade de Importa\u00e7\u00e3o (PPI), adotada pela Petrobr\u00e1s desde outubro de 2016, que considera o pre\u00e7o do petr\u00f3leo no mercado internacional e a cota\u00e7\u00e3o do d\u00f3lar. Essa pol\u00edtica impacta n\u00e3o apenas o valor dos derivados de petr\u00f3leo, como g\u00e1s de cozinha, \u00f3leo diesel e gasolina,mas tamb\u00e9m os pre\u00e7os dos alimentos, transportes e demais itens,num efeito cascata com forte impacto sobre a infla\u00e7\u00e3o.<\/p>\n<p class=\"v1ql-align-justify\" style=\"text-align: justify;\">A venda de g\u00e1s a pre\u00e7o justo \u00e9 um al\u00edvio para o bolso dos consumidores, sobretudo para os mais pobres, que v\u00eam sentindo bastante os efeitos da pol\u00edtica de reajustes dos combust\u00edveis da Petrobr\u00e1s. Segundo dados da pr\u00f3pria empresa, o g\u00e1s de cozinha j\u00e1 acumula um aumento de 38,1% em 2021 nas refinarias \u2013 ou seja, quase oito vezes mais que a infla\u00e7\u00e3o oficial do pa\u00eds, de 4,76% at\u00e9 julho, medida pelo \u00cdndice de Pre\u00e7os ao Consumidor Amplo (IPCA), do Instituto Brasileiro de Geografia e Estat\u00edstica (IBGE).<\/p>\n<p class=\"v1ql-align-justify\" style=\"text-align: justify;\">&#8220;Tem gente usando lenha e at\u00e9 \u00e1lcool para cozinhar. Esses reajustes que a gest\u00e3o da Petrobr\u00e1s vem aplicando n\u00e3o apenas no g\u00e1s de cozinha, mas tamb\u00e9m no \u00f3leo diesel e na gasolina podem ser evitados. Basta a empresa parar de usar somente a cota\u00e7\u00e3o do petr\u00f3leo e do d\u00f3lar e considerar tamb\u00e9m os custos nacionais de produ\u00e7\u00e3o. Afinal, 90% dos derivados de petr\u00f3leo que a gente consome s\u00e3o produzidos no Brasil, em refinarias da Petrobr\u00e1s. E a empresa utiliza majoritariamente petr\u00f3leo nacional, que ela mesma produz aqui.&#8221;, explica o coordenador geral da FUP, Deyvid Bacelar.<\/p>\n<p class=\"v1ql-align-justify\" style=\"text-align: justify;\">O tema da a\u00e7\u00e3o &#8220;<strong>G\u00e1s e feij\u00e3o, fuzil n\u00e3o!&#8221;<\/strong>\u00a0\u00e9 uma alus\u00e3o ao presidente Jair Bolsonaro que recentemente chamou de &#8220;idiotas&#8221; quem dizia ser melhor comprar feij\u00e3o a fuzil. Isso num pa\u00eds em que quase 20 milh\u00f5es de pessoas est\u00e3o passando fome, h\u00e1 mais de 14 milh\u00f5es de desempregados e os pre\u00e7os dos produtos essenciais \u00e0 sobreviv\u00eancia n\u00e3o param de subir.<\/p>\n<figure id=\"attachment_17333\" aria-describedby=\"caption-attachment-17333\" style=\"width: 142px\" class=\"wp-caption alignright\"><img loading=\"lazy\" decoding=\"async\" class=\"size-medium wp-image-17333\" src=\"https:\/\/www.jornaldaconstrucaocivil.com.br\/wp-content\/uploads\/2021\/09\/GAS-7-142x300.jpeg\" alt=\"\" width=\"142\" height=\"300\" srcset=\"https:\/\/construcaocivil.siriusmarketingedesign.com.br\/wp-content\/uploads\/2021\/09\/GAS-7-142x300.jpeg 142w, https:\/\/construcaocivil.siriusmarketingedesign.com.br\/wp-content\/uploads\/2021\/09\/GAS-7-484x1024.jpeg 484w, https:\/\/construcaocivil.siriusmarketingedesign.com.br\/wp-content\/uploads\/2021\/09\/GAS-7-727x1536.jpeg 727w, https:\/\/construcaocivil.siriusmarketingedesign.com.br\/wp-content\/uploads\/2021\/09\/GAS-7.jpeg 757w\" sizes=\"auto, (max-width: 142px) 100vw, 142px\" \/><figcaption id=\"caption-attachment-17333\" class=\"wp-caption-text\">Jos\u00e9 Maria Rangel \u2013 diretor do Sindipetro &#8211; NF. Divulga\u00e7\u00e3o &#8211; FUP<\/figcaption><\/figure>\n<p class=\"v1ql-align-justify\" style=\"text-align: justify;\">O diretor do Sindipetro-NF, Jos\u00e9 Maria Rangel, \u00a0destacou\u00a0a import\u00e2ncia da a\u00e7\u00e3o para &#8220;mostrar como a\u00a0pol\u00edtica de pre\u00e7os da Petrobr\u00e1s \u00e9 equivocada; \u00a0favorece os ricos e prejudica os pobres. Queremos demonstrar ainda como \u00a0s\u00e3o necess\u00e1rias a\u00e7\u00f5es solid\u00e1rias, principalmente no\u00a0momento\u00a0em que vivemos de pandemia&#8221;.<\/p>\n<p class=\"v1ql-align-justify\" style=\"text-align: justify;\">O diretor da FUP, Tadeu Porto, tamb\u00e9m presente ao ato, disse que a iniciativa \u00a0permite um di\u00e1logo pr\u00f3ximo com a popula\u00e7\u00e3o\u00a0sobre &#8220;a culpabilidade do governo federal na explora\u00e7\u00e3o do povo atrav\u00e9s dos combust\u00edveis. A pol\u00edtica de pre\u00e7os da Petrobr\u00e1s, implementada pelo governo Bolsonaro,\u00a0\u00e9\u00a0cruel e injusta, penaliza\u00a0sobretudo os mais pobres&#8221;.<\/p>\n<p class=\"v1ql-align-justify\" style=\"text-align: justify;\"><strong>DEPOIMENTOS<\/strong><\/p>\n<p class=\"v1ql-align-justify\" style=\"text-align: justify;\">&#8220;Moramos na casa da minha m\u00e3e: meu pai, minha m\u00e3e, eu, dois irm\u00e3os e minha sobrinha de 3 anos. Eu tenho dois filhos. S\u00f3 minha m\u00e3e est\u00e1 trabalhando, estamos todos desempregados. As coisas est\u00e3o muito dif\u00edceis, cada m\u00eas que passa os pre\u00e7os \u00a0s\u00f3 aumentam, est\u00e1 cada vez mais dif\u00edcil. Estamos passando um &#8216;perrengue brabo&#8217;, a gente j\u00e1 n\u00e3o est\u00e1 aguentando mais. Nada muda. S\u00f3 piora, s\u00f3 piora&#8230;&#8221;<\/p>\n<figure id=\"attachment_17332\" aria-describedby=\"caption-attachment-17332\" style=\"width: 172px\" class=\"wp-caption alignleft\"><img loading=\"lazy\" decoding=\"async\" class=\"size-medium wp-image-17332\" src=\"https:\/\/www.jornaldaconstrucaocivil.com.br\/wp-content\/uploads\/2021\/09\/GAS-YYY-3-172x300.jpeg\" alt=\"\" width=\"172\" height=\"300\" srcset=\"https:\/\/construcaocivil.siriusmarketingedesign.com.br\/wp-content\/uploads\/2021\/09\/GAS-YYY-3-172x300.jpeg 172w, https:\/\/construcaocivil.siriusmarketingedesign.com.br\/wp-content\/uploads\/2021\/09\/GAS-YYY-3-587x1024.jpeg 587w, https:\/\/construcaocivil.siriusmarketingedesign.com.br\/wp-content\/uploads\/2021\/09\/GAS-YYY-3.jpeg 734w\" sizes=\"auto, (max-width: 172px) 100vw, 172px\" \/><figcaption id=\"caption-attachment-17332\" class=\"wp-caption-text\">Gilson Ruan Silva. Divulga\u00e7\u00e3o FUP<\/figcaption><\/figure>\n<p class=\"v1ql-align-justify\" style=\"text-align: justify;\"><strong>Gilson Ruan Silva, 22 anos, desempregado<\/strong><\/p>\n<p class=\"v1ql-align-justify\" style=\"text-align: justify;\"><strong>\u00a0<\/strong>&#8220;Tenho 6 filhos, todos menores. Moramos eu e eles. Estou desempregada, fa\u00e7o &#8216;bico&#8217;, s\u00f3 eu que sustento a casa. \u00c0s vezes aparece uma unha [pra fazer], \u00e0s vezes alugo uma mesa e uma cadeira, \u00e0s vezes me chamam&#8217;para limpar uma casa, \u00e0s vezes &#8216;cato&#8217; pet&#8230; Vou me virando. Crian\u00e7a pequena dentro de casa, gasta muito g\u00e1s. Quando est\u00e1 estudando, come na escola, gasta menos. Mas agora nem isso, n\u00e9? Algumas est\u00e3o indo na escola, uma semana sim, uma semana n\u00e3o. Mas agora eles v\u00e3o para a escola e nem a merenda est\u00e3o dando direito, chega em casa tudo com fome.&#8221;<\/p>\n<p class=\"v1ql-align-justify\" style=\"text-align: justify;\"><strong>C\u00edntia Vilas, 36 anos, desempregada<\/strong><\/p>\n<p class=\"v1ql-align-justify\" style=\"text-align: justify;\"><strong>\u00a0<\/strong>&#8220;Tenho uma filha especial, eu vivo de um &#8216;LOAS&#8217; que n\u00e3o d\u00e1 pra nada. O pai dela n\u00e3o d\u00e1 nada. Eu tamb\u00e9m cato latinha, garrafa pra ter uma ajuda, t\u00f4 sem g\u00e1s desde ontem. Ontem mesmo dormi sem janta. T\u00f4 com esses 50 reais guardados h\u00e1 uma semana. Gra\u00e7as a Deus, isso daqui [g\u00e1s] caiu do c\u00e9u. Moro eu e dois filhos em casa. Uma tem s\u00edndrome [down] e outro \u00e9 hiperativo. Eu n\u00e3o posso trabalhar por causa da minha filha. Eu sou o pai e a m\u00e3e dos meus filhos, \u00e9 bem dif\u00edcil.&#8221;<\/p>\n<figure id=\"attachment_17334\" aria-describedby=\"caption-attachment-17334\" style=\"width: 192px\" class=\"wp-caption alignright\"><img loading=\"lazy\" decoding=\"async\" class=\"size-medium wp-image-17334\" src=\"https:\/\/www.jornaldaconstrucaocivil.com.br\/wp-content\/uploads\/2021\/09\/GAS-4-192x300.jpeg\" alt=\"\" width=\"192\" height=\"300\" srcset=\"https:\/\/construcaocivil.siriusmarketingedesign.com.br\/wp-content\/uploads\/2021\/09\/GAS-4-192x300.jpeg 192w, https:\/\/construcaocivil.siriusmarketingedesign.com.br\/wp-content\/uploads\/2021\/09\/GAS-4-655x1024.jpeg 655w, https:\/\/construcaocivil.siriusmarketingedesign.com.br\/wp-content\/uploads\/2021\/09\/GAS-4-768x1200.jpeg 768w, https:\/\/construcaocivil.siriusmarketingedesign.com.br\/wp-content\/uploads\/2021\/09\/GAS-4.jpeg 819w\" sizes=\"auto, (max-width: 192px) 100vw, 192px\" \/><figcaption id=\"caption-attachment-17334\" class=\"wp-caption-text\">C\u00edntia Vilas. Divulga\u00e7\u00e3o &#8211; FUP<\/figcaption><\/figure>\n<p>&nbsp;<\/p>\n<p class=\"v1ql-align-justify\" style=\"text-align: justify;\"><strong>Rosimeri (n\u00e3o quis dar o sobrenome), 55 anos<\/strong><\/p>\n<p class=\"v1ql-align-justify\"><span style=\"color: #993300;\"><strong>SOBRE AS A\u00c7\u00d5ES DA CAMPANHA &#8220;COMBUST\u00cdVEL A PRE\u00c7O JUSTO&#8221;<\/strong><\/span><\/p>\n<p class=\"v1ql-align-justify\" style=\"text-align: justify;\">O objetivo principal da campanha \u00e9 conscientizar a popula\u00e7\u00e3o sobre como a pol\u00edtica de pre\u00e7os adotada pela Petrobr\u00e1s desde outubro de 2016, baseada no Pre\u00e7o de Paridade de Importa\u00e7\u00e3o (PPI), afeta diretamente a vida de todos. A consequ\u00eancia do aumento dos combust\u00edveis pode ser sentida em outros setores, como o de alimentos. E impacta diretamente toda a cadeia produtiva, pressionando a infla\u00e7\u00e3o.<\/p>\n<p class=\"v1ql-align-justify\" style=\"text-align: justify;\">Os pre\u00e7os justos de gasolina, diesel e g\u00e1s de cozinha ofertados nas a\u00e7\u00f5es foram definidos a partir de estudos elaborados por t\u00e9cnicos e economistas, levando em considera\u00e7\u00e3o os pre\u00e7os e custos da Petrobr\u00e1s e a garantia de lucratividade de empresas produtoras, distribuidoras e revendedores. O que prova que o consumidor n\u00e3o precisa e n\u00e3o deve pagar essa conta.<\/p>\n<figure id=\"attachment_17335\" aria-describedby=\"caption-attachment-17335\" style=\"width: 176px\" class=\"wp-caption alignleft\"><img loading=\"lazy\" decoding=\"async\" class=\"size-medium wp-image-17335\" src=\"https:\/\/www.jornaldaconstrucaocivil.com.br\/wp-content\/uploads\/2021\/09\/GAS-6-176x300.jpeg\" alt=\"\" width=\"176\" height=\"300\" srcset=\"https:\/\/construcaocivil.siriusmarketingedesign.com.br\/wp-content\/uploads\/2021\/09\/GAS-6-176x300.jpeg 176w, https:\/\/construcaocivil.siriusmarketingedesign.com.br\/wp-content\/uploads\/2021\/09\/GAS-6-599x1024.jpeg 599w, https:\/\/construcaocivil.siriusmarketingedesign.com.br\/wp-content\/uploads\/2021\/09\/GAS-6.jpeg 749w\" sizes=\"auto, (max-width: 176px) 100vw, 176px\" \/><figcaption id=\"caption-attachment-17335\" class=\"wp-caption-text\">Rosimeri. Divulga\u00e7\u00e3o<\/figcaption><\/figure>\n<p class=\"v1ql-align-justify\" style=\"text-align: justify;\">A FUP e seus sindicatos alertam que, enquanto o PPI estiver no centro da pol\u00edtica de reajustes da Petrobr\u00e1s para os derivados do petr\u00f3leo, os pre\u00e7os dos combust\u00edveis v\u00e3o subir com frequ\u00eancia para o consumidor final.<\/p>\n<p class=\"v1ql-align-justify\" style=\"text-align: justify;\">A forma de c\u00e1lculo adotada no governo Temer, em outubro de 2016, faz com que os pre\u00e7os do mercado interno acompanhem as cota\u00e7\u00f5es do petr\u00f3leo no mercado internacional, as oscila\u00e7\u00f5es do d\u00f3lar e as importa\u00e7\u00f5es de derivados. Este cen\u00e1rio deve piorar se a privatiza\u00e7\u00e3o das refinarias da Petrobr\u00e1s se concretizar, fazendo disparar os pre\u00e7os j\u00e1 elevados dos derivados de petr\u00f3leo.<\/p>\n<p class=\"v1ql-align-justify\" style=\"text-align: justify;\">A campanha &#8220;Combust\u00edvel a Pre\u00e7o Justo&#8221; foi iniciada em fevereiro de 2020 em diversas cidades do pa\u00eds, durante a hist\u00f3rica greve dos petroleiros, que durou 20 dias \u2013 a maior desde 1995. Em 2021, A FUP e seus sindicatos j\u00e1 promoveram a\u00e7\u00f5es da campanha em 1\u00ba de fevereiro, em apoio \u00e0 greve dos caminhoneiros, em mar\u00e7o, em parceria com a Central \u00danica dos Trabalhadores (CUT) e o Movimento dos Atingidos por Barragens (MAB), e tamb\u00e9m em abril e maio.<\/p>\n<p>Fonte: FUP<\/p>\n","protected":false},"excerpt":{"rendered":"<p>Rio de Janeiro, 2 de setembro de 2021\u00a0\u2013 Em nova a\u00e7\u00e3o da campanha &#8220;Combust\u00edveis a Pre\u00e7o Justo&#8221;, a Federa\u00e7\u00e3o \u00danica dos Petroleiros (FUP) e os Sindicatos dos Petroleiros do Norte Fluminense (Sindipetro-NF) e de Duque de Caxias (Sindipetro-Caxias) colocaram \u00e0 venda 350 botij\u00f5es de g\u00e1s de cozinha de 13 quilos a R$ 50 para moradores [&hellip;]<\/p>\n","protected":false},"author":1,"featured_media":17328,"comment_status":"open","ping_status":"open","sticky":false,"template":"","format":"standard","meta":{"_uag_custom_page_level_css":"","footnotes":""},"categories":[27],"tags":[21951,21952,21953,20538,21950,21956,21954,21955,19840],"class_list":["post-17327","post","type-post","status-publish","format-standard","has-post-thumbnail","hentry","category-acontece","tag-campo-grande-rj","tag-comunidades-da-zona-oeste","tag-contra-venda-das-refinarias","tag-fup","tag-gas-de-cozinha-por-r-50","tag-gas-feijao","tag-gasolina-preco-justo","tag-petrobras-provaca-queda-do-pib-2021","tag-sindipetro-nf"],"blocksy_meta":[],"spectra_blocks_featured_image_url":{"thumbnail":{"url":"https:\/\/construcaocivil.siriusmarketingedesign.com.br\/wp-content\/uploads\/2021\/09\/GAS-I-150x150.jpeg","width":150,"height":150},"medium":{"url":"https:\/\/construcaocivil.siriusmarketingedesign.com.br\/wp-content\/uploads\/2021\/09\/GAS-I-300x142.jpeg","width":300,"height":142},"medium_large":{"url":"https:\/\/construcaocivil.siriusmarketingedesign.com.br\/wp-content\/uploads\/2021\/09\/GAS-I-768x364.jpeg","width":768,"height":364},"large":{"url":"https:\/\/construcaocivil.siriusmarketingedesign.com.br\/wp-content\/uploads\/2021\/09\/GAS-I-1024x485.jpeg","width":1024,"height":485},"full":{"url":"https:\/\/construcaocivil.siriusmarketingedesign.com.br\/wp-content\/uploads\/2021\/09\/GAS-I.jpeg","width":1599,"height":758}},"spectra_blocks_author_info":{"display_name":"Jornal da Constru\u00e7\u00e3o Civil","avatar_url":"https:\/\/secure.gravatar.com\/avatar\/973c9774fd44ddaceb026973c4962faa70fc512bc4c9da68e8ebb40fecee6540?s=96&d=mm&r=g","author_link":"https:\/\/construcaocivil.siriusmarketingedesign.com.br\/?author=1","description":"Desde de 2013, levando muitas informa\u00e7\u00f5es, lan\u00e7amentos e produtos de qualidade para toda cadeia produtiva da constru\u00e7\u00e3o. O Futuro da constru\u00e7\u00e3o passa por aqui,"},"uagb_featured_image_src":{"full":["https:\/\/construcaocivil.siriusmarketingedesign.com.br\/wp-content\/uploads\/2021\/09\/GAS-I.jpeg",1599,758,false],"thumbnail":["https:\/\/construcaocivil.siriusmarketingedesign.com.br\/wp-content\/uploads\/2021\/09\/GAS-I-150x150.jpeg",150,150,true],"medium":["https:\/\/construcaocivil.siriusmarketingedesign.com.br\/wp-content\/uploads\/2021\/09\/GAS-I-300x142.jpeg",300,142,true],"medium_large":["https:\/\/construcaocivil.siriusmarketingedesign.com.br\/wp-content\/uploads\/2021\/09\/GAS-I-768x364.jpeg",768,364,true],"large":["https:\/\/construcaocivil.siriusmarketingedesign.com.br\/wp-content\/uploads\/2021\/09\/GAS-I-1024x485.jpeg",1024,485,true],"1536x1536":["https:\/\/construcaocivil.siriusmarketingedesign.com.br\/wp-content\/uploads\/2021\/09\/GAS-I-1536x728.jpeg",1536,728,true],"2048x2048":["https:\/\/construcaocivil.siriusmarketingedesign.com.br\/wp-content\/uploads\/2021\/09\/GAS-I.jpeg",1599,758,false]},"uagb_author_info":{"display_name":"Jornal da Constru\u00e7\u00e3o Civil","author_link":"https:\/\/construcaocivil.siriusmarketingedesign.com.br\/?author=1"},"uagb_comment_info":0,"uagb_excerpt":"Rio de Janeiro, 2 de setembro de 2021\u00a0\u2013 Em nova a\u00e7\u00e3o da campanha &#8220;Combust\u00edveis a Pre\u00e7o Justo&#8221;, a Federa\u00e7\u00e3o \u00danica dos Petroleiros (FUP) e os Sindicatos dos Petroleiros do Norte Fluminense (Sindipetro-NF) e de Duque de Caxias (Sindipetro-Caxias) colocaram \u00e0 venda 350 botij\u00f5es de g\u00e1s de cozinha de 13 quilos a R$ 50 para moradores&hellip;","_links":{"self":[{"href":"https:\/\/construcaocivil.siriusmarketingedesign.com.br\/index.php?rest_route=\/wp\/v2\/posts\/17327","targetHints":{"allow":["GET"]}}],"collection":[{"href":"https:\/\/construcaocivil.siriusmarketingedesign.com.br\/index.php?rest_route=\/wp\/v2\/posts"}],"about":[{"href":"https:\/\/construcaocivil.siriusmarketingedesign.com.br\/index.php?rest_route=\/wp\/v2\/types\/post"}],"author":[{"embeddable":true,"href":"https:\/\/construcaocivil.siriusmarketingedesign.com.br\/index.php?rest_route=\/wp\/v2\/users\/1"}],"replies":[{"embeddable":true,"href":"https:\/\/construcaocivil.siriusmarketingedesign.com.br\/index.php?rest_route=%2Fwp%2Fv2%2Fcomments&post=17327"}],"version-history":[{"count":0,"href":"https:\/\/construcaocivil.siriusmarketingedesign.com.br\/index.php?rest_route=\/wp\/v2\/posts\/17327\/revisions"}],"wp:featuredmedia":[{"embeddable":true,"href":"https:\/\/construcaocivil.siriusmarketingedesign.com.br\/index.php?rest_route=\/wp\/v2\/media\/17328"}],"wp:attachment":[{"href":"https:\/\/construcaocivil.siriusmarketingedesign.com.br\/index.php?rest_route=%2Fwp%2Fv2%2Fmedia&parent=17327"}],"wp:term":[{"taxonomy":"category","embeddable":true,"href":"https:\/\/construcaocivil.siriusmarketingedesign.com.br\/index.php?rest_route=%2Fwp%2Fv2%2Fcategories&post=17327"},{"taxonomy":"post_tag","embeddable":true,"href":"https:\/\/construcaocivil.siriusmarketingedesign.com.br\/index.php?rest_route=%2Fwp%2Fv2%2Ftags&post=17327"}],"curies":[{"name":"wp","href":"https:\/\/api.w.org\/{rel}","templated":true}]}}