{"id":1742,"date":"2016-05-13T22:35:42","date_gmt":"2016-05-13T22:35:42","guid":{"rendered":"http:\/\/www.jornaldaconstrucaocivil.com.br\/?p=1742"},"modified":"2016-05-13T22:35:42","modified_gmt":"2016-05-13T22:35:42","slug":"cpfl-energia-e-hertz-firmam-parceria-para-aluguel-de-veiculo-eletrico-na-regiao-de-campinas","status":"publish","type":"post","link":"https:\/\/construcaocivil.siriusmarketingedesign.com.br\/?p=1742","title":{"rendered":"CPFL Energia e Hertz firmam parceria para aluguel de ve\u00edculo el\u00e9trico na regi\u00e3o de Campinas"},"content":{"rendered":"<p><strong><span style=\"color: #000000;\"><i>Acordo in\u00e9dito no Brasil ir\u00e1\u00a0disponibilizar\u00a0um Renault Zoe para loca\u00e7\u00e3o na loja da Hertz do Aeroporto de Viracopos<\/i><\/span><\/strong><\/p>\n<p><span style=\"color: #000000;\">A CPFL Energia, maior grupo privado do setor el\u00e9trico brasileiro, e a Hertz, maior empresa de loca\u00e7\u00f5es de ve\u00edculos do mundo, firmaram parceria in\u00e9dita no Brasil para a introdu\u00e7\u00e3o de um autom\u00f3vel el\u00e9trico na loja do Aeroporto de Viracopos, em Campinas. O acordo faz parte das a\u00e7\u00f5es do Programa de Mobilidade El\u00e9trica da CPFL Energia \u2013 Emotive.<\/span><\/p>\n<figure id=\"attachment_1744\" aria-describedby=\"caption-attachment-1744\" style=\"width: 300px\" class=\"wp-caption alignleft\"><a href=\"http:\/\/www.jornaldaconstrucaocivil.com.br\/wp-content\/uploads\/2016\/05\/imagem-Renault-OK.jpg\"><img loading=\"lazy\" decoding=\"async\" class=\"wp-image-1744 size-medium\" src=\"http:\/\/www.jornaldaconstrucaocivil.com.br\/wp-content\/uploads\/2016\/05\/imagem-Renault-OK-300x66.jpg\" alt=\"imagem Renault OK\" width=\"300\" height=\"66\" \/><\/a><figcaption id=\"caption-attachment-1744\" class=\"wp-caption-text\"><span style=\"color: #ff0000;\">Renault Zoe<\/span><\/figcaption><\/figure>\n<p><span style=\"color: #000000;\">A partir do come\u00e7o do segundo semestre de 2016, os clientes da Hertz poder\u00e3o alugar um Renault Zoe, que comp\u00f5e a frota pr\u00f3pria de ve\u00edculos el\u00e9tricos da CPFL Energia. O carro tem autonomia de 150 quil\u00f4metros e poder\u00e1 ser reabastecido gratuitamente em qualquer um dos 25 eletropostos p\u00fablicos que o Grupo pretende instalar at\u00e9 o final deste ano. A unidade da Hertz em Viracopos tamb\u00e9m possui um ponto de carregamento instalado.<\/span><\/p>\n<p><span style=\"color: #000000;\">\u201cUm dos objetivos da parceria com a Hertz \u00e9 estudar o perfil de uso dos ve\u00edculos el\u00e9tricos pelos motoristas que os utilizam para fins particulares, al\u00e9m de ampliar as pesquisas sobre o impacto da tecnologia na rede de distribui\u00e7\u00e3o local\u201d, diz o diretor de Estrat\u00e9gia e Inova\u00e7\u00e3o da CPFL Energia, Rafael Lazzaretti.<\/span><\/p>\n<p><span style=\"color: #000000;\">\u201cSempre buscamos oferecer op\u00e7\u00f5es e servi\u00e7os diferenciados aos nossos clientes\u201d, explica a diretora de marketing da Hertz, Ana Paula Kuba Ide. \u201cEsta parceria \u00e9 uma maneira inovadora de proporcionar uma nova solu\u00e7\u00e3o em transporte, e ainda vai ao encontro de nossa responsabilidade ambiental\u201d, completa.<\/span><\/p>\n<p><span style=\"color: #000000;\">Ao devolver o Zoe, os clientes da Hertz poder\u00e3o preencher um question\u00e1rio relatando a sua experi\u00eancia com o carro el\u00e9trico, tornando-se parte importante do projeto de P&amp;D. Al\u00e9m disso, o ve\u00edculo contar\u00e1 com um sistema de telemetria para coleta de informa\u00e7\u00f5es do funcionamento do carro que ser\u00e3o usadas no projeto.<\/span><\/p>\n<p><span style=\"color: #000000;\">Outro objetivo do acordo com a Hertz \u00e9 aproximar o motorista tradicional da tecnologia dos ve\u00edculos el\u00e9tricos, que vem ganhando cada vez mais espa\u00e7o nos EUA e na Europa pelo seu baixo custo operacional e baixo impacto ao meio ambiente. Segundo a Associa\u00e7\u00e3o Nacional dos Fabricantes de Ve\u00edculos Automotores (Anfavea), o Brasil tem hoje 1,8 mil unidades em circula\u00e7\u00e3o, entre el\u00e9tricos e h\u00edbridos.<\/span><\/p>\n<p><span style=\"color: #000000;\">Atualmente, o Programa de Mobilidade El\u00e9trica da CPFL Energia &#8211; Emotive possui\u00a0 cinco eletropostos p\u00fablicos em opera\u00e7\u00e3o. Quatro deles est\u00e3o em Campinas e um em Jundia\u00ed, \u00e1reas de concess\u00e3o da CPFL Paulista e da CPFL Piratininga:<\/span><\/p>\n<ol>\n<li><span style=\"color: #000000;\">Em frente \u00e0 sede da CPFL Energia, na Rodovia Engenheiro Miguel Noel Burnier, n\u00ba 1755, no Parque S\u00e3o Quirino (Campinas).<\/span><\/li>\n<li><span style=\"color: #000000;\">\u00c1rea externa do posto de servi\u00e7os automotivos da Bosch, na Rua Fern\u00e3o Pompeu de Camargo, n\u00ba 800, bairro Jardim do Trevo (Campinas).<\/span><\/li>\n<li><span style=\"color: #000000;\">Centro de Conviv\u00eancia de Campinas, em frente ao City Bar, Rua General Os\u00f3rio, bairro Concei\u00e7\u00e3o.<\/span><\/li>\n<li><span style=\"color: #000000;\">Shopping Iguatemi Campinas, na \u00e1rea do Valet \u2013 Deck Parking P2.<\/span><\/li>\n<li><span style=\"color: #000000;\">Posto de Servi\u00e7os da Rede Graal no km 57 da Anhanguera, na altura de Jundia\u00ed.<\/span><\/li>\n<\/ol>\n<p><span style=\"color: #000000;\">Em breve, novos pontos de recarregamento estar\u00e3o dispon\u00edveis em ruas, outros shoppings centers, na Unicamp e na Rodovia dos Bandeirantes, entre outras localidades. Ao digitar a palavra \u201celetroposto\u201d em aparelhos de GPS, ser\u00e1 poss\u00edvel encontrar os locais em opera\u00e7\u00e3o na regi\u00e3o.<\/span><\/p>\n<p><span style=\"color: #000000;\">Os eletropostos em opera\u00e7\u00e3o no \u00e2mbito do Programa permitem o carregamento r\u00e1pido dos ve\u00edculos, reabastecendo 80% da bateria em meia hora. Com exce\u00e7\u00e3o do eletroposto da Graal, que \u00e9 universal e recarrega todos os tipos de autom\u00f3veis, os demais pontos s\u00e3o apenas compat\u00edveis com os carros el\u00e9tricos fabricados com plug tipo 2 (Mennekes), o que inclui as montadoras Renault, BYD e BMW.<\/span><\/p>\n<p><span style=\"color: #000000;\"><strong>P&amp;D em mobilidade el\u00e9trica<\/strong><\/span><\/p>\n<p><span style=\"color: #000000;\">A parceira com a Hertz para a loca\u00e7\u00e3o de ve\u00edculo el\u00e9trico faz parte do Programa de Mobilidade El\u00e9trica da CPFL Energia \u2013 Emotive, um projeto de Pesquisa e Desenvolvimento (P&amp;D) que estuda os impactos da utiliza\u00e7\u00e3o dos ve\u00edculos el\u00e9tricos, financiado com recursos do programa de P&amp;D da Ag\u00eancia Nacional de Energia El\u00e9trica (Aneel). A pesquisa, iniciada em 2013, receber\u00e1 R$ 21,2 milh\u00f5es em investimentos at\u00e9 2018, ano de sua conclus\u00e3o.<\/span><\/p>\n<p><span style=\"color: #000000;\">Atualmente, o projeto encontra-se na sua segunda fase. A expectativa nesta etapa \u00e9 de ampliar a frota de ve\u00edculos el\u00e9tricos para at\u00e9 16 carros e aumentar o n\u00famero de eletropostos em opera\u00e7\u00e3o para at\u00e9 25. Os pontos de recarregamento ser\u00e3o colocados em locais p\u00fablicos, como shoppings centers, postos de servi\u00e7os, na prefeitura e em outros pontos estrat\u00e9gicos.<\/span><\/p>\n<p>&nbsp;<\/p>\n<p>&nbsp;<\/p>\n<p><span style=\"color: #000000;\">Entre os temas estudados est\u00e3o o impacto na rede el\u00e9trica e no planejamento da expans\u00e3o do sistema, o uso dos ve\u00edculos el\u00e9tricos como fonte de gera\u00e7\u00e3o distribu\u00edda, os aprimoramentos regulat\u00f3rios e legais, o ciclo de vida e reaproveitamento das baterias, estudo de tarifas e cobran\u00e7a, a proposi\u00e7\u00e3o de um modelo de neg\u00f3cios para a mobilidade el\u00e9trica no Brasil, al\u00e9m de outras quest\u00f5es relacionadas.<\/span><\/p>\n<p><span style=\"color: #000000;\">Na primeira fase da pesquisa, foi poss\u00edvel concluir que os ve\u00edculos el\u00e9tricos s\u00e3o uma excelente op\u00e7\u00e3o para as pessoas que buscam economia. Os dados levantados pelo projeto mostram que o valor do quil\u00f4metro rodado de um autom\u00f3vel a combust\u00e3o \u00e9 de aproximadamente R$ 0,30, ao passo que esse custo no ve\u00edculo el\u00e9trico \u00e9 de R$ 0,10, ou seja, um ter\u00e7o do gasto com um carro convencional.\u00a0<\/span><\/p>\n<p><span style=\"color: #000000;\">Outra conclus\u00e3o da primeira fase \u00e9 de que a expans\u00e3o dos ve\u00edculos el\u00e9tricos teria impacto pequeno na demanda por energia. As proje\u00e7\u00f5es iniciais da CPFL Energia apontam que o uso desta tecnologia ampliaria o consumo de energia entre 0,6% e 1,6% no Sistema Interligado Nacional (SIN) em 2030, quando as previs\u00f5es indicam que a frota de carros el\u00e9tricos pode alcan\u00e7ar entre 4 milh\u00f5es e 10,1 milh\u00f5es de unidades.\u00a0<\/span><\/p>\n<p><span style=\"color: #000000;\">Em junho de 2015, a CPFL Energia anunciou uma parceria com a Rede Graal para a cria\u00e7\u00e3o do primeiro corredor el\u00e9trico do Pa\u00eds, entre Campinas e S\u00e3o Paulo. O acordo prev\u00ea a instala\u00e7\u00e3o de dois pontos de carregamento em postos da rede nas Rodovias Anhanguera e Bandeirantes, na altura do munic\u00edpio de Jundia\u00ed.\u00a0<\/span><\/p>\n<p><span style=\"color: #000000;\">O projeto conta, atualmente, com alguns tipos de parcerias. As principais s\u00e3o:<\/span><\/p>\n<p><span style=\"color: #000000;\">\u2022 As entidades executoras dos estudos: CPqD, Unicamp e Daimon, al\u00e9m da portuguesa CEiiA.<\/span><\/p>\n<p><span style=\"color: #000000;\">\u2022 As empresas que utilizam os ve\u00edculos: Natura, 3M, Instituto CCR, Unicamp e outras parcerias em fase de fechamento.<\/span><\/p>\n<p><span style=\"color: #000000;\">\u2022 As empresas que possuem eletropostos em seus estabelecimentos: a Rede Graal e o Shopping Iguatemi.<\/span><\/p>\n<p><span style=\"color: #000000;\"><strong>O nome do Projeto<\/strong><\/span><\/p>\n<p><span style=\"color: #000000;\">A origem do nome Emotive se deu a partir de algumas conex\u00f5es entre o concreto e o abstrato. O concreto (ou t\u00e9cnico) da marca se inspirou em automotivo: \u201cauto\u201d e \u201co\u201d substitu\u00eddo por E com objetivo de indicar Energia do come\u00e7o ao fim. A asson\u00e2ncia da letra \u201cE\u201d favorece a memoriza\u00e7\u00e3o e a pron\u00fancia. Al\u00e9m de continuar significando \u201cautomotivo\u201d, por\u00e9m, na l\u00edngua inglesa: \u201cautomotive\u201d.<\/span><\/p>\n<p><span style=\"color: #000000;\">J\u00e1 o abstrato da marca est\u00e1 ligado \u00e0s emo\u00e7\u00f5es humanas, o que conecta e motiva a cuidar do meio ambiente. EMOTIVE representa o motivo de ser sustent\u00e1vel. Existe, por fim, a sigla VE ao final da palavra, que significa Ve\u00edculo El\u00e9trico.<\/span><\/p>\n<p><span style=\"color: #000000;\"><strong>Sobre a CPFL Energia<\/strong><\/span><\/p>\n<p><span style=\"color: #000000;\">A CPFL Energia, h\u00e1 103 anos no setor el\u00e9trico, atua nos segmentos de distribui\u00e7\u00e3o, gera\u00e7\u00e3o, comercializa\u00e7\u00e3o, servi\u00e7os e telecomunica\u00e7\u00f5es. \u00c9 l\u00edder no mercado de distribui\u00e7\u00e3o, com 13% de participa\u00e7\u00e3o, totalizando mais de 7,5 milh\u00f5es de clientes nos Estados de S\u00e3o Paulo, Rio Grande do Sul, Minas Gerais e Paran\u00e1.\u00a0<\/span><\/p>\n<p><span style=\"color: #000000;\">Na comercializa\u00e7\u00e3o, \u00e9 um dos l\u00edderes no mercado livre, com uma participa\u00e7\u00e3o de mercado de 11% na venda para consumidores finais entre as comercializadoras. \u00c9 um dos l\u00edderes na comercializa\u00e7\u00e3o de energia incentivada para clientes livres.<\/span><\/p>\n<p><span style=\"color: #000000;\">Na gera\u00e7\u00e3o, \u00e9 o segundo maior agente privado do pa\u00eds, com um portf\u00f3lio baseado em fontes limpas e renov\u00e1veis. A CPFL Gera\u00e7\u00e3o conta com 2.248 MW de pot\u00eancia instalada, considerando sua participa\u00e7\u00e3o equivalente em cada um dos ativos de gera\u00e7\u00e3o. Em 2011 criou a CPFL Renov\u00e1veis, com ativos como PCHs, parques e\u00f3licos, termel\u00e9tricas a biomassa e a usina solar Tanquinho, pioneira no Estado de S\u00e3o Paulo, e uma das maiores do Brasil. Adicionando a participa\u00e7\u00e3o equivalente na CPFL Renov\u00e1veis, a capacidade instalada total do Grupo CPFL atingiu 3.127 MW no final do terceiro trimestre de 2015. O grupo tamb\u00e9m ocupa posi\u00e7\u00e3o de destaque em arte e cultura, entre os 15 maiores investidores brasileiros.<\/span><\/p>\n<p><span style=\"color: #000000;\">A CPFL Energia tem a\u00e7\u00f5es listadas no Novo Mercado da BM&amp;FBovespa e ADR N\u00edvel III na NYSE, al\u00e9m participar do \u00cdndice Dow Jones Sustainability Index Emerging Markets e do Morgan Stanley Capital International Global Sustainability Index (MSCI). Pelo 11\u00ba ano consecutivo, as a\u00e7\u00f5es da companhia integram a carteira do \u00cdndice de Sustentabilidade Empresarial (ISE) da BM&amp;FBovespa.<\/span><\/p>\n<p><strong><span style=\"color: #000000;\">Sobre a Hertz Brasil<\/span><\/strong><\/p>\n<p><span style=\"color: #000000;\">A Hertz \u00e9 l\u00edder mundial no setor de loca\u00e7\u00e3o de ve\u00edculos e est\u00e1 no Brasil desde 1995. Com 96 lojas em 66 cidades brasileiras, a empresa conta com mais de 20.000 ve\u00edculos em sua frota, divididos em 12 categorias criadas para atender \u00e0s necessidades dos mais distintos perfis de clientes. Conta com o Hertz Gold Plus Rewards, programa de fidelidade internacional, e tamb\u00e9m trabalha com terceiriza\u00e7\u00e3o de frota e loca\u00e7\u00f5es corporativas. A Hertz Brasil \u00e9 parte da Hertz Global, que tamb\u00e9m opera marcas como Dollar e Thrifty em cerca de 150 pa\u00edses.<\/span><\/p>\n","protected":false},"excerpt":{"rendered":"<p>Acordo in\u00e9dito no Brasil ir\u00e1\u00a0disponibilizar\u00a0um Renault Zoe para loca\u00e7\u00e3o na loja da Hertz do Aeroporto de Viracopos A CPFL Energia, maior grupo privado do setor el\u00e9trico brasileiro, e a Hertz, maior empresa de loca\u00e7\u00f5es de ve\u00edculos do mundo, firmaram parceria in\u00e9dita no Brasil para a introdu\u00e7\u00e3o de um autom\u00f3vel el\u00e9trico na loja do Aeroporto de [&hellip;]<\/p>\n","protected":false},"author":1,"featured_media":0,"comment_status":"open","ping_status":"open","sticky":false,"template":"","format":"standard","meta":{"_uag_custom_page_level_css":"","footnotes":""},"categories":[29],"tags":[478,1769,3127,4055,4106,4288,5766,6596,9612,12239],"class_list":["post-1742","post","type-post","status-publish","format-standard","hentry","category-energia","tag-aeroporto-de-viracopos","tag-campinas","tag-cpfl","tag-eletropostos","tag-emotive","tag-energia","tag-hertz","tag-jundiai","tag-programa-de-mobilidade-eletrica","tag-veiculos-eletricos"],"blocksy_meta":[],"spectra_blocks_featured_image_url":null,"spectra_blocks_author_info":{"display_name":"Jornal da Constru\u00e7\u00e3o Civil","avatar_url":"https:\/\/secure.gravatar.com\/avatar\/973c9774fd44ddaceb026973c4962faa70fc512bc4c9da68e8ebb40fecee6540?s=96&d=mm&r=g","author_link":"https:\/\/construcaocivil.siriusmarketingedesign.com.br\/?author=1","description":"Desde de 2013, levando muitas informa\u00e7\u00f5es, lan\u00e7amentos e produtos de qualidade para toda cadeia produtiva da constru\u00e7\u00e3o. O Futuro da constru\u00e7\u00e3o passa por aqui,"},"uagb_featured_image_src":{"full":false,"thumbnail":false,"medium":false,"medium_large":false,"large":false,"1536x1536":false,"2048x2048":false},"uagb_author_info":{"display_name":"Jornal da Constru\u00e7\u00e3o Civil","author_link":"https:\/\/construcaocivil.siriusmarketingedesign.com.br\/?author=1"},"uagb_comment_info":0,"uagb_excerpt":"Acordo in\u00e9dito no Brasil ir\u00e1\u00a0disponibilizar\u00a0um Renault Zoe para loca\u00e7\u00e3o na loja da Hertz do Aeroporto de Viracopos A CPFL Energia, maior grupo privado do setor el\u00e9trico brasileiro, e a Hertz, maior empresa de loca\u00e7\u00f5es de ve\u00edculos do mundo, firmaram parceria in\u00e9dita no Brasil para a introdu\u00e7\u00e3o de um autom\u00f3vel el\u00e9trico na loja do Aeroporto de&hellip;","_links":{"self":[{"href":"https:\/\/construcaocivil.siriusmarketingedesign.com.br\/index.php?rest_route=\/wp\/v2\/posts\/1742","targetHints":{"allow":["GET"]}}],"collection":[{"href":"https:\/\/construcaocivil.siriusmarketingedesign.com.br\/index.php?rest_route=\/wp\/v2\/posts"}],"about":[{"href":"https:\/\/construcaocivil.siriusmarketingedesign.com.br\/index.php?rest_route=\/wp\/v2\/types\/post"}],"author":[{"embeddable":true,"href":"https:\/\/construcaocivil.siriusmarketingedesign.com.br\/index.php?rest_route=\/wp\/v2\/users\/1"}],"replies":[{"embeddable":true,"href":"https:\/\/construcaocivil.siriusmarketingedesign.com.br\/index.php?rest_route=%2Fwp%2Fv2%2Fcomments&post=1742"}],"version-history":[{"count":0,"href":"https:\/\/construcaocivil.siriusmarketingedesign.com.br\/index.php?rest_route=\/wp\/v2\/posts\/1742\/revisions"}],"wp:attachment":[{"href":"https:\/\/construcaocivil.siriusmarketingedesign.com.br\/index.php?rest_route=%2Fwp%2Fv2%2Fmedia&parent=1742"}],"wp:term":[{"taxonomy":"category","embeddable":true,"href":"https:\/\/construcaocivil.siriusmarketingedesign.com.br\/index.php?rest_route=%2Fwp%2Fv2%2Fcategories&post=1742"},{"taxonomy":"post_tag","embeddable":true,"href":"https:\/\/construcaocivil.siriusmarketingedesign.com.br\/index.php?rest_route=%2Fwp%2Fv2%2Ftags&post=1742"}],"curies":[{"name":"wp","href":"https:\/\/api.w.org\/{rel}","templated":true}]}}