{"id":17459,"date":"2021-09-14T00:45:14","date_gmt":"2021-09-14T03:45:14","guid":{"rendered":"https:\/\/www.jornaldaconstrucaocivil.com.br\/?p=17459"},"modified":"2021-09-14T00:45:14","modified_gmt":"2021-09-14T03:45:14","slug":"estado-repassa-r-54-bi-a-prefeitura-do-rio-relativos-a-concessao-de-servicos-de-saneamento","status":"publish","type":"post","link":"https:\/\/construcaocivil.siriusmarketingedesign.com.br\/?p=17459","title":{"rendered":"Estado repassa R$ 5,4 bi \u00e0 Prefeitura do Rio relativos \u00e0 concess\u00e3o de servi\u00e7os de saneamento"},"content":{"rendered":"<p style=\"text-align: justify;\"><span style=\"color: #ff0000;\">Setembro<\/span>, 2021 &#8211; O governador Cl\u00e1udio Castro anunciou que o Estado entrar\u00e1 com o aporte financeiro de R$ 400 milh\u00f5es no programa da Prefeitura do Rio para zerar a fila de espera do Sistema de Regula\u00e7\u00e3o da Sa\u00fade da capital (Sisreg). A informa\u00e7\u00e3o foi dada na segunda-feira, dia 13, durante a entrega do certificado de participa\u00e7\u00e3o no leil\u00e3o de concess\u00e3o dos servi\u00e7os de saneamento \u00e0 Prefeitura do Rio de Janeiro, no Pal\u00e1cio da Cidade, em Botafogo, Zona Sul carioca.<\/p>\n<p style=\"text-align: justify;\">&#8211; O Estado vai entrar com R$ 400 milh\u00f5es, al\u00e9m de R$ 1,1 bilh\u00e3o da Prefeitura, para ajudar a zerar a fila do Sisreg. A Sa\u00fade tamb\u00e9m \u00e9 a nossa responsabilidade &#8211; disse Cl\u00e1udio Castro.<\/p>\n<p style=\"text-align: justify;\">A capital recebeu R$ 4.224.227.028,63, o que corresponde ao valor total do repasse pelo estado. Ao todo, R$ 5,4 bilh\u00f5es foram repassados ao munic\u00edpio do Rio, sendo que R$ 1.176.320.853,38 s\u00e3o fruto de um acordo entre o Estado e a Prefeitura do Rio.<\/p>\n<p style=\"text-align: justify;\"><span style=\"color: #0000ff;\"><em><strong>O governador ressaltou ainda a import\u00e2ncia do leil\u00e3o dos servi\u00e7os de saneamento:<\/strong><\/em><\/span><\/p>\n<p style=\"text-align: justify;\">&#8211; A quest\u00e3o da outorga \u00e9 importante, mas h\u00e1 outros aspectos t\u00e3o fundamentais quanto, como o ambiental e de infraestrutura. A retomada social do Rio de Janeiro vai al\u00e9m da outorga. No dia 29 de dezembro, ser\u00e1 a vez do bloco 3 &#8211; salientou o Cl\u00e1udio Castro, ao adiantar a data do leil\u00e3o do bloco que n\u00e3o recebeu propostas, em abril.<\/p>\n<p style=\"text-align: justify;\">&#8211; Este \u00e9 um registro hist\u00f3rico do Rio de Janeiro. O leil\u00e3o dos servi\u00e7os de saneamento da Cedae demonstra uma maturidade p\u00fablica dos gestores. O grande ativo em uma concess\u00e3o como essa \u00e9 a cidade do Rio de Janeiro. Mais uma vez, sentamos eu e o governador e costuramos um acordo que permite a cidade receber algo em torno de R$ 1,2 bilh\u00e3o a mais. Isso mostra esp\u00edrito p\u00fablico \u2013 afirmou o prefeito Eduardo Paes.<\/p>\n<p style=\"text-align: justify;\"><span style=\"color: #0000ff;\"><strong><em>Opera\u00e7\u00e3o assistida j\u00e1 iniciada<\/em><\/strong><\/span><\/p>\n<p style=\"text-align: justify;\">O valor referente \u00e0 primeira parcela &#8211; 65% dos R$ 4,2 bilh\u00f5es &#8211; j\u00e1 foi pago ao munic\u00edpio do Rio. A segunda parcela (15%) ser\u00e1 paga no fim da opera\u00e7\u00e3o assistida, j\u00e1 iniciada, enquanto a terceira e \u00faltima parcela (20%) ser\u00e1 quitada em 2025.<\/p>\n<p style=\"text-align: justify;\">Na cidade do Rio de Janeiro, a opera\u00e7\u00e3o dos servi\u00e7os ser\u00e1 de responsabilidade das duas empresas vencedoras do leil\u00e3o &#8211; Igu\u00e1 Saneamento e \u00c1guas do Rio (do grupo Aegea). Os blocos 1 (Zona Sul) e 4 (Centro e Zona Norte) ser\u00e3o atendidos pela \u00c1gua do Rio. J\u00e1 o bloco 2 (Barra e Jacarepagu\u00e1) estar\u00e1 com a empresa Igu\u00e1. O per\u00edodo de transi\u00e7\u00e3o entre a Cedae e as concession\u00e1rias, chamado de opera\u00e7\u00e3o assistida, j\u00e1 come\u00e7ou e deve durar entre seis e nove meses.<\/p>\n<p style=\"text-align: justify;\"><span style=\"color: #0000ff;\"><strong><em>Plano de utiliza\u00e7\u00e3o dos recursos<\/em><\/strong><\/span><\/p>\n<p style=\"text-align: justify;\">Na ocasi\u00e3o, o munic\u00edpio apresentou um plano de utiliza\u00e7\u00e3o dos recursos obtidos com a participa\u00e7\u00e3o no leil\u00e3o nos pr\u00f3ximos anos. A Prefeitura do Rio elencou 18 projetos que v\u00e3o receber os investimentos de R$ 5,4 bilh\u00f5es. No \u00e2mbito da Sa\u00fade, o objetivo \u00e9 zerar, em at\u00e9 18 meses, a fila de espera por atendimento \u2013 conhecido como Sistema de Regula\u00e7\u00e3o da Sa\u00fade (Sisreg). A capital vai investir somente neste projeto R$ 1,1 bilh\u00e3o. Tamb\u00e9m h\u00e1 programas nas \u00e1reas da educa\u00e7\u00e3o, infraestrutura e social.<\/p>\n<p>Fonte: Governo do Estado do Rio de Janeiro<\/p>\n<p style=\"text-align: justify;\">\n<p style=\"text-align: justify;\">\n","protected":false},"excerpt":{"rendered":"<p>Setembro, 2021 &#8211; O governador Cl\u00e1udio Castro anunciou que o Estado entrar\u00e1 com o aporte financeiro de R$ 400 milh\u00f5es no programa da Prefeitura do Rio para zerar a fila de espera do Sistema de Regula\u00e7\u00e3o da Sa\u00fade da capital (Sisreg). A informa\u00e7\u00e3o foi dada na segunda-feira, dia 13, durante a entrega do certificado de [&hellip;]<\/p>\n","protected":false},"author":1,"featured_media":17460,"comment_status":"open","ping_status":"open","sticky":false,"template":"","format":"standard","meta":{"_uag_custom_page_level_css":"","footnotes":""},"categories":[33],"tags":[22101,22097,15598,22102,22099,22098,22100],"class_list":["post-17459","post","type-post","status-publish","format-standard","has-post-thumbnail","hentry","category-mercado","tag-35-mil-empregos","tag-dinheiro-da-cedae","tag-governo-do-estado-do-rio-de-janeiro","tag-obras-em-escolas-paradas","tag-prefeitura-do-rio-recebe-r-5-bi","tag-projetos-em-saude-e-educacao","tag-saneamento-nas-favelas"],"blocksy_meta":[],"spectra_blocks_featured_image_url":{"thumbnail":{"url":"https:\/\/construcaocivil.siriusmarketingedesign.com.br\/wp-content\/uploads\/2021\/09\/Governador-e-Paes-150x150.jpg","width":150,"height":150},"medium":{"url":"https:\/\/construcaocivil.siriusmarketingedesign.com.br\/wp-content\/uploads\/2021\/09\/Governador-e-Paes-300x200.jpg","width":300,"height":200},"medium_large":{"url":"https:\/\/construcaocivil.siriusmarketingedesign.com.br\/wp-content\/uploads\/2021\/09\/Governador-e-Paes-768x513.jpg","width":768,"height":513},"large":{"url":"https:\/\/construcaocivil.siriusmarketingedesign.com.br\/wp-content\/uploads\/2021\/09\/Governador-e-Paes-1024x684.jpg","width":1024,"height":684},"full":{"url":"https:\/\/construcaocivil.siriusmarketingedesign.com.br\/wp-content\/uploads\/2021\/09\/Governador-e-Paes.jpg","width":2048,"height":1367}},"spectra_blocks_author_info":{"display_name":"Jornal da Constru\u00e7\u00e3o Civil","avatar_url":"https:\/\/secure.gravatar.com\/avatar\/973c9774fd44ddaceb026973c4962faa70fc512bc4c9da68e8ebb40fecee6540?s=96&d=mm&r=g","author_link":"https:\/\/construcaocivil.siriusmarketingedesign.com.br\/?author=1","description":"Desde de 2013, levando muitas informa\u00e7\u00f5es, lan\u00e7amentos e produtos de qualidade para toda cadeia produtiva da constru\u00e7\u00e3o. O Futuro da constru\u00e7\u00e3o passa por aqui,"},"uagb_featured_image_src":{"full":["https:\/\/construcaocivil.siriusmarketingedesign.com.br\/wp-content\/uploads\/2021\/09\/Governador-e-Paes.jpg",2048,1367,false],"thumbnail":["https:\/\/construcaocivil.siriusmarketingedesign.com.br\/wp-content\/uploads\/2021\/09\/Governador-e-Paes-150x150.jpg",150,150,true],"medium":["https:\/\/construcaocivil.siriusmarketingedesign.com.br\/wp-content\/uploads\/2021\/09\/Governador-e-Paes-300x200.jpg",300,200,true],"medium_large":["https:\/\/construcaocivil.siriusmarketingedesign.com.br\/wp-content\/uploads\/2021\/09\/Governador-e-Paes-768x513.jpg",768,513,true],"large":["https:\/\/construcaocivil.siriusmarketingedesign.com.br\/wp-content\/uploads\/2021\/09\/Governador-e-Paes-1024x684.jpg",1024,684,true],"1536x1536":["https:\/\/construcaocivil.siriusmarketingedesign.com.br\/wp-content\/uploads\/2021\/09\/Governador-e-Paes-1536x1025.jpg",1536,1025,true],"2048x2048":["https:\/\/construcaocivil.siriusmarketingedesign.com.br\/wp-content\/uploads\/2021\/09\/Governador-e-Paes.jpg",2048,1367,false]},"uagb_author_info":{"display_name":"Jornal da Constru\u00e7\u00e3o Civil","author_link":"https:\/\/construcaocivil.siriusmarketingedesign.com.br\/?author=1"},"uagb_comment_info":0,"uagb_excerpt":"Setembro, 2021 &#8211; O governador Cl\u00e1udio Castro anunciou que o Estado entrar\u00e1 com o aporte financeiro de R$ 400 milh\u00f5es no programa da Prefeitura do Rio para zerar a fila de espera do Sistema de Regula\u00e7\u00e3o da Sa\u00fade da capital (Sisreg). A informa\u00e7\u00e3o foi dada na segunda-feira, dia 13, durante a entrega do certificado de&hellip;","_links":{"self":[{"href":"https:\/\/construcaocivil.siriusmarketingedesign.com.br\/index.php?rest_route=\/wp\/v2\/posts\/17459","targetHints":{"allow":["GET"]}}],"collection":[{"href":"https:\/\/construcaocivil.siriusmarketingedesign.com.br\/index.php?rest_route=\/wp\/v2\/posts"}],"about":[{"href":"https:\/\/construcaocivil.siriusmarketingedesign.com.br\/index.php?rest_route=\/wp\/v2\/types\/post"}],"author":[{"embeddable":true,"href":"https:\/\/construcaocivil.siriusmarketingedesign.com.br\/index.php?rest_route=\/wp\/v2\/users\/1"}],"replies":[{"embeddable":true,"href":"https:\/\/construcaocivil.siriusmarketingedesign.com.br\/index.php?rest_route=%2Fwp%2Fv2%2Fcomments&post=17459"}],"version-history":[{"count":0,"href":"https:\/\/construcaocivil.siriusmarketingedesign.com.br\/index.php?rest_route=\/wp\/v2\/posts\/17459\/revisions"}],"wp:featuredmedia":[{"embeddable":true,"href":"https:\/\/construcaocivil.siriusmarketingedesign.com.br\/index.php?rest_route=\/wp\/v2\/media\/17460"}],"wp:attachment":[{"href":"https:\/\/construcaocivil.siriusmarketingedesign.com.br\/index.php?rest_route=%2Fwp%2Fv2%2Fmedia&parent=17459"}],"wp:term":[{"taxonomy":"category","embeddable":true,"href":"https:\/\/construcaocivil.siriusmarketingedesign.com.br\/index.php?rest_route=%2Fwp%2Fv2%2Fcategories&post=17459"},{"taxonomy":"post_tag","embeddable":true,"href":"https:\/\/construcaocivil.siriusmarketingedesign.com.br\/index.php?rest_route=%2Fwp%2Fv2%2Ftags&post=17459"}],"curies":[{"name":"wp","href":"https:\/\/api.w.org\/{rel}","templated":true}]}}