{"id":17464,"date":"2021-09-14T14:42:40","date_gmt":"2021-09-14T17:42:40","guid":{"rendered":"https:\/\/www.jornaldaconstrucaocivil.com.br\/?p=17464"},"modified":"2021-09-14T14:42:40","modified_gmt":"2021-09-14T17:42:40","slug":"medico-faz-campanha-e-coloca-a-fila-da-rede-publica-do-rio-para-andar-estado-tem-240-mil-a-espera-de-cirurgia-e-demora-chega-a-12-anos","status":"publish","type":"post","link":"https:\/\/construcaocivil.siriusmarketingedesign.com.br\/?p=17464","title":{"rendered":"M\u00e9dico faz campanha e coloca a fila da rede p\u00fablica do Rio para andar: Estado tem 240 mil \u00e0 espera de cirurgia e demora chega a 12 anos"},"content":{"rendered":"<p style=\"text-align: justify;\"><span style=\"color: #0000ff;\">Brasil, setembro de 2021<\/span><strong>:<\/strong>\u00a0Richard tem 24 anos e sonha em ser bombeiro civil. Ele nasceu com sexo feminino, mas foi na adolesc\u00eancia que descobriu que estava em corpo errado. Aos 20 anos se reconheceu como homem Transg\u00eanero. Um ano depois buscou orienta\u00e7\u00e3o m\u00e9dica para come\u00e7ar uma terapia com horm\u00f4nios masculinos. Logo vieram a barba, o timbre de voz mais grave, o nome masculino e a esperan\u00e7a de um trabalho.<\/p>\n<figure id=\"attachment_17467\" aria-describedby=\"caption-attachment-17467\" style=\"width: 300px\" class=\"wp-caption alignright\"><img loading=\"lazy\" decoding=\"async\" class=\"size-medium wp-image-17467\" src=\"https:\/\/www.jornaldaconstrucaocivil.com.br\/wp-content\/uploads\/2021\/09\/Bombeiros-300x134.jpg\" alt=\"\" width=\"300\" height=\"134\" srcset=\"https:\/\/construcaocivil.siriusmarketingedesign.com.br\/wp-content\/uploads\/2021\/09\/Bombeiros-300x134.jpg 300w, https:\/\/construcaocivil.siriusmarketingedesign.com.br\/wp-content\/uploads\/2021\/09\/Bombeiros-1024x458.jpg 1024w, https:\/\/construcaocivil.siriusmarketingedesign.com.br\/wp-content\/uploads\/2021\/09\/Bombeiros-768x343.jpg 768w, https:\/\/construcaocivil.siriusmarketingedesign.com.br\/wp-content\/uploads\/2021\/09\/Bombeiros.jpg 1027w\" sizes=\"auto, (max-width: 300px) 100vw, 300px\" \/><figcaption id=\"caption-attachment-17467\" class=\"wp-caption-text\">Richard tem 24 anos e sonha em ser bombeiro civil. Divulga\u00e7\u00e3o<\/figcaption><\/figure>\n<p style=\"text-align: justify;\">Mas foi depois de uma entrevista em junho desse ano, quando emocionou o Brasil por estar 5 anos na fila do SUS para a retirada das mamas, uma surpresa inesperada. Dr. Thiago Marra o procurou pelas m\u00eddias sociais e ofereceu uma mastectomia masculinizadora gratuita. A t\u00e9cnica usada para a retirada da mama foi pela aur\u00e9ola. \u00a0\u201cRetiramos a gl\u00e2ndula, mas deixamos uns 10% do tecido mam\u00e1rio que comp\u00f5e a regi\u00e3o\u201d, comenta o m\u00e9dico ao informar que a cirurgia durou duas horas.Na recupera\u00e7\u00e3o Richard ficou v\u00e1rios dias de repouso, fez sess\u00f5es de fisioterapia e drenagem linf\u00e1tica. \u201c&#8230; me sinto pleno, feliz e agradecido por me tornar um homem completo\u201d, agradece Richard.<\/p>\n<figure id=\"attachment_17466\" aria-describedby=\"caption-attachment-17466\" style=\"width: 300px\" class=\"wp-caption alignleft\"><img loading=\"lazy\" decoding=\"async\" class=\"size-medium wp-image-17466\" src=\"https:\/\/www.jornaldaconstrucaocivil.com.br\/wp-content\/uploads\/2021\/09\/Dr.-Thiago-Marra-1024x768-1-300x225.jpg\" alt=\"\" width=\"300\" height=\"225\" srcset=\"https:\/\/construcaocivil.siriusmarketingedesign.com.br\/wp-content\/uploads\/2021\/09\/Dr.-Thiago-Marra-1024x768-1-300x225.jpg 300w, https:\/\/construcaocivil.siriusmarketingedesign.com.br\/wp-content\/uploads\/2021\/09\/Dr.-Thiago-Marra-1024x768-1-768x576.jpg 768w, https:\/\/construcaocivil.siriusmarketingedesign.com.br\/wp-content\/uploads\/2021\/09\/Dr.-Thiago-Marra-1024x768-1-86x64.jpg 86w, https:\/\/construcaocivil.siriusmarketingedesign.com.br\/wp-content\/uploads\/2021\/09\/Dr.-Thiago-Marra-1024x768-1.jpg 1024w\" sizes=\"auto, (max-width: 300px) 100vw, 300px\" \/><figcaption id=\"caption-attachment-17466\" class=\"wp-caption-text\">Dr\u00ba Thiago Marra<\/figcaption><\/figure>\n<p style=\"text-align: justify;\">O reconhecimento do cirurgi\u00e3o pl\u00e1stico vem de longa data. Ele se tornou refer\u00eancia nacional com a\u00e7\u00f5es como esta. Recentemente retirou parte do silicone industrial da Youtuber Luisa Marilac e passou a alertar em lives sobre o perigo da demora dos procedimentos que podem agravar o quadro dos pacientes e responder perguntas de pacientes. Com a cirurgia do Richard Almeida, Dr. Thiago Marra iniciou uma campanha de conscientiza\u00e7\u00e3o de outros m\u00e9dicos particulares para que cada um adote um paciente do SUS com objetivo de colocar a fila para andar.<\/p>\n<p style=\"text-align: justify;\">O n\u00famero de demandas represadas \u00e9 provavelmente mais alto, j\u00e1 que o Levantamento do Conselho Federal de Medicina re\u00fane apenas dados de 16 secretarias estaduais e 10 municipais; H\u00e1 ainda a fila por procedimentos nos servi\u00e7os de sa\u00fade federais, sem falar ainda naquelas pessoas que precisam da cirurgia, mas nem sequer t\u00eam acesso ao especialista que d\u00e1 o encaminhamento. No Estado de S\u00e3o Paulo, h\u00e1 casos em que o paciente aguarda desde 2005, recorde entre os Estados que responderam ao CFM. Na rede paulista, 143 mil esperam por cirurgia.<\/p>\n<p style=\"text-align: justify;\">Entre os procedimentos com o maior n\u00famero de demandas represadas no Brasil est\u00e3o as cirurgias de catarata (113.185), corre\u00e7\u00e3o de h\u00e9rnia (95.752), retirada da ves\u00edcula (90.275), varizes (77.854) e de am\u00eddalas (37.776). S\u00f3 estes cinco tipos concentram quase metade de todos os pedidos na fila.\u00a0O Estado de SP lidera o ranking com 143 mil procedimentos cir\u00fargicos na fila e os Estados como MG, CE, RJ, RS,DF, PR, POA, MS e GO est\u00e3o entre os 10 primeiros colocados<\/p>\n<p style=\"text-align: justify;\"><strong>Servi\u00e7o<\/strong><\/p>\n<p style=\"text-align: justify;\"><strong>Lives<\/strong><\/p>\n<p style=\"text-align: justify;\">Dia: todas \u00e0s segundas-feiras<\/p>\n<p style=\"text-align: justify;\">Hor\u00e1rio: 20h<\/p>\n<p style=\"text-align: justify;\">Link: https:\/\/www.instagram.com\/drmarra\/<\/p>\n<p style=\"text-align: justify;\"><span style=\"color: #0000ff;\"><a style=\"color: #0000ff;\" href=\"https:\/\/www.instagram.com\/drmarra\/\" target=\"_blank\" rel=\"noopener noreferrer\">https:\/\/www.instagram.com\/drmarra\/<\/a><\/span><\/p>\n<p style=\"text-align: justify;\"><strong>\u00a0Cirurgi\u00e3o Pl\u00e1stico Dr. Thiago Marra:<\/strong><\/p>\n<p style=\"text-align: justify;\">Membro da associa\u00e7\u00e3o brasileira de m\u00e9dicos p\u00f3s graduados &#8211; ABRAMEPO, e membro titular do Col\u00e9gio Brasileiro de Cirurgia Pl\u00e1stica. Al\u00e9m de ser especialista em rinoplastia, realiza v\u00e1rios procedimentos como pr\u00f3tese de mama, mastopexia, lipoaspira\u00e7\u00e3o e harmoniza\u00e7\u00e3o facial, para depois da cirurgia de redesigna\u00e7\u00e3o sexual. Fora do centro cir\u00fargico, fundou a Associa\u00e7\u00e3o de Dentistas Especialistas em cirurgias faciais que visa combater a reserva de mercado e apoiar a classe da Odontologia para realiza\u00e7\u00e3o de procedimentos est\u00e9ticos, como a harmoniza\u00e7\u00e3o orofacial.<\/p>\n<p style=\"text-align: justify;\">\n","protected":false},"excerpt":{"rendered":"<p>Brasil, setembro de 2021:\u00a0Richard tem 24 anos e sonha em ser bombeiro civil. Ele nasceu com sexo feminino, mas foi na adolesc\u00eancia que descobriu que estava em corpo errado. Aos 20 anos se reconheceu como homem Transg\u00eanero. Um ano depois buscou orienta\u00e7\u00e3o m\u00e9dica para come\u00e7ar uma terapia com horm\u00f4nios masculinos. Logo vieram a barba, o [&hellip;]<\/p>\n","protected":false},"author":1,"featured_media":17465,"comment_status":"open","ping_status":"open","sticky":false,"template":"","format":"standard","meta":{"_uag_custom_page_level_css":"","footnotes":""},"categories":[27],"tags":[22109,22112,22111,22108,22110,14589],"class_list":["post-17464","post","type-post","status-publish","format-standard","has-post-thumbnail","hentry","category-acontece","tag-acabar-fila-do-sus","tag-cidadania-e-bem-star","tag-cirurgiao-plastico","tag-hospitais-do-rio-de-janeiro","tag-mutirao-de-cirurgias-do-sus","tag-saude-publica"],"blocksy_meta":[],"spectra_blocks_featured_image_url":{"thumbnail":{"url":"https:\/\/construcaocivil.siriusmarketingedesign.com.br\/wp-content\/uploads\/2021\/09\/240816823-2748366208788020-6536856654894700711-n-150x150.jpg","width":150,"height":150},"medium":{"url":"https:\/\/construcaocivil.siriusmarketingedesign.com.br\/wp-content\/uploads\/2021\/09\/240816823-2748366208788020-6536856654894700711-n-240x300.jpg","width":240,"height":300},"medium_large":{"url":"https:\/\/construcaocivil.siriusmarketingedesign.com.br\/wp-content\/uploads\/2021\/09\/240816823-2748366208788020-6536856654894700711-n-768x960.jpg","width":768,"height":960},"large":{"url":"https:\/\/construcaocivil.siriusmarketingedesign.com.br\/wp-content\/uploads\/2021\/09\/240816823-2748366208788020-6536856654894700711-n-819x1024.jpg","width":819,"height":1024},"full":{"url":"https:\/\/construcaocivil.siriusmarketingedesign.com.br\/wp-content\/uploads\/2021\/09\/240816823-2748366208788020-6536856654894700711-n.jpg","width":1080,"height":1350}},"spectra_blocks_author_info":{"display_name":"Jornal da Constru\u00e7\u00e3o Civil","avatar_url":"https:\/\/secure.gravatar.com\/avatar\/973c9774fd44ddaceb026973c4962faa70fc512bc4c9da68e8ebb40fecee6540?s=96&d=mm&r=g","author_link":"https:\/\/construcaocivil.siriusmarketingedesign.com.br\/?author=1","description":"Desde de 2013, levando muitas informa\u00e7\u00f5es, lan\u00e7amentos e produtos de qualidade para toda cadeia produtiva da constru\u00e7\u00e3o. O Futuro da constru\u00e7\u00e3o passa por aqui,"},"uagb_featured_image_src":{"full":["https:\/\/construcaocivil.siriusmarketingedesign.com.br\/wp-content\/uploads\/2021\/09\/240816823-2748366208788020-6536856654894700711-n.jpg",1080,1350,false],"thumbnail":["https:\/\/construcaocivil.siriusmarketingedesign.com.br\/wp-content\/uploads\/2021\/09\/240816823-2748366208788020-6536856654894700711-n-150x150.jpg",150,150,true],"medium":["https:\/\/construcaocivil.siriusmarketingedesign.com.br\/wp-content\/uploads\/2021\/09\/240816823-2748366208788020-6536856654894700711-n-240x300.jpg",240,300,true],"medium_large":["https:\/\/construcaocivil.siriusmarketingedesign.com.br\/wp-content\/uploads\/2021\/09\/240816823-2748366208788020-6536856654894700711-n-768x960.jpg",768,960,true],"large":["https:\/\/construcaocivil.siriusmarketingedesign.com.br\/wp-content\/uploads\/2021\/09\/240816823-2748366208788020-6536856654894700711-n-819x1024.jpg",819,1024,true],"1536x1536":["https:\/\/construcaocivil.siriusmarketingedesign.com.br\/wp-content\/uploads\/2021\/09\/240816823-2748366208788020-6536856654894700711-n.jpg",1080,1350,false],"2048x2048":["https:\/\/construcaocivil.siriusmarketingedesign.com.br\/wp-content\/uploads\/2021\/09\/240816823-2748366208788020-6536856654894700711-n.jpg",1080,1350,false]},"uagb_author_info":{"display_name":"Jornal da Constru\u00e7\u00e3o Civil","author_link":"https:\/\/construcaocivil.siriusmarketingedesign.com.br\/?author=1"},"uagb_comment_info":0,"uagb_excerpt":"Brasil, setembro de 2021:\u00a0Richard tem 24 anos e sonha em ser bombeiro civil. Ele nasceu com sexo feminino, mas foi na adolesc\u00eancia que descobriu que estava em corpo errado. Aos 20 anos se reconheceu como homem Transg\u00eanero. Um ano depois buscou orienta\u00e7\u00e3o m\u00e9dica para come\u00e7ar uma terapia com horm\u00f4nios masculinos. Logo vieram a barba, o&hellip;","_links":{"self":[{"href":"https:\/\/construcaocivil.siriusmarketingedesign.com.br\/index.php?rest_route=\/wp\/v2\/posts\/17464","targetHints":{"allow":["GET"]}}],"collection":[{"href":"https:\/\/construcaocivil.siriusmarketingedesign.com.br\/index.php?rest_route=\/wp\/v2\/posts"}],"about":[{"href":"https:\/\/construcaocivil.siriusmarketingedesign.com.br\/index.php?rest_route=\/wp\/v2\/types\/post"}],"author":[{"embeddable":true,"href":"https:\/\/construcaocivil.siriusmarketingedesign.com.br\/index.php?rest_route=\/wp\/v2\/users\/1"}],"replies":[{"embeddable":true,"href":"https:\/\/construcaocivil.siriusmarketingedesign.com.br\/index.php?rest_route=%2Fwp%2Fv2%2Fcomments&post=17464"}],"version-history":[{"count":0,"href":"https:\/\/construcaocivil.siriusmarketingedesign.com.br\/index.php?rest_route=\/wp\/v2\/posts\/17464\/revisions"}],"wp:featuredmedia":[{"embeddable":true,"href":"https:\/\/construcaocivil.siriusmarketingedesign.com.br\/index.php?rest_route=\/wp\/v2\/media\/17465"}],"wp:attachment":[{"href":"https:\/\/construcaocivil.siriusmarketingedesign.com.br\/index.php?rest_route=%2Fwp%2Fv2%2Fmedia&parent=17464"}],"wp:term":[{"taxonomy":"category","embeddable":true,"href":"https:\/\/construcaocivil.siriusmarketingedesign.com.br\/index.php?rest_route=%2Fwp%2Fv2%2Fcategories&post=17464"},{"taxonomy":"post_tag","embeddable":true,"href":"https:\/\/construcaocivil.siriusmarketingedesign.com.br\/index.php?rest_route=%2Fwp%2Fv2%2Ftags&post=17464"}],"curies":[{"name":"wp","href":"https:\/\/api.w.org\/{rel}","templated":true}]}}