{"id":17480,"date":"2021-09-15T18:06:58","date_gmt":"2021-09-15T21:06:58","guid":{"rendered":"https:\/\/www.jornaldaconstrucaocivil.com.br\/?p=17480"},"modified":"2021-09-15T18:06:58","modified_gmt":"2021-09-15T21:06:58","slug":"comissao-aprova-proposta-que-prorroga-a-desoneracao-da-folha-de-pagamentos-ate-2026","status":"publish","type":"post","link":"https:\/\/construcaocivil.siriusmarketingedesign.com.br\/?p=17480","title":{"rendered":"Comiss\u00e3o aprova proposta que prorroga a desonera\u00e7\u00e3o da folha de pagamentos at\u00e9 2026"},"content":{"rendered":"<section class=\"secao-principal\">\n<div class=\"container container--inner-page\">\n<article id=\"content-noticia\" class=\"g-artigo artigo--noticia\">\n<div class=\"g-artigo__texto-principal\">\n<div class=\"js-article-read-more\">\n<div>\n<p style=\"text-align: justify;\"><span style=\"color: #ff0000;\">Setembro<\/span>, 2021 &#8211; A Comiss\u00e3o de Finan\u00e7as e Tributa\u00e7\u00e3o da C\u00e2mara dos Deputados aprovou o <a href=\"https:\/\/www.camara.leg.br\/noticias\/799815-PROPOSTA-PRORROGA-A-DESONERACAO-DA-FOLHA-DE-PAGAMENTOS-ATE-2026\"><span style=\"color: #0000ff;\">Projeto de Lei<\/span> <span style=\"color: #0000ff;\">2541\/21<\/span><\/a><span style=\"color: #0000ff;\">,<\/span> que prorroga de dezembro de 2021 para dezembro de 2026 a desonera\u00e7\u00e3o da folha de pagamentos para 17 setores da economia, considerados alguns dos mais intensivos em m\u00e3o de obra.<\/p>\n<p style=\"text-align: justify;\">Os setores s\u00e3o: cal\u00e7ados, call center, comunica\u00e7\u00e3o, confec\u00e7\u00e3o\/vestu\u00e1rio, constru\u00e7\u00e3o civil, empresas de constru\u00e7\u00e3o e obras de infraestrutura, couro, fabrica\u00e7\u00e3o de ve\u00edculos e carro\u00e7arias, m\u00e1quinas e equipamentos, prote\u00edna animal, t\u00eaxtil, TI (tecnologia da informa\u00e7\u00e3o), TIC (tecnologia de comunica\u00e7\u00e3o), projeto de circuitos integrados, transporte metroferrovi\u00e1rio de passageiros, transporte rodovi\u00e1rio coletivo e transporte rodovi\u00e1rio de cargas.<\/p>\n<p style=\"text-align: justify;\">A comiss\u00e3o acolheu parecer favor\u00e1vel do relator, deputado <span style=\"color: #0000ff;\"><a style=\"color: #0000ff;\" href=\"https:\/\/www.camara.leg.br\/deputados\/160570\">Jer\u00f4nimo Goergen (PP-RS)<\/a><\/span>. \u201cA extin\u00e7\u00e3o da desonera\u00e7\u00e3o da folha representaria obst\u00e1culo \u00e0 manuten\u00e7\u00e3o e \u00e0 gera\u00e7\u00e3o de empregos, pois agravaria custos de contra\u00e7\u00e3o para os importantes setores da ind\u00fastria, dos servi\u00e7os, dos transportes e da constru\u00e7\u00e3o\u201d, disse.<\/p>\n<p style=\"text-align: justify;\">\u201cA pandemia da Covid-19 imp\u00f5e incertezas sobre a recupera\u00e7\u00e3o econ\u00f4mica no curto prazo. O ritmo da retomada n\u00e3o se encontra num patamar satisfat\u00f3rio, e os segmentos mais diretamente afetados pelo distanciamento social continuam bastante deprimidos. Por isso, n\u00e3o parece oportuno retirar os est\u00edmulos fiscais hoje existentes, em especial os de natureza tribut\u00e1ria\u201d, afirmou Georgen.<\/p>\n<p style=\"text-align: justify;\">A proposta aprovada altera a <span style=\"color: #0000ff;\"><a class=\"linkLegislacao\" style=\"color: #0000ff;\" href=\"https:\/\/www2.camara.gov.br\/legin\/fed\/lei\/2011\/lei-12546-14-dezembro-2011-612002-norma-pl.html\">Lei 12.546\/11<\/a>,<\/span> que trata de temas tribut\u00e1rios. O texto tamb\u00e9m eleva em um ponto percentual a al\u00edquota de Cofins-Importa\u00e7\u00e3o para um conjunto de produtos, de forma a equilibrar os custos entre bens produzidos no Brasil e no exterior.<\/p>\n<p style=\"text-align: justify;\">\u201cProponho a continuidade da desonera\u00e7\u00e3o da folha de pagamentos para todos os setores que atualmente se valem dela, a fim de promover o bem-estar social e o desenvolvimento econ\u00f4mico\u201d, disse o autor, deputado <span style=\"color: #0000ff;\"><a style=\"color: #0000ff;\" href=\"https:\/\/www.camara.leg.br\/deputados\/141422\">Efraim Filho (DEM-PB)<\/a><\/span>. J\u00e1 o aumento da Cofins-Importa\u00e7\u00e3o visa proteger os fabricantes brasileiros.<\/p>\n<p style=\"text-align: justify;\"><strong>Vetos presidenciais<\/strong><br \/>\nEm 2020, o Congresso Nacional aprovou o aumento da Cofins-Importa\u00e7\u00e3o nos itens que concorrem com a produ\u00e7\u00e3o de setores beneficiados pela desonera\u00e7\u00e3o da folha de pagamentos. No entanto, ao sancionar a <span style=\"color: #0000ff;\"><a class=\"linkLegislacao\" style=\"color: #0000ff;\" href=\"https:\/\/www2.camara.gov.br\/legin\/fed\/lei\/2020\/lei-14020-6-julho-2020-790388-norma-pl.html\">Lei 14.020\/20<\/a><\/span>, o presidente Jair Bolsonaro vetou esse ponto, e o Congresso manteve o veto.<\/p>\n<p style=\"text-align: justify;\">Na ocasi\u00e3o, Bolsonaro tamb\u00e9m vetou a prorroga\u00e7\u00e3o, at\u00e9 o pr\u00f3ximo dia 31 de dezembro, da desonera\u00e7\u00e3o da folha para os mesmos 17 setores. O Congresso, no entanto, derrubou esse veto. Na C\u00e2mara dos Deputados foram 430 votos a 33 em defesa da desonera\u00e7\u00e3o. No Senado, 64 votos a 2.<\/p>\n<p style=\"text-align: justify;\">Segundo o governo, a desonera\u00e7\u00e3o at\u00e9 o final deste ano custar\u00e1 R$ 10 bilh\u00f5es aos cofres p\u00fablicos. O mecanismo permite que as empresas paguem al\u00edquotas de 1% a 4,5% sobre a receita bruta em vez de 20% sobre a folha de sal\u00e1rios. Os setores beneficiados dizem que isso ajuda a manter 6 milh\u00f5es de empregos.<\/p>\n<p style=\"text-align: justify;\">No projeto, Efraim Filho n\u00e3o estimou os custos da eventual nova prorroga\u00e7\u00e3o. \u201cA an\u00e1lise do impacto or\u00e7ament\u00e1rio e das poss\u00edveis compensa\u00e7\u00f5es, assim como de medidas para a boa governan\u00e7a e a prud\u00eancia fiscal, poder\u00e1 ocorrer durante o processo legislativo, com o oportuno di\u00e1logo com o Poder Executivo\u201d, disse.<\/p>\n<p style=\"text-align: justify;\"><strong>Tramita\u00e7\u00e3o<\/strong><br \/>\nO projeto tramita em <span id=\"4322\" class=\"termoGlossario\" title=\"\" contenteditable=\"false\" data-toggle=\"tooltip\" data-placement=\"top\" data-original-title=\"Rito de tramita\u00e7\u00e3o pelo qual o projeto \u00e9 votado apenas pelas comiss\u00f5es designadas para analis\u00e1-lo, dispensada a delibera\u00e7\u00e3o do Plen\u00e1rio. O projeto perde o car\u00e1ter conclusivo se houver decis\u00e3o divergente entre as comiss\u00f5es ou se, independentemente de ser aprovado ou rejeitado, houver recurso assinado por 52 deputados para a aprecia\u00e7\u00e3o da mat\u00e9ria no Plen\u00e1rio.\">car\u00e1ter conclusivo<\/span> e ainda ser\u00e1 analisado pela Comiss\u00e3o de Constitui\u00e7\u00e3o e Justi\u00e7a e de Cidadania.<\/p>\n<p style=\"text-align: justify;\"><span style=\"color: #ff0000;\"><a style=\"color: #ff0000;\" href=\"https:\/\/www.camara.leg.br\/noticias\/573454-SAIBA-MAIS-SOBRE-A-TRAMITACAO-DE-PROJETOS-DE-LEI\">Saiba mais sobre a tramita\u00e7\u00e3o de projetos de lei<\/a><\/span><\/p>\n<p style=\"text-align: justify;\">Reportagem \u2013 Ralph Machado<br \/>\nEdi\u00e7\u00e3o \u2013 Rachel Librelon<\/p>\n<\/div>\n<\/div>\n<\/div>\n<\/article>\n<\/div>\n<\/section>\n<section class=\"comentarios-conteiner\">\n<div id=\"comentario\" class=\"container container--inner-page\">\n<p class=\"g-artigo__data-hora\">\n<\/div>\n<\/section>\n<p style=\"text-align: justify;\">Fonte: Ag\u00eancia C\u00e2mara de Not\u00edcias<\/p>\n","protected":false},"excerpt":{"rendered":"<p>Setembro, 2021 &#8211; A Comiss\u00e3o de Finan\u00e7as e Tributa\u00e7\u00e3o da C\u00e2mara dos Deputados aprovou o Projeto de Lei 2541\/21, que prorroga de dezembro de 2021 para dezembro de 2026 a desonera\u00e7\u00e3o da folha de pagamentos para 17 setores da economia, considerados alguns dos mais intensivos em m\u00e3o de obra. Os setores s\u00e3o: cal\u00e7ados, call center, [&hellip;]<\/p>\n","protected":false},"author":1,"featured_media":17481,"comment_status":"open","ping_status":"open","sticky":false,"template":"","format":"standard","meta":{"_uag_custom_page_level_css":"","footnotes":""},"categories":[27],"tags":[1574,20118,22131,2826,21877,22132,22129,22130],"class_list":["post-17480","post","type-post","status-publish","format-standard","has-post-thumbnail","hentry","category-acontece","tag-brasilia-df","tag-camara-dos-deputado","tag-carrocarias","tag-construcao-civil","tag-couro","tag-empregos-e-desoneracao-da-folha","tag-empresas-de-construcao-e-obras-de-infraestrutura","tag-fabricacao-de-veiculos"],"blocksy_meta":[],"spectra_blocks_featured_image_url":{"thumbnail":{"url":"https:\/\/construcaocivil.siriusmarketingedesign.com.br\/wp-content\/uploads\/2021\/09\/EMPREGOS-RIO-150x150.jpg","width":150,"height":150},"medium":{"url":"https:\/\/construcaocivil.siriusmarketingedesign.com.br\/wp-content\/uploads\/2021\/09\/EMPREGOS-RIO-300x206.jpg","width":300,"height":206},"medium_large":{"url":"https:\/\/construcaocivil.siriusmarketingedesign.com.br\/wp-content\/uploads\/2021\/09\/EMPREGOS-RIO-768x528.jpg","width":768,"height":528},"large":{"url":"https:\/\/construcaocivil.siriusmarketingedesign.com.br\/wp-content\/uploads\/2021\/09\/EMPREGOS-RIO-1024x704.jpg","width":1024,"height":704},"full":{"url":"https:\/\/construcaocivil.siriusmarketingedesign.com.br\/wp-content\/uploads\/2021\/09\/EMPREGOS-RIO.jpg","width":2436,"height":1675}},"spectra_blocks_author_info":{"display_name":"Jornal da Constru\u00e7\u00e3o Civil","avatar_url":"https:\/\/secure.gravatar.com\/avatar\/973c9774fd44ddaceb026973c4962faa70fc512bc4c9da68e8ebb40fecee6540?s=96&d=mm&r=g","author_link":"https:\/\/construcaocivil.siriusmarketingedesign.com.br\/?author=1","description":"Desde de 2013, levando muitas informa\u00e7\u00f5es, lan\u00e7amentos e produtos de qualidade para toda cadeia produtiva da constru\u00e7\u00e3o. O Futuro da constru\u00e7\u00e3o passa por aqui,"},"uagb_featured_image_src":{"full":["https:\/\/construcaocivil.siriusmarketingedesign.com.br\/wp-content\/uploads\/2021\/09\/EMPREGOS-RIO.jpg",2436,1675,false],"thumbnail":["https:\/\/construcaocivil.siriusmarketingedesign.com.br\/wp-content\/uploads\/2021\/09\/EMPREGOS-RIO-150x150.jpg",150,150,true],"medium":["https:\/\/construcaocivil.siriusmarketingedesign.com.br\/wp-content\/uploads\/2021\/09\/EMPREGOS-RIO-300x206.jpg",300,206,true],"medium_large":["https:\/\/construcaocivil.siriusmarketingedesign.com.br\/wp-content\/uploads\/2021\/09\/EMPREGOS-RIO-768x528.jpg",768,528,true],"large":["https:\/\/construcaocivil.siriusmarketingedesign.com.br\/wp-content\/uploads\/2021\/09\/EMPREGOS-RIO-1024x704.jpg",1024,704,true],"1536x1536":["https:\/\/construcaocivil.siriusmarketingedesign.com.br\/wp-content\/uploads\/2021\/09\/EMPREGOS-RIO-1536x1056.jpg",1536,1056,true],"2048x2048":["https:\/\/construcaocivil.siriusmarketingedesign.com.br\/wp-content\/uploads\/2021\/09\/EMPREGOS-RIO-2048x1408.jpg",2048,1408,true]},"uagb_author_info":{"display_name":"Jornal da Constru\u00e7\u00e3o Civil","author_link":"https:\/\/construcaocivil.siriusmarketingedesign.com.br\/?author=1"},"uagb_comment_info":0,"uagb_excerpt":"Setembro, 2021 &#8211; A Comiss\u00e3o de Finan\u00e7as e Tributa\u00e7\u00e3o da C\u00e2mara dos Deputados aprovou o Projeto de Lei 2541\/21, que prorroga de dezembro de 2021 para dezembro de 2026 a desonera\u00e7\u00e3o da folha de pagamentos para 17 setores da economia, considerados alguns dos mais intensivos em m\u00e3o de obra. Os setores s\u00e3o: cal\u00e7ados, call center,&hellip;","_links":{"self":[{"href":"https:\/\/construcaocivil.siriusmarketingedesign.com.br\/index.php?rest_route=\/wp\/v2\/posts\/17480","targetHints":{"allow":["GET"]}}],"collection":[{"href":"https:\/\/construcaocivil.siriusmarketingedesign.com.br\/index.php?rest_route=\/wp\/v2\/posts"}],"about":[{"href":"https:\/\/construcaocivil.siriusmarketingedesign.com.br\/index.php?rest_route=\/wp\/v2\/types\/post"}],"author":[{"embeddable":true,"href":"https:\/\/construcaocivil.siriusmarketingedesign.com.br\/index.php?rest_route=\/wp\/v2\/users\/1"}],"replies":[{"embeddable":true,"href":"https:\/\/construcaocivil.siriusmarketingedesign.com.br\/index.php?rest_route=%2Fwp%2Fv2%2Fcomments&post=17480"}],"version-history":[{"count":0,"href":"https:\/\/construcaocivil.siriusmarketingedesign.com.br\/index.php?rest_route=\/wp\/v2\/posts\/17480\/revisions"}],"wp:featuredmedia":[{"embeddable":true,"href":"https:\/\/construcaocivil.siriusmarketingedesign.com.br\/index.php?rest_route=\/wp\/v2\/media\/17481"}],"wp:attachment":[{"href":"https:\/\/construcaocivil.siriusmarketingedesign.com.br\/index.php?rest_route=%2Fwp%2Fv2%2Fmedia&parent=17480"}],"wp:term":[{"taxonomy":"category","embeddable":true,"href":"https:\/\/construcaocivil.siriusmarketingedesign.com.br\/index.php?rest_route=%2Fwp%2Fv2%2Fcategories&post=17480"},{"taxonomy":"post_tag","embeddable":true,"href":"https:\/\/construcaocivil.siriusmarketingedesign.com.br\/index.php?rest_route=%2Fwp%2Fv2%2Ftags&post=17480"}],"curies":[{"name":"wp","href":"https:\/\/api.w.org\/{rel}","templated":true}]}}