{"id":17513,"date":"2021-09-20T14:10:27","date_gmt":"2021-09-20T17:10:27","guid":{"rendered":"https:\/\/www.jornaldaconstrucaocivil.com.br\/?p=17513"},"modified":"2023-03-24T11:20:53","modified_gmt":"2023-03-24T14:20:53","slug":"universidade-sinduscon-sp-realizara-curso-de-contencoes-e-fundacoes-em-outubro","status":"publish","type":"post","link":"https:\/\/construcaocivil.siriusmarketingedesign.com.br\/?p=17513","title":{"rendered":"Universidade SindusCon-SP realizar\u00e1 curso de conten\u00e7\u00f5es e funda\u00e7\u00f5es em outubro"},"content":{"rendered":"<p style=\"text-align: justify;\">A Universidade SindusCon-SP realizar\u00e1 o primeiro curso de sua grade:\u00a0<span style=\"color: #0000ff;\">Capacita\u00e7\u00e3o Profissional em Curso B\u00e1sico de Pr\u00e1ticas de Conten\u00e7\u00f5es e Funda\u00e7\u00f5es em Obras Imobili\u00e1rias<\/span>.<\/p>\n<p>O treinamento, que ser\u00e1 realizado virtualmente nos dias 5, 7 e 14 de outubro, tem o objetivo de propiciar uma breve atualiza\u00e7\u00e3o do tema.<\/p>\n<p>Voltado para gerentes e engenheiros de obra; arquitetos e engenheiros de coordena\u00e7\u00e3o de projetos, estudantes de arquitetura e engenharia, o curso ser\u00e1 ministrado pelo engenheiro, Sussumu Niyama, mestre e doutor em Engenharia pela Escola Polit\u00e9cnica da USP.<\/p>\n<p><strong>As informa\u00e7\u00f5es sobre conte\u00fado program\u00e1tico e inscri\u00e7\u00f5es est\u00e3o dispon\u00edveis\u00a0<span style=\"color: #0000ff;\">aqui<\/span>.<\/strong><\/p>\n<p><b>Universidade SindusCon-SP<\/b><br \/>\nO SindusCon-SP celebrou seus 87 anos com o lan\u00e7amento da sua Universidade, com o intuito de aperfei\u00e7oar os conhecimentos dos colaboradores das empresas do setor, associadas ou n\u00e3o ao SindusCon-SP, com cursos pr\u00e1ticos e objetivos, em parcerias com entidades e professores especializados na \u00e1rea de constru\u00e7\u00e3o e assuntos afins.<\/p>\n<p>Seu objetivo \u00e9 complementar a grade curricular dos cursos de engenharia, arquitetura e outros, com no\u00e7\u00f5es de boas pr\u00e1ticas para tratar de todas as etapas construtivas, tais como conten\u00e7\u00f5es e funda\u00e7\u00f5es em obras de edifica\u00e7\u00f5es, em estruturas de concreto armado, responsabilidades, relacionamento profissional e \u00e9tica, ESG (sigla em ingl\u00eas para boas pr\u00e1ticas ambientais, sociais e de governan\u00e7a), canteiros sustent\u00e1veis, normas t\u00e9cnicas etc.<\/p>\n<p><strong>Cronograma de cursos<\/strong><br \/>\nOs instrutores s\u00e3o profissionais selecionados pelas suas expertises nas \u00e1reas que atuam. As aulas virtuais ser\u00e3o \u00e0s ter\u00e7as e quintas das 17h00 \u00e0s 19h00.<br \/>\nInscri\u00e7\u00f5es via email:\u00a0<a href=\"mailto:spelegrino@sindusconsp.com.br\" rel=\"noreferrer\">spelegrino@sindusconsp.com.br<\/a><\/p>\n<p><span style=\"color: #993300;\"><strong>Confira os cursos j\u00e1 confirmados pela \u00e1rea de Capacita\u00e7\u00e3o:<\/strong><\/span><br \/>\n<strong>1\u00ba Curso<\/strong>\u00a0Instrutor: Sussumu Niyama<br \/>\nTema: Gest\u00e3o e Tecnologia de Execu\u00e7\u00e3o de Conten\u00e7\u00f5es e Funda\u00e7\u00f5es. As inscri\u00e7\u00f5es j\u00e1 est\u00e3o abertas\u00a0aqui.<br \/>\nDias do Curso: 05, 07 e 14\/10 \u2013 Carga Hor\u00e1ria \u2013 6 horas<br \/>\n<strong>2\u00ba Curso<\/strong>\u00a0Instrutor: Antonio Zorzi<br \/>\nTema: Estruturas de Concreto<br \/>\nDias do curso: 19\/10, 21\/10 e 26\/10 \u2013 Carga hor\u00e1ria: 06h00<br \/>\n<strong>3\u00ba Curso<\/strong>: Instrutores: Eng\u00ba Odinir Klein Junior e Eng\u00ba Jorge Nakajima Satoro<br \/>\n<em>AULA 1<\/em>\u00a0\u2013 Eng. Odinir Klein Junior<br \/>\nFundamentos do detalhamento das armaduras em estruturas de concreto armado<br \/>\nDia do curso: 28\/10- Carga hor\u00e1ria: 2 horas<br \/>\n<em>AULA 2<\/em>\u00a0\u2013 Eng. Odinir Klein Junior<br \/>\nEfeitos do posicionamento incorreto das armaduras em estruturas de concreto armado<br \/>\nDia do curso: 04\/11 \u2013 Carga hor\u00e1ria: 1,5 hora<br \/>\n<em>AULA 3<\/em>\u00a0\u2013 Eng. Jorge Nakajima Satoro<br \/>\nBoas pr\u00e1ticas na montagem das armaduras de estruturas de concreto armado<br \/>\nDia do curso: 09\/11 \u2013 Carga hor\u00e1ria: 1,5 h<br \/>\n<strong>4\u00ba Curso<\/strong>\u00a0Instrutora: Eng\u00aa Maria Angelica Covelo Silva<br \/>\nTema: Responsabilidades, relacionamento profissional e \u00e9tica<br \/>\nDias do curso: 11\/11 e 16\/11 \u2013 Carga hor\u00e1ria: 4 horas<br \/>\n<b>5\u00ba Curso\u00a0<\/b>Instrutoras:\u00a0Eng\u00aa Lilian Sarrouf\u00a0e Eng\u00aa. Vanessa Gomes<br \/>\nTema: Canteiros Sustent\u00e1veis<br \/>\nDias do curso: 18\/11 e 23\/11 \u2013 Carga hor\u00e1ria: 4 horas<br \/>\n<b>6\u00ba Curso\u00a0<\/b>Instrutor: Eng \u00a0Frederico Falconi<br \/>\nTema: Normas T\u00e9cnicas\u00a0 ABNT \u2013 Funda\u00e7\u00f5es<br \/>\nDias\u00a0do curso: 30\/11 e 02\/12<br \/>\nCarga hor\u00e1ria: 4 horas<\/p>\n<p>Fonte: Sinduscon-SP<\/p>\n","protected":false},"excerpt":{"rendered":"<p>A Universidade SindusCon-SP realizar\u00e1 o primeiro curso de sua grade:\u00a0Capacita\u00e7\u00e3o Profissional em Curso B\u00e1sico de Pr\u00e1ticas de Conten\u00e7\u00f5es e Funda\u00e7\u00f5es em Obras Imobili\u00e1rias. O treinamento, que ser\u00e1 realizado virtualmente nos dias 5, 7 e 14 de outubro, tem o objetivo de propiciar uma breve atualiza\u00e7\u00e3o do tema. Voltado para gerentes e engenheiros de obra; arquitetos [&hellip;]<\/p>\n","protected":false},"author":1,"featured_media":17514,"comment_status":"open","ping_status":"open","sticky":false,"template":"","format":"standard","meta":{"_uag_custom_page_level_css":"","footnotes":""},"categories":[27],"tags":[22173,3310,13696,9846,22174,22172],"class_list":["post-17513","post","type-post","status-publish","format-standard","has-post-thumbnail","hentry","category-acontece","tag-contencoes-e-fundacoes","tag-cursos-para-profissionais","tag-engenharia-e-construcao","tag-qualificacao-profissional","tag-sinduscon-sp-87-anos","tag-universidade-sinduscon-sp"],"blocksy_meta":[],"spectra_blocks_featured_image_url":{"thumbnail":{"url":"https:\/\/construcaocivil.siriusmarketingedesign.com.br\/wp-content\/uploads\/2021\/09\/UNIVERSIDADE-150x150.png","width":150,"height":150},"medium":{"url":"https:\/\/construcaocivil.siriusmarketingedesign.com.br\/wp-content\/uploads\/2021\/09\/UNIVERSIDADE-300x158.png","width":300,"height":158},"medium_large":{"url":"https:\/\/construcaocivil.siriusmarketingedesign.com.br\/wp-content\/uploads\/2021\/09\/UNIVERSIDADE.png","width":310,"height":163},"large":{"url":"https:\/\/construcaocivil.siriusmarketingedesign.com.br\/wp-content\/uploads\/2021\/09\/UNIVERSIDADE.png","width":310,"height":163},"full":{"url":"https:\/\/construcaocivil.siriusmarketingedesign.com.br\/wp-content\/uploads\/2021\/09\/UNIVERSIDADE.png","width":310,"height":163}},"spectra_blocks_author_info":{"display_name":"Jornal da Constru\u00e7\u00e3o Civil","avatar_url":"https:\/\/secure.gravatar.com\/avatar\/973c9774fd44ddaceb026973c4962faa70fc512bc4c9da68e8ebb40fecee6540?s=96&d=mm&r=g","author_link":"https:\/\/construcaocivil.siriusmarketingedesign.com.br\/?author=1","description":"Desde de 2013, levando muitas informa\u00e7\u00f5es, lan\u00e7amentos e produtos de qualidade para toda cadeia produtiva da constru\u00e7\u00e3o. O Futuro da constru\u00e7\u00e3o passa por aqui,"},"uagb_featured_image_src":{"full":["https:\/\/construcaocivil.siriusmarketingedesign.com.br\/wp-content\/uploads\/2021\/09\/UNIVERSIDADE.png",310,163,false],"thumbnail":["https:\/\/construcaocivil.siriusmarketingedesign.com.br\/wp-content\/uploads\/2021\/09\/UNIVERSIDADE-150x150.png",150,150,true],"medium":["https:\/\/construcaocivil.siriusmarketingedesign.com.br\/wp-content\/uploads\/2021\/09\/UNIVERSIDADE-300x158.png",300,158,true],"medium_large":["https:\/\/construcaocivil.siriusmarketingedesign.com.br\/wp-content\/uploads\/2021\/09\/UNIVERSIDADE.png",310,163,false],"large":["https:\/\/construcaocivil.siriusmarketingedesign.com.br\/wp-content\/uploads\/2021\/09\/UNIVERSIDADE.png",310,163,false],"1536x1536":["https:\/\/construcaocivil.siriusmarketingedesign.com.br\/wp-content\/uploads\/2021\/09\/UNIVERSIDADE.png",310,163,false],"2048x2048":["https:\/\/construcaocivil.siriusmarketingedesign.com.br\/wp-content\/uploads\/2021\/09\/UNIVERSIDADE.png",310,163,false]},"uagb_author_info":{"display_name":"Jornal da Constru\u00e7\u00e3o Civil","author_link":"https:\/\/construcaocivil.siriusmarketingedesign.com.br\/?author=1"},"uagb_comment_info":0,"uagb_excerpt":"A Universidade SindusCon-SP realizar\u00e1 o primeiro curso de sua grade:\u00a0Capacita\u00e7\u00e3o Profissional em Curso B\u00e1sico de Pr\u00e1ticas de Conten\u00e7\u00f5es e Funda\u00e7\u00f5es em Obras Imobili\u00e1rias. O treinamento, que ser\u00e1 realizado virtualmente nos dias 5, 7 e 14 de outubro, tem o objetivo de propiciar uma breve atualiza\u00e7\u00e3o do tema. Voltado para gerentes e engenheiros de obra; arquitetos&hellip;","_links":{"self":[{"href":"https:\/\/construcaocivil.siriusmarketingedesign.com.br\/index.php?rest_route=\/wp\/v2\/posts\/17513","targetHints":{"allow":["GET"]}}],"collection":[{"href":"https:\/\/construcaocivil.siriusmarketingedesign.com.br\/index.php?rest_route=\/wp\/v2\/posts"}],"about":[{"href":"https:\/\/construcaocivil.siriusmarketingedesign.com.br\/index.php?rest_route=\/wp\/v2\/types\/post"}],"author":[{"embeddable":true,"href":"https:\/\/construcaocivil.siriusmarketingedesign.com.br\/index.php?rest_route=\/wp\/v2\/users\/1"}],"replies":[{"embeddable":true,"href":"https:\/\/construcaocivil.siriusmarketingedesign.com.br\/index.php?rest_route=%2Fwp%2Fv2%2Fcomments&post=17513"}],"version-history":[{"count":0,"href":"https:\/\/construcaocivil.siriusmarketingedesign.com.br\/index.php?rest_route=\/wp\/v2\/posts\/17513\/revisions"}],"wp:featuredmedia":[{"embeddable":true,"href":"https:\/\/construcaocivil.siriusmarketingedesign.com.br\/index.php?rest_route=\/wp\/v2\/media\/17514"}],"wp:attachment":[{"href":"https:\/\/construcaocivil.siriusmarketingedesign.com.br\/index.php?rest_route=%2Fwp%2Fv2%2Fmedia&parent=17513"}],"wp:term":[{"taxonomy":"category","embeddable":true,"href":"https:\/\/construcaocivil.siriusmarketingedesign.com.br\/index.php?rest_route=%2Fwp%2Fv2%2Fcategories&post=17513"},{"taxonomy":"post_tag","embeddable":true,"href":"https:\/\/construcaocivil.siriusmarketingedesign.com.br\/index.php?rest_route=%2Fwp%2Fv2%2Ftags&post=17513"}],"curies":[{"name":"wp","href":"https:\/\/api.w.org\/{rel}","templated":true}]}}