{"id":17526,"date":"2021-09-21T14:38:21","date_gmt":"2021-09-21T17:38:21","guid":{"rendered":"https:\/\/www.jornaldaconstrucaocivil.com.br\/?p=17526"},"modified":"2023-03-24T11:20:56","modified_gmt":"2023-03-24T14:20:56","slug":"lula-defende-uniao-da-sociedade-para-reconstruir-o-pais","status":"publish","type":"post","link":"https:\/\/construcaocivil.siriusmarketingedesign.com.br\/?p=17526","title":{"rendered":"Lula defende uni\u00e3o da sociedade para reconstruir o pa\u00eds"},"content":{"rendered":"<section>\n<p style=\"text-align: justify;\"><span style=\"color: #ff0000;\">Setembro<\/span>, 2021 &#8211; Diante do quadro de absoluta<span style=\"color: #0000ff;\">\u00a0<a style=\"color: #0000ff;\" href=\"https:\/\/pt.org.br\/pibinho-de-bolsonaro-e-guedes-sera-outro-desastre-em-2022-preve-mercado\/\" target=\"_blank\" rel=\"noopener\">destrui\u00e7\u00e3o do Estado brasileiro<\/a><\/span>, a sa\u00edda para o pa\u00eds voltar a ter uma economia din\u00e2mica \u2013 e corrigir distor\u00e7\u00f5es que geram o desemprego \u2013 passa por um projeto de reconstru\u00e7\u00e3o nacional, a partir do envolvimento direto de todos os setores da sociedade civil. A avalia\u00e7\u00e3o foi feita presidente Lula, em entrevista\u00a0\u00e0\u00a0<em>R\u00e1dio RNE<\/em>, da Espanha, na quinta-feira (16). \u201c\u00c9 preciso praticamente reconstruir o pa\u00eds. E para isso precisamos conversar muito, temos que convencer os trabalhadores, empres\u00e1rios, pequenos e grandes produtores rurais, de que juntos podemos construir um Brasil melhor\u201d, declarou Lula, na entrevista.<\/p>\n<p style=\"text-align: justify;\">\u201cO\u00a0<span style=\"color: #0000ff;\">povo voltou a um passado sombrio<\/span>\u00a0que hav\u00edamos superado\u201d, argumentou o ex-presidente. \u201cPrecisamos reconquistar o direito do povo ao emprego, alimenta\u00e7\u00e3o, educa\u00e7\u00e3o e felicidade. E, para isso, \u00e9 preciso provocar a autoestima do nosso povo. D\u00ea esperan\u00e7a ao povo, fa\u00e7a-o acreditar, que vamos superar os problemas\u201d.<\/p>\n<p style=\"text-align: justify;\">Para o ex-presidente, \u00e9 preciso atrair investimentos, que ser\u00e3o fundamentais para alavancar a economia. Mas, para isso, o pa\u00eds precisa inspirar confian\u00e7a.\u00a0\u201cTemos um problema muito s\u00e9rio porque o Brasil tinha um peso industrial de 30% do PIB, agora \u00e9 de apenas 11%\u201da, adverte o l\u00edder petista.<\/p>\n<p style=\"text-align: justify;\">\u201cEnt\u00e3o, precisamos come\u00e7ar a recuperar a capacidade de investimento p\u00fablico, a investir em infraestrutura, a convencer o setor privado empresarial a investir, a conquistar a credibilidade que nos permite reter investimentos diretos do exterior\u201d, analisa.<\/p>\n<p style=\"text-align: justify;\">Para Lula, uma combina\u00e7\u00e3o de pol\u00edticas de fomento e est\u00edmulo econ\u00f4mico, coordenadas pelo Estado brasileiro, poder\u00e1 atacar o principal\u00a0<span style=\"color: #0000ff;\"><a style=\"color: #0000ff;\" href=\"https:\/\/pt.org.br\/por-culpa-de-bolsonaro-e-guedes-estagflacao-ameaca-o-brasil\/\" target=\"_blank\" rel=\"noopener\">legado do neoliberalismo destrutivo de Jair Bolsonaro e Paulo Guedes<\/a>:<\/span> a mis\u00e9ria. \u201cTemos milh\u00f5es de brasileiros passando fome, quando n\u00f3s t\u00ednhamos acabado com a fome no Brasil. A ONU reconheceu que sa\u00edmos do Mapa da Fome. E agora voltou. Existem muitas pessoas famintas, desempregadas, na economia informal\u201d, apontou Lula.<\/p>\n<h3 style=\"text-align: justify;\"><b>Combate \u00e0 fome deve ser prioridade<\/b><\/h3>\n<p style=\"text-align: justify;\">De acordo com Lula, a fome \u00e9 uma chaga inaceit\u00e1vel, n\u00e3o apenas no Brasil, mas no mundo. \u201cEstive com o Papa Francisco no ano passado para convenc\u00ea-lo da necessidade de realizar uma campanha contra as desigualdades sociais no mundo. N\u00e3o \u00e9 poss\u00edvel que o mundo seja capaz de produzir mais alimentos do que a humanidade necessita e, ao mesmo tempo, ter quase 900 milh\u00f5es de pessoas que v\u00e3o dormir todas as noites sem ter com o que se alimentar\u201d, ponderou.<\/p>\n<p style=\"text-align: justify;\">\u201cDa\u00ed a minha vontade de viajar por todo o Brasil, de falar com o povo, de falar com os governantes de toda a Europa, de falar com os chineses, com os americanos, para que saibam que o Brasil mais uma vez ter\u00e1 um s\u00e9rio governo, que o<span style=\"color: #0000ff;\">\u00a0<a style=\"color: #0000ff;\" href=\"https:\/\/pt.org.br\/e-papel-de-um-presidente-manter-acesa-a-confianca-no-presente-e-no-futuro\/\" target=\"_blank\" rel=\"noopener\">Brasil voltar\u00e1 a um governo civilizado que ama a democracia<\/a>,<\/span> que pratica a democracia, que \u00e9 a melhor forma de recuperar a cidadania dos trabalhadores do nosso pa\u00eds\u201d, declarou.<\/p>\n<h3 style=\"text-align: justify;\"><b>Legados<\/b>\u00a0<b>do<\/b>\u00a0<b>PT<\/b><\/h3>\n<p style=\"text-align: justify;\">Lula est\u00e1 convencido de que, apesar de ser uma miss\u00e3o dif\u00edcil, \u00e9 <span style=\"color: #0000ff;\">p<a style=\"color: #0000ff;\" href=\"https:\/\/pt.org.br\/viagem-de-lula-e-pt-ao-nordeste-reacende-esperanca-em-um-futuro-melhor\/\" target=\"_blank\" rel=\"noopener\">oss\u00edvel resgatar o pa\u00eds da atual condi\u00e7\u00e3o de p\u00e1ria mundial<\/a>,<\/span> condenado por Bolsonaro, e al\u00e7\u00e1-lo novamente a um papel de protagonista regional e internacional. \u201cQuando eu era presidente, o Brasil viveu o melhor per\u00edodo de inclus\u00e3o social de sua hist\u00f3ria, o melhor momento de crescimento para os mais pobres\u201d, lembrou o petista.<\/p>\n<p style=\"text-align: justify;\">\u201cEnquanto os Estados Unidos e a Europa, ap\u00f3s a crise do Lehman Brothers, desempregaram milh\u00f5es, n\u00f3s criamos empregos, milh\u00f5es de empregos formais. Portanto, durante a crise do Lehman Brothers, os mais pobres fizeram mais progresso aqui do que os ricos\u201d.<\/p>\n<p style=\"text-align: justify;\">Os legados dos governos do PT s\u00e3o, para o ex-presidente, suficientes para demonstrar que partido sabe governar. Ele lembrou, inclusive, que quando era presidente, o pa\u00eds ocupava a sexta economia do mundo. Hoje \u00e9 a 12\u00aa.<\/p>\n<p style=\"text-align: justify;\">\u201cEssa boa experi\u00eancia dos governos do PT precisa voltar, governar o Brasil para que de uma vez por todas ele possa se recuperar e ficar ao lado dos pa\u00edses mais avan\u00e7ados do mundo, porque o Brasil tem muito potencial industrial, cient\u00edfico e tecnol\u00f3gico. Tamb\u00e9m possui uma natureza exuberante\u201d, aposta Lula.<\/p>\n<h3 style=\"text-align: justify;\"><b>Elei\u00e7\u00f5es 2022<\/b><\/h3>\n<p style=\"text-align: justify;\">Sobre as elei\u00e7\u00f5es de 2022, Lula garantiu que, quando chegar o momento, o PT vai apresentar sua candidatura ao pleito presidencial. \u201cEu ainda n\u00e3o decidi. Quando fevereiro chegar, decidirei se devo ou n\u00e3o ser candidato. E, se o povo brasileiro concordar, estou disposto a sercandidato e vencer as elei\u00e7\u00f5es\u201d.<\/p>\n<p style=\"text-align: justify;\">Respondendo a uma pergunta do apresentador \u00cd\u00f1igo Alfonso sobre se nutria algum sentimento de vingan\u00e7a por sua pris\u00e3o injusta e se, por isso, seria candidato para se vingar, Lula foi taxativo. \u201cAcredito que ser presidente de uma Rep\u00fablica do tamanho do Brasil, com a popula\u00e7\u00e3o que o Brasil tem e com o potencial de desenvolvimento e crescimento que o Brasil tem, n\u00e3o pode ser uma decis\u00e3o pessoal\u201d, disse Lula.<\/p>\n<p style=\"text-align: justify;\">\u201cMinha \u2018vingan\u00e7a\u2019 ser\u00e1 provar que o povo brasileiro pode viver muito melhor, que pode trabalhar e que seus direitos fundamentais podem ser respeitados. Essa \u00e9 minha vingan\u00e7a. O Brasil n\u00e3o nasceu para ser pequeno. \u00c9 um territ\u00f3rio enorme, tem incr\u00edveis fronteiras terrestres e mar\u00edtimas, de mais de 8 mil quil\u00f4metros. O Brasil possui muitas riquezas minerais. Tem florestas, selvas e temos que resgatar tudo isso que a natureza nos deu\u201d, concluiu o Lula.<\/p>\n<p class=\"italico\" style=\"text-align: justify;\">FONTE: PT<\/p>\n<div class=\"blocos\" style=\"text-align: justify;\"><\/div>\n<\/section>\n<div class=\"lateral\" style=\"text-align: justify;\"><\/div>\n","protected":false},"excerpt":{"rendered":"<p>Setembro, 2021 &#8211; Diante do quadro de absoluta\u00a0destrui\u00e7\u00e3o do Estado brasileiro, a sa\u00edda para o pa\u00eds voltar a ter uma economia din\u00e2mica \u2013 e corrigir distor\u00e7\u00f5es que geram o desemprego \u2013 passa por um projeto de reconstru\u00e7\u00e3o nacional, a partir do envolvimento direto de todos os setores da sociedade civil. A avalia\u00e7\u00e3o foi feita presidente [&hellip;]<\/p>\n","protected":false},"author":1,"featured_media":17527,"comment_status":"open","ping_status":"open","sticky":false,"template":"","format":"standard","meta":{"_uag_custom_page_level_css":"","footnotes":""},"categories":[27],"tags":[22182,21371,22180,20578,6358,22181,21473,19910],"class_list":["post-17526","post","type-post","status-publish","format-standard","has-post-thumbnail","hentry","category-acontece","tag-600-mil-mortos-pela-covid-19","tag-crise-energetica","tag-economia-destruida-no-brasil","tag-eleicoes-2022","tag-investimentos-no-setor-de-infraestrutura","tag-lula-e-geracao-de-empregos","tag-lula-lidera-pesquisas-2022","tag-lula-livre"],"blocksy_meta":[],"spectra_blocks_featured_image_url":{"thumbnail":{"url":"https:\/\/construcaocivil.siriusmarketingedesign.com.br\/wp-content\/uploads\/2021\/09\/LULA-II-150x150.jpeg","width":150,"height":150},"medium":{"url":"https:\/\/construcaocivil.siriusmarketingedesign.com.br\/wp-content\/uploads\/2021\/09\/LULA-II-300x169.jpeg","width":300,"height":169},"medium_large":{"url":"https:\/\/construcaocivil.siriusmarketingedesign.com.br\/wp-content\/uploads\/2021\/09\/LULA-II.jpeg","width":753,"height":424},"large":{"url":"https:\/\/construcaocivil.siriusmarketingedesign.com.br\/wp-content\/uploads\/2021\/09\/LULA-II.jpeg","width":753,"height":424},"full":{"url":"https:\/\/construcaocivil.siriusmarketingedesign.com.br\/wp-content\/uploads\/2021\/09\/LULA-II.jpeg","width":753,"height":424}},"spectra_blocks_author_info":{"display_name":"Jornal da Constru\u00e7\u00e3o Civil","avatar_url":"https:\/\/secure.gravatar.com\/avatar\/973c9774fd44ddaceb026973c4962faa70fc512bc4c9da68e8ebb40fecee6540?s=96&d=mm&r=g","author_link":"https:\/\/construcaocivil.siriusmarketingedesign.com.br\/?author=1","description":"Desde de 2013, levando muitas informa\u00e7\u00f5es, lan\u00e7amentos e produtos de qualidade para toda cadeia produtiva da constru\u00e7\u00e3o. O Futuro da constru\u00e7\u00e3o passa por aqui,"},"uagb_featured_image_src":{"full":["https:\/\/construcaocivil.siriusmarketingedesign.com.br\/wp-content\/uploads\/2021\/09\/LULA-II.jpeg",753,424,false],"thumbnail":["https:\/\/construcaocivil.siriusmarketingedesign.com.br\/wp-content\/uploads\/2021\/09\/LULA-II-150x150.jpeg",150,150,true],"medium":["https:\/\/construcaocivil.siriusmarketingedesign.com.br\/wp-content\/uploads\/2021\/09\/LULA-II-300x169.jpeg",300,169,true],"medium_large":["https:\/\/construcaocivil.siriusmarketingedesign.com.br\/wp-content\/uploads\/2021\/09\/LULA-II.jpeg",753,424,false],"large":["https:\/\/construcaocivil.siriusmarketingedesign.com.br\/wp-content\/uploads\/2021\/09\/LULA-II.jpeg",753,424,false],"1536x1536":["https:\/\/construcaocivil.siriusmarketingedesign.com.br\/wp-content\/uploads\/2021\/09\/LULA-II.jpeg",753,424,false],"2048x2048":["https:\/\/construcaocivil.siriusmarketingedesign.com.br\/wp-content\/uploads\/2021\/09\/LULA-II.jpeg",753,424,false]},"uagb_author_info":{"display_name":"Jornal da Constru\u00e7\u00e3o Civil","author_link":"https:\/\/construcaocivil.siriusmarketingedesign.com.br\/?author=1"},"uagb_comment_info":0,"uagb_excerpt":"Setembro, 2021 &#8211; Diante do quadro de absoluta\u00a0destrui\u00e7\u00e3o do Estado brasileiro, a sa\u00edda para o pa\u00eds voltar a ter uma economia din\u00e2mica \u2013 e corrigir distor\u00e7\u00f5es que geram o desemprego \u2013 passa por um projeto de reconstru\u00e7\u00e3o nacional, a partir do envolvimento direto de todos os setores da sociedade civil. A avalia\u00e7\u00e3o foi feita presidente&hellip;","_links":{"self":[{"href":"https:\/\/construcaocivil.siriusmarketingedesign.com.br\/index.php?rest_route=\/wp\/v2\/posts\/17526","targetHints":{"allow":["GET"]}}],"collection":[{"href":"https:\/\/construcaocivil.siriusmarketingedesign.com.br\/index.php?rest_route=\/wp\/v2\/posts"}],"about":[{"href":"https:\/\/construcaocivil.siriusmarketingedesign.com.br\/index.php?rest_route=\/wp\/v2\/types\/post"}],"author":[{"embeddable":true,"href":"https:\/\/construcaocivil.siriusmarketingedesign.com.br\/index.php?rest_route=\/wp\/v2\/users\/1"}],"replies":[{"embeddable":true,"href":"https:\/\/construcaocivil.siriusmarketingedesign.com.br\/index.php?rest_route=%2Fwp%2Fv2%2Fcomments&post=17526"}],"version-history":[{"count":0,"href":"https:\/\/construcaocivil.siriusmarketingedesign.com.br\/index.php?rest_route=\/wp\/v2\/posts\/17526\/revisions"}],"wp:featuredmedia":[{"embeddable":true,"href":"https:\/\/construcaocivil.siriusmarketingedesign.com.br\/index.php?rest_route=\/wp\/v2\/media\/17527"}],"wp:attachment":[{"href":"https:\/\/construcaocivil.siriusmarketingedesign.com.br\/index.php?rest_route=%2Fwp%2Fv2%2Fmedia&parent=17526"}],"wp:term":[{"taxonomy":"category","embeddable":true,"href":"https:\/\/construcaocivil.siriusmarketingedesign.com.br\/index.php?rest_route=%2Fwp%2Fv2%2Fcategories&post=17526"},{"taxonomy":"post_tag","embeddable":true,"href":"https:\/\/construcaocivil.siriusmarketingedesign.com.br\/index.php?rest_route=%2Fwp%2Fv2%2Ftags&post=17526"}],"curies":[{"name":"wp","href":"https:\/\/api.w.org\/{rel}","templated":true}]}}