{"id":17556,"date":"2021-09-23T01:34:37","date_gmt":"2021-09-23T04:34:37","guid":{"rendered":"https:\/\/www.jornaldaconstrucaocivil.com.br\/?p=17556"},"modified":"2021-09-23T01:34:37","modified_gmt":"2021-09-23T04:34:37","slug":"9a-edicao-do-programa-cau-rj-de-patrocinio-cultural-recebe-inscricoes","status":"publish","type":"post","link":"https:\/\/construcaocivil.siriusmarketingedesign.com.br\/?p=17556","title":{"rendered":"9\u00aa Edi\u00e7\u00e3o do Programa CAU\/RJ de Patroc\u00ednio Cultural recebe inscri\u00e7\u00f5es"},"content":{"rendered":"<div>\n<p class=\"v1x_x_x_x_MsoNormal\"><span style=\"color: #ff0000;\">Setembro<\/span>, 2021 &#8211; A nona edi\u00e7\u00e3o do Programa de Patroc\u00ednio Cultural est\u00e1 com inscri\u00e7\u00f5es abertas at\u00e9 15 de outubro. O edital faz uma homenagem ao arquiteto e urbanista \u00cdtalo Campofiorito, falecido em 2020, com destacada atua\u00e7\u00e3o no campo do patrim\u00f4nio cultural. O edital busca selecionar projetos relevantes para o reconhecimento, fortalecimento, desenvolvimento, aprimoramento e a valoriza\u00e7\u00e3o do exerc\u00edcio da Arquitetura e Urbanismo no Estado do Rio de Janeiro.<\/p>\n<p class=\"v1x_x_x_x_MsoNormal\">O CAU\/RJ destinar\u00e1 o total de R$ 150 mil para o Programa. As cotas de patroc\u00ednio poder\u00e3o ser de at\u00e9 R$ 20 mil, desde que n\u00e3o sejam superiores a 50% do or\u00e7amento global da a\u00e7\u00e3o ou evento, conforme o plano de trabalho ou projeto apresentado.<\/p>\n<p class=\"v1x_x_x_x_MsoNormal\">Este ano, o Programa contemplar\u00e1 tanto atividades realizadas de forma remota, quanto atividades presenciais, que observem as medidas protocolares de preven\u00e7\u00e3o \u00e0 Covid-19. Podem participar do Programa de Patroc\u00ednio Cultural, pessoas jur\u00eddicas p\u00fablicas ou privadas sem fins lucrativos, constitu\u00eddas no Brasil h\u00e1 pelo menos 3 anos, com sede no territ\u00f3rio nacional.<\/p>\n<p class=\"v1x_x_x_x_MsoNormal\">O edital e seus anexos est\u00e3o dispon\u00edveis no site do CAU\/RJ (www.caurj.gov.br\/patrocinio-cultural-2021). O CAU tamb\u00e9m disponibilizou uma cartilha com as principais orienta\u00e7\u00f5es e d\u00favidas para os interessados. A previs\u00e3o \u00e9 que o resultado final dos projetos aprovados seja divulgado no dia 30 de novembro.<\/p>\n<p>Fonte: CAU-RJ<\/p>\n<\/div>\n","protected":false},"excerpt":{"rendered":"<p>Setembro, 2021 &#8211; A nona edi\u00e7\u00e3o do Programa de Patroc\u00ednio Cultural est\u00e1 com inscri\u00e7\u00f5es abertas at\u00e9 15 de outubro. O edital faz uma homenagem ao arquiteto e urbanista \u00cdtalo Campofiorito, falecido em 2020, com destacada atua\u00e7\u00e3o no campo do patrim\u00f4nio cultural. O edital busca selecionar projetos relevantes para o reconhecimento, fortalecimento, desenvolvimento, aprimoramento e a [&hellip;]<\/p>\n","protected":false},"author":1,"featured_media":17557,"comment_status":"open","ping_status":"open","sticky":false,"template":"","format":"standard","meta":{"_uag_custom_page_level_css":"","footnotes":""},"categories":[27],"tags":[22199,909,2016,22202,22201,22200],"class_list":["post-17556","post","type-post","status-publish","format-standard","has-post-thumbnail","hentry","category-acontece","tag-9a-edicao-do-programa-cau-rj","tag-arquitetos-e-urbanistas","tag-cau-rj","tag-incentivos-financeiros-e-culturais","tag-patrimonio-cultural","tag-patrocinio-cultural"],"blocksy_meta":[],"spectra_blocks_featured_image_url":{"thumbnail":{"url":"https:\/\/construcaocivil.siriusmarketingedesign.com.br\/wp-content\/uploads\/2021\/09\/patrocinio-150x150.png","width":150,"height":150},"medium":{"url":"https:\/\/construcaocivil.siriusmarketingedesign.com.br\/wp-content\/uploads\/2021\/09\/patrocinio-300x295.png","width":300,"height":295},"medium_large":{"url":"https:\/\/construcaocivil.siriusmarketingedesign.com.br\/wp-content\/uploads\/2021\/09\/patrocinio.png","width":628,"height":617},"large":{"url":"https:\/\/construcaocivil.siriusmarketingedesign.com.br\/wp-content\/uploads\/2021\/09\/patrocinio.png","width":628,"height":617},"full":{"url":"https:\/\/construcaocivil.siriusmarketingedesign.com.br\/wp-content\/uploads\/2021\/09\/patrocinio.png","width":628,"height":617}},"spectra_blocks_author_info":{"display_name":"Jornal da Constru\u00e7\u00e3o Civil","avatar_url":"https:\/\/secure.gravatar.com\/avatar\/973c9774fd44ddaceb026973c4962faa70fc512bc4c9da68e8ebb40fecee6540?s=96&d=mm&r=g","author_link":"https:\/\/construcaocivil.siriusmarketingedesign.com.br\/?author=1","description":"Desde de 2013, levando muitas informa\u00e7\u00f5es, lan\u00e7amentos e produtos de qualidade para toda cadeia produtiva da constru\u00e7\u00e3o. O Futuro da constru\u00e7\u00e3o passa por aqui,"},"uagb_featured_image_src":{"full":["https:\/\/construcaocivil.siriusmarketingedesign.com.br\/wp-content\/uploads\/2021\/09\/patrocinio.png",628,617,false],"thumbnail":["https:\/\/construcaocivil.siriusmarketingedesign.com.br\/wp-content\/uploads\/2021\/09\/patrocinio-150x150.png",150,150,true],"medium":["https:\/\/construcaocivil.siriusmarketingedesign.com.br\/wp-content\/uploads\/2021\/09\/patrocinio-300x295.png",300,295,true],"medium_large":["https:\/\/construcaocivil.siriusmarketingedesign.com.br\/wp-content\/uploads\/2021\/09\/patrocinio.png",628,617,false],"large":["https:\/\/construcaocivil.siriusmarketingedesign.com.br\/wp-content\/uploads\/2021\/09\/patrocinio.png",628,617,false],"1536x1536":["https:\/\/construcaocivil.siriusmarketingedesign.com.br\/wp-content\/uploads\/2021\/09\/patrocinio.png",628,617,false],"2048x2048":["https:\/\/construcaocivil.siriusmarketingedesign.com.br\/wp-content\/uploads\/2021\/09\/patrocinio.png",628,617,false]},"uagb_author_info":{"display_name":"Jornal da Constru\u00e7\u00e3o Civil","author_link":"https:\/\/construcaocivil.siriusmarketingedesign.com.br\/?author=1"},"uagb_comment_info":0,"uagb_excerpt":"Setembro, 2021 &#8211; A nona edi\u00e7\u00e3o do Programa de Patroc\u00ednio Cultural est\u00e1 com inscri\u00e7\u00f5es abertas at\u00e9 15 de outubro. O edital faz uma homenagem ao arquiteto e urbanista \u00cdtalo Campofiorito, falecido em 2020, com destacada atua\u00e7\u00e3o no campo do patrim\u00f4nio cultural. O edital busca selecionar projetos relevantes para o reconhecimento, fortalecimento, desenvolvimento, aprimoramento e a&hellip;","_links":{"self":[{"href":"https:\/\/construcaocivil.siriusmarketingedesign.com.br\/index.php?rest_route=\/wp\/v2\/posts\/17556","targetHints":{"allow":["GET"]}}],"collection":[{"href":"https:\/\/construcaocivil.siriusmarketingedesign.com.br\/index.php?rest_route=\/wp\/v2\/posts"}],"about":[{"href":"https:\/\/construcaocivil.siriusmarketingedesign.com.br\/index.php?rest_route=\/wp\/v2\/types\/post"}],"author":[{"embeddable":true,"href":"https:\/\/construcaocivil.siriusmarketingedesign.com.br\/index.php?rest_route=\/wp\/v2\/users\/1"}],"replies":[{"embeddable":true,"href":"https:\/\/construcaocivil.siriusmarketingedesign.com.br\/index.php?rest_route=%2Fwp%2Fv2%2Fcomments&post=17556"}],"version-history":[{"count":0,"href":"https:\/\/construcaocivil.siriusmarketingedesign.com.br\/index.php?rest_route=\/wp\/v2\/posts\/17556\/revisions"}],"wp:featuredmedia":[{"embeddable":true,"href":"https:\/\/construcaocivil.siriusmarketingedesign.com.br\/index.php?rest_route=\/wp\/v2\/media\/17557"}],"wp:attachment":[{"href":"https:\/\/construcaocivil.siriusmarketingedesign.com.br\/index.php?rest_route=%2Fwp%2Fv2%2Fmedia&parent=17556"}],"wp:term":[{"taxonomy":"category","embeddable":true,"href":"https:\/\/construcaocivil.siriusmarketingedesign.com.br\/index.php?rest_route=%2Fwp%2Fv2%2Fcategories&post=17556"},{"taxonomy":"post_tag","embeddable":true,"href":"https:\/\/construcaocivil.siriusmarketingedesign.com.br\/index.php?rest_route=%2Fwp%2Fv2%2Ftags&post=17556"}],"curies":[{"name":"wp","href":"https:\/\/api.w.org\/{rel}","templated":true}]}}