{"id":17638,"date":"2021-10-03T16:11:53","date_gmt":"2021-10-03T19:11:53","guid":{"rendered":"https:\/\/www.jornaldaconstrucaocivil.com.br\/?p=17638"},"modified":"2021-10-03T16:11:53","modified_gmt":"2021-10-03T19:11:53","slug":"escravidao-digital-prejudica-sites-e-blogs-associacoes-de-imprensa-das-americas-se-unem-para-pressionar-plataformas-digitais-a-pagarem-por-conteudo","status":"publish","type":"post","link":"https:\/\/construcaocivil.siriusmarketingedesign.com.br\/?p=17638","title":{"rendered":"Escravid\u00e3o digital prejudica sites e blogs: Associa\u00e7\u00f5es de imprensa das Am\u00e9ricas se unem para pressionar plataformas digitais a pagarem por conte\u00fado"},"content":{"rendered":"<p class=\"\"><em>Por Silvia Higuera<\/em><\/p>\n<p class=\"\">Uma campanha liderada por 18 associa\u00e7\u00f5es de meios de comunica\u00e7\u00e3o de todo o continente americano come\u00e7ou no dia 21 de setembro com o objetivo de defender o pagamento por conte\u00fado jornal\u00edstico pelas plataformas digitais.<\/p>\n<p class=\"\">Por meio da declara\u00e7\u00e3o \u201c<span style=\"color: #0000ff;\"><a style=\"color: #0000ff;\" href=\"https:\/\/media.sipiapa.org\/adjuntos\/187\/documentos\/001\/841\/0001841429.pdf\" target=\"_blank\" rel=\"noopener\">Convoca\u00e7\u00e3o dos meios de comunica\u00e7\u00e3o das Am\u00e9ricas para a defesa dos valores do jornalismo profissional no ecossistema digital<\/a><\/span>\u201c, as organiza\u00e7\u00f5es signat\u00e1rias, que representam pelo menos 40 mil meios de comunica\u00e7\u00e3o, fazem um apelo veemente \u00e0s \u201corganiza\u00e7\u00f5es supranacionais e os pa\u00edses da regi\u00e3o para colocar na agenda e priorizar o valor dos conte\u00fados jornal\u00edsticos nas plataformas digitais, a fim de garantir as condi\u00e7\u00f5es para remunera\u00e7\u00f5es justas e razo\u00e1veis por parte das plataformas\u201d.<\/p>\n<p class=\"\">O comunicado destaca que embora os meios jornal\u00edsticos tenham mais audi\u00eancia do que nunca, as receitas que financiavam o jornalismo profissional s\u00e3o absorvidas por intermedi\u00e1rios que concentram mais de 80% da publicidade digital do mundo. E que com essa situa\u00e7\u00e3o, a sustentabilidade do jornalismo corre perigo.<\/p>\n<h5 class=\"\"><strong>O valor do conte\u00fado \u00e9 universal<\/strong><\/h5>\n<p class=\"\">Para Jorge Canahuati, presidente da Sociedade Interamericana de Imprensa (SIP) \u2013 uma das organiza\u00e7\u00f5es signat\u00e1rias que liderou a iniciativa e que representa cerca de 1,3 mil publica\u00e7\u00f5es do Hemisf\u00e9rio Ocidental \u2013 a quest\u00e3o do valor do conte\u00fado \u00e9 antiga, mas tamb\u00e9m universal e se aplica a todas os meios, independentemente da origem ou tamanho.<\/p>\n<p class=\"\">Por essa raz\u00e3o, disse ele \u00e0\u00a0LatAm Journalism Review, as organiza\u00e7\u00f5es foram for\u00e7adas a \u201cexpressar nossos princ\u00edpios diante da vulnerabilidade dos meios de comunica\u00e7\u00e3o no contexto digital, para que vejam como o valor informativo que geram \u00e9 capitalizado por outros atores\u201d.<\/p>\n<p class=\"\">As remunera\u00e7\u00f5es \u201cjustas e razo\u00e1veis\u201d, indicadas no comunicado, s\u00f3 v\u00e3o ser alcan\u00e7adas por meio de um acordo entre as duas partes, disse Canahuati.<\/p>\n<div id=\"eaa_after_nth_p_1\" class=\"eaa-wrapper eaa_after_nth_p_1 eaa_desktop\">\n<div class=\"eaa-ad  \">\n<div class=\"aligncenter\">\n<div id=\"banner-728x90-area\" data-google-query-id=\"COLc5bDwrvMCFb80uQYd19MNOQ\">\n<div id=\"google_ads_iframe_\/8804\/parceiros\/media_talks_0__container__\">\n<h5><strong>Algoritmos<\/strong><\/h5>\n<p class=\"\">Para as organiza\u00e7\u00f5es signat\u00e1rias, a quest\u00e3o dos algoritmos \u00e9 vital, pois eles condicionam a distribui\u00e7\u00e3o do conte\u00fado e, portanto, sua chegada \u00e0 sociedade.<\/p>\n<p class=\"\"><em>\u201cEm \u00faltima an\u00e1lise, queremos que esta declara\u00e7\u00e3o seja um est\u00edmulo para criar um amplo di\u00e1logo p\u00fablico entre as plataformas, os meios, e a sociedade em geral\u201d,<\/em>\u00a0disse Canahuati.<\/p>\n<p class=\"\">A declara\u00e7\u00e3o faz men\u00e7\u00e3o a diversas iniciativas aprovadas ou em estudo em algumas partes do mundo.<\/p>\n<p class=\"\">Uma delas \u00e9 o C\u00f3digo de Negocia\u00e7\u00e3o de M\u00eddia e Plataformas Digitais aprovado na Austr\u00e1lia em 25 de fevereiro, que estabelece \u201cmecanismos de arbitragem obrigat\u00f3ria\u201d para garantir que as plataformas remunerem os meios de imprensa.<\/p>\n<p class=\"\">Al\u00e9m disso, cita a Lei de Mercados Digitais que est\u00e1 em discuss\u00e3o na Uni\u00e3o Europeia, bem como a autoriza\u00e7\u00e3o que a News Media Alliance vem gerenciando no \u00e2mbito do Congresso dos Estados Unidos para poder negociar diretamente com as plataformas.<\/p>\n<p class=\"\"><em>\u201cEsperamos que as plataformas acelerem seus programas de apoio aos meios e tamb\u00e9m os tornem mais inclusivos, para que beneficiem n\u00e3o s\u00f3, e de forma limitada, as maiores publica\u00e7\u00f5es, mas tamb\u00e9m aquelas que cobrem pequenas comunidades que precisam se manter incorporadas \u00e0 vida democr\u00e1tica\u201d,<\/em>\u00a0disse Canahuati.<\/p>\n<h5 class=\"\"><strong>Desertos de not\u00edcias<\/strong><\/h5>\n<p class=\"\">Os \u201cdesertos de not\u00edcias\u201d, que tamb\u00e9m aumentaram devido ao fechamento de meios de comunica\u00e7\u00e3o locais devido \u00e0 crise econ\u00f4mica, s\u00e3o mencionados no comunicado. Por isso, segundo Canahuati, est\u00e1 sendo pedindo um tratamento \u201cmais igualit\u00e1rio\u201d entre os meios e as plataformas.<\/p>\n<p class=\"\">\u201cEsta \u00e9 uma quest\u00e3o essencial para a democracia, que como todos podemos entender, jamais poderia existir sem um jornalismo profissional que torne p\u00fablicos os problemas que diferentes setores da sociedade querem manter ocultos\u201d.<\/p>\n<p class=\"\">Tanto o comunicado quanto Canahuati reconhecem algumas tentativas das plataformas de valorizar o trabalho jornal\u00edstico, bem como o impacto que podem ter na distribui\u00e7\u00e3o de jornalismo de qualidade.<\/p>\n<p class=\"\"><em>\u201cReconhecemos que o Google e o Facebook lan\u00e7aram programas de licenciamento de conte\u00fado para produtos espec\u00edficos em alguns pa\u00edses, assim como outras iniciativas de ajuda financeira para meios em todo o continente\u201d.<\/em><\/p>\n<p class=\"\"><em>\u201cS\u00e3o passos na dire\u00e7\u00e3o certa, mas ainda precisam ser estendidos a mais pa\u00edses da regi\u00e3o e a mais meios dentro de cada pa\u00eds. E os valores ainda est\u00e3o longe de serem proporcionais aos benef\u00edcios obtidos pelas plataformas\u201d<\/em><\/p>\n<p>Fonte: MiediaTalks<\/p>\n<\/div>\n<\/div>\n<\/div>\n<\/div>\n<\/div>\n","protected":false},"excerpt":{"rendered":"<p>Por Silvia Higuera Uma campanha liderada por 18 associa\u00e7\u00f5es de meios de comunica\u00e7\u00e3o de todo o continente americano come\u00e7ou no dia 21 de setembro com o objetivo de defender o pagamento por conte\u00fado jornal\u00edstico pelas plataformas digitais. Por meio da declara\u00e7\u00e3o \u201cConvoca\u00e7\u00e3o dos meios de comunica\u00e7\u00e3o das Am\u00e9ricas para a defesa dos valores do jornalismo [&hellip;]<\/p>\n","protected":false},"author":1,"featured_media":17639,"comment_status":"open","ping_status":"open","sticky":false,"template":"","format":"standard","meta":{"_uag_custom_page_level_css":"","footnotes":""},"categories":[33],"tags":[22269,22263,22267,22268,22265,4814,5522,22264,22262,22266,22270],"class_list":["post-17638","post","type-post","status-publish","format-standard","has-post-thumbnail","hentry","category-mercado","tag-bigtechs-escravidao-digital","tag-bigtechs-prejudicam-sites-e-blogs","tag-brasil-pressiona-bigtechs","tag-escravidao-digital","tag-eua-pressiona-bigtechs","tag-facebook","tag-google","tag-joranlistas-sem-dinheiro","tag-leis-de-lgpd","tag-plataformas-digitais-sob-fogo-nos-eua","tag-twitter"],"blocksy_meta":[],"spectra_blocks_featured_image_url":{"thumbnail":{"url":"https:\/\/construcaocivil.siriusmarketingedesign.com.br\/wp-content\/uploads\/2021\/10\/BIG-TECH-150x150.jpg","width":150,"height":150},"medium":{"url":"https:\/\/construcaocivil.siriusmarketingedesign.com.br\/wp-content\/uploads\/2021\/10\/BIG-TECH-300x212.jpg","width":300,"height":212},"medium_large":{"url":"https:\/\/construcaocivil.siriusmarketingedesign.com.br\/wp-content\/uploads\/2021\/10\/BIG-TECH.jpg","width":640,"height":452},"large":{"url":"https:\/\/construcaocivil.siriusmarketingedesign.com.br\/wp-content\/uploads\/2021\/10\/BIG-TECH.jpg","width":640,"height":452},"full":{"url":"https:\/\/construcaocivil.siriusmarketingedesign.com.br\/wp-content\/uploads\/2021\/10\/BIG-TECH.jpg","width":640,"height":452}},"spectra_blocks_author_info":{"display_name":"Jornal da Constru\u00e7\u00e3o Civil","avatar_url":"https:\/\/secure.gravatar.com\/avatar\/973c9774fd44ddaceb026973c4962faa70fc512bc4c9da68e8ebb40fecee6540?s=96&d=mm&r=g","author_link":"https:\/\/construcaocivil.siriusmarketingedesign.com.br\/?author=1","description":"Desde de 2013, levando muitas informa\u00e7\u00f5es, lan\u00e7amentos e produtos de qualidade para toda cadeia produtiva da constru\u00e7\u00e3o. O Futuro da constru\u00e7\u00e3o passa por aqui,"},"uagb_featured_image_src":{"full":["https:\/\/construcaocivil.siriusmarketingedesign.com.br\/wp-content\/uploads\/2021\/10\/BIG-TECH.jpg",640,452,false],"thumbnail":["https:\/\/construcaocivil.siriusmarketingedesign.com.br\/wp-content\/uploads\/2021\/10\/BIG-TECH-150x150.jpg",150,150,true],"medium":["https:\/\/construcaocivil.siriusmarketingedesign.com.br\/wp-content\/uploads\/2021\/10\/BIG-TECH-300x212.jpg",300,212,true],"medium_large":["https:\/\/construcaocivil.siriusmarketingedesign.com.br\/wp-content\/uploads\/2021\/10\/BIG-TECH.jpg",640,452,false],"large":["https:\/\/construcaocivil.siriusmarketingedesign.com.br\/wp-content\/uploads\/2021\/10\/BIG-TECH.jpg",640,452,false],"1536x1536":["https:\/\/construcaocivil.siriusmarketingedesign.com.br\/wp-content\/uploads\/2021\/10\/BIG-TECH.jpg",640,452,false],"2048x2048":["https:\/\/construcaocivil.siriusmarketingedesign.com.br\/wp-content\/uploads\/2021\/10\/BIG-TECH.jpg",640,452,false]},"uagb_author_info":{"display_name":"Jornal da Constru\u00e7\u00e3o Civil","author_link":"https:\/\/construcaocivil.siriusmarketingedesign.com.br\/?author=1"},"uagb_comment_info":0,"uagb_excerpt":"Por Silvia Higuera Uma campanha liderada por 18 associa\u00e7\u00f5es de meios de comunica\u00e7\u00e3o de todo o continente americano come\u00e7ou no dia 21 de setembro com o objetivo de defender o pagamento por conte\u00fado jornal\u00edstico pelas plataformas digitais. Por meio da declara\u00e7\u00e3o \u201cConvoca\u00e7\u00e3o dos meios de comunica\u00e7\u00e3o das Am\u00e9ricas para a defesa dos valores do jornalismo&hellip;","_links":{"self":[{"href":"https:\/\/construcaocivil.siriusmarketingedesign.com.br\/index.php?rest_route=\/wp\/v2\/posts\/17638","targetHints":{"allow":["GET"]}}],"collection":[{"href":"https:\/\/construcaocivil.siriusmarketingedesign.com.br\/index.php?rest_route=\/wp\/v2\/posts"}],"about":[{"href":"https:\/\/construcaocivil.siriusmarketingedesign.com.br\/index.php?rest_route=\/wp\/v2\/types\/post"}],"author":[{"embeddable":true,"href":"https:\/\/construcaocivil.siriusmarketingedesign.com.br\/index.php?rest_route=\/wp\/v2\/users\/1"}],"replies":[{"embeddable":true,"href":"https:\/\/construcaocivil.siriusmarketingedesign.com.br\/index.php?rest_route=%2Fwp%2Fv2%2Fcomments&post=17638"}],"version-history":[{"count":0,"href":"https:\/\/construcaocivil.siriusmarketingedesign.com.br\/index.php?rest_route=\/wp\/v2\/posts\/17638\/revisions"}],"wp:featuredmedia":[{"embeddable":true,"href":"https:\/\/construcaocivil.siriusmarketingedesign.com.br\/index.php?rest_route=\/wp\/v2\/media\/17639"}],"wp:attachment":[{"href":"https:\/\/construcaocivil.siriusmarketingedesign.com.br\/index.php?rest_route=%2Fwp%2Fv2%2Fmedia&parent=17638"}],"wp:term":[{"taxonomy":"category","embeddable":true,"href":"https:\/\/construcaocivil.siriusmarketingedesign.com.br\/index.php?rest_route=%2Fwp%2Fv2%2Fcategories&post=17638"},{"taxonomy":"post_tag","embeddable":true,"href":"https:\/\/construcaocivil.siriusmarketingedesign.com.br\/index.php?rest_route=%2Fwp%2Fv2%2Ftags&post=17638"}],"curies":[{"name":"wp","href":"https:\/\/api.w.org\/{rel}","templated":true}]}}