{"id":17642,"date":"2021-10-04T01:12:07","date_gmt":"2021-10-04T04:12:07","guid":{"rendered":"https:\/\/www.jornaldaconstrucaocivil.com.br\/?p=17642"},"modified":"2021-10-04T01:12:07","modified_gmt":"2021-10-04T04:12:07","slug":"mercado-de-trabalho-ocupacao-tecnica-gera-mais-retorno-a-trabalhador-formal","status":"publish","type":"post","link":"https:\/\/construcaocivil.siriusmarketingedesign.com.br\/?p=17642","title":{"rendered":"Mercado de Trabalho: Ocupa\u00e7\u00e3o t\u00e9cnica gera mais retorno a trabalhador formal"},"content":{"rendered":"<p style=\"text-align: justify;\"><span style=\"color: #ff0000;\">Outubro<\/span>, 2021 &#8211; Um pr\u00eamio salarial entre 21,3% e 24,9% para os trabalhadores em ocupa\u00e7\u00e3o t\u00e9cnica no Brasil foi evidenciado em 2007, enquanto para a gera\u00e7\u00e3o jovem \u2013 18 anos e com ensino m\u00e9dio completo, perfil exigido para uma ocupa\u00e7\u00e3o t\u00e9cnica, o retorno ficou entre 5,8% e 7,8%, diferentemente de 2014, quando os dados <em>cross-section<\/em>\u00a0revelaram a inexist\u00eancia desse pr\u00eamio salarial para a gera\u00e7\u00e3o jovem. O estudo \u2018Retorno da Educa\u00e7\u00e3o T\u00e9cnica no Brasil: Um Estudo em Painel e Cross-section entre 2007 e 2018\u2019 que mostra esses resultados foi apresentado nesta quarta-feira (29\/9), durante webinar realizado pelo Instituto de Pesquisa Econ\u00f4mica Aplicada (Ipea).<\/p>\n<p style=\"text-align: justify;\">Para estimar o retorno da educa\u00e7\u00e3o t\u00e9cnica no Brasil entre 2007 e 2018, considerando as vari\u00e1veis escolaridade, idade, tamanho da firma, setor econ\u00f4mico e tempo no emprego, os pesquisadores lan\u00e7aram m\u00e3o do registro administrativo do mercado de trabalho formal, a Rela\u00e7\u00e3o Anual de Informa\u00e7\u00f5es Sociais (RAIS), e constru\u00edram um painel com todos os trabalhadores formais de 2007, seguindo-os at\u00e9 2018. A identifica\u00e7\u00e3o dos trabalhadores foi feita com base na Classifica\u00e7\u00e3o Brasileira de Ocupa\u00e7\u00f5es (CBO), do Minist\u00e9rio do Trabalho e Previd\u00eancia. O estudo utilizou tamb\u00e9m duas vers\u00f5es da Pesquisa Nacional por Amostra de Domic\u00edlios (PNAD) do Instituto Brasileiro de Geografia e Estat\u00edstica (IBGE) sobre educa\u00e7\u00e3o t\u00e9cnica, em 2007 e 2014.<\/p>\n<p style=\"text-align: justify;\">A an\u00e1lise foi elaborada por pesquisadores da Companhia de Planejamento do Distrito Federal (Codeplan-DF) que se debru\u00e7aram sobre uma quest\u00e3o central: os trabalhadores em ocupa\u00e7\u00f5es t\u00e9cnicas ou com educa\u00e7\u00e3o t\u00e9cnica recebem melhor remunera\u00e7\u00e3o do que os demais? O chefe de gabinete da estatal, Thiago Mendes Rosa, respondeu afirmativamente ao apresentar o estudo junto com o t\u00e9cnico da Ger\u00eancia de Pesquisas Socioecon\u00f4micas da Codeplan-DF, Luiz Rubens C\u00e2mara de Ara\u00fajo. O pesquisador do Ipea Bruno de Oliveira Cruz, foi diretor da Codeplan-DF \u00e0 \u00e9poca da realiza\u00e7\u00e3o do estudo, tamb\u00e9m \u00e9 coautor da an\u00e1lise que esteve em pauta no webinar.<\/p>\n<p style=\"text-align: justify;\">\u201cOs resultados revelam que as gera\u00e7\u00f5es jovens s\u00e3o mais afetadas de formas distintas ao longo do tempo e, no geral, foram consistentes ap\u00f3s mudar algumas t\u00e9cnicas como\u00a0<em>matching<\/em>\u00a0e retorno aleat\u00f3rio\u201d, disse Rosa, que \u00e9 doutor em economia pela Universidade de Bras\u00edlia (UnB). Segundo ele, levando em conta os benef\u00edcios encontrados, a educa\u00e7\u00e3o t\u00e9cnica torna-se custo-efetiva caso demande at\u00e9 R$ 8.595,10 por m\u00eas, a uma taxa de desconto de 6% ao ano.<\/p>\n<p style=\"text-align: justify;\">O pesquisador do Ipea Carlos Henrique Corseuil atuou como debatedor apresentando suas observa\u00e7\u00f5es em duas partes: uma sobre o que pode ser feito al\u00e9m do trabalho apresentado e outra abordando o estudo realizado pelos palestrantes convidados. \u201cO trabalho tem um valor imenso e muito potencial, e a RAIS n\u00e3o tem as restri\u00e7\u00f5es que a pesquisa domiciliar apresenta, abrindo uma avenida de possibilidades\u201d, disse, ao destacar que a an\u00e1lise de custo-benef\u00edcio foi fundamental e uma grande contribui\u00e7\u00e3o ao debate<\/p>\n<p>Fonte: IPEA<\/p>\n","protected":false},"excerpt":{"rendered":"<p>Outubro, 2021 &#8211; Um pr\u00eamio salarial entre 21,3% e 24,9% para os trabalhadores em ocupa\u00e7\u00e3o t\u00e9cnica no Brasil foi evidenciado em 2007, enquanto para a gera\u00e7\u00e3o jovem \u2013 18 anos e com ensino m\u00e9dio completo, perfil exigido para uma ocupa\u00e7\u00e3o t\u00e9cnica, o retorno ficou entre 5,8% e 7,8%, diferentemente de 2014, quando os dados cross-section\u00a0revelaram [&hellip;]<\/p>\n","protected":false},"author":1,"featured_media":17643,"comment_status":"open","ping_status":"open","sticky":false,"template":"","format":"standard","meta":{"_uag_custom_page_level_css":"","footnotes":""},"categories":[27],"tags":[2826,22272,6388,22271,9846,10891],"class_list":["post-17642","post","type-post","status-publish","format-standard","has-post-thumbnail","hentry","category-acontece","tag-construcao-civil","tag-empregos-formais","tag-ipea","tag-mercado-de-trabalho-cursos-tecnicos","tag-qualificacao-profissional","tag-senai-rj"],"blocksy_meta":[],"spectra_blocks_featured_image_url":{"thumbnail":{"url":"https:\/\/construcaocivil.siriusmarketingedesign.com.br\/wp-content\/uploads\/2021\/10\/SENAI-RJ-WhatsApp-Image-2021-10-01-at-12.43.11-150x150.jpeg","width":150,"height":150},"medium":{"url":"https:\/\/construcaocivil.siriusmarketingedesign.com.br\/wp-content\/uploads\/2021\/10\/SENAI-RJ-WhatsApp-Image-2021-10-01-at-12.43.11-300x200.jpeg","width":300,"height":200},"medium_large":{"url":"https:\/\/construcaocivil.siriusmarketingedesign.com.br\/wp-content\/uploads\/2021\/10\/SENAI-RJ-WhatsApp-Image-2021-10-01-at-12.43.11-768x511.jpeg","width":768,"height":511},"large":{"url":"https:\/\/construcaocivil.siriusmarketingedesign.com.br\/wp-content\/uploads\/2021\/10\/SENAI-RJ-WhatsApp-Image-2021-10-01-at-12.43.11-1024x682.jpeg","width":1024,"height":682},"full":{"url":"https:\/\/construcaocivil.siriusmarketingedesign.com.br\/wp-content\/uploads\/2021\/10\/SENAI-RJ-WhatsApp-Image-2021-10-01-at-12.43.11.jpeg","width":1280,"height":852}},"spectra_blocks_author_info":{"display_name":"Jornal da Constru\u00e7\u00e3o Civil","avatar_url":"https:\/\/secure.gravatar.com\/avatar\/973c9774fd44ddaceb026973c4962faa70fc512bc4c9da68e8ebb40fecee6540?s=96&d=mm&r=g","author_link":"https:\/\/construcaocivil.siriusmarketingedesign.com.br\/?author=1","description":"Desde de 2013, levando muitas informa\u00e7\u00f5es, lan\u00e7amentos e produtos de qualidade para toda cadeia produtiva da constru\u00e7\u00e3o. O Futuro da constru\u00e7\u00e3o passa por aqui,"},"uagb_featured_image_src":{"full":["https:\/\/construcaocivil.siriusmarketingedesign.com.br\/wp-content\/uploads\/2021\/10\/SENAI-RJ-WhatsApp-Image-2021-10-01-at-12.43.11.jpeg",1280,852,false],"thumbnail":["https:\/\/construcaocivil.siriusmarketingedesign.com.br\/wp-content\/uploads\/2021\/10\/SENAI-RJ-WhatsApp-Image-2021-10-01-at-12.43.11-150x150.jpeg",150,150,true],"medium":["https:\/\/construcaocivil.siriusmarketingedesign.com.br\/wp-content\/uploads\/2021\/10\/SENAI-RJ-WhatsApp-Image-2021-10-01-at-12.43.11-300x200.jpeg",300,200,true],"medium_large":["https:\/\/construcaocivil.siriusmarketingedesign.com.br\/wp-content\/uploads\/2021\/10\/SENAI-RJ-WhatsApp-Image-2021-10-01-at-12.43.11-768x511.jpeg",768,511,true],"large":["https:\/\/construcaocivil.siriusmarketingedesign.com.br\/wp-content\/uploads\/2021\/10\/SENAI-RJ-WhatsApp-Image-2021-10-01-at-12.43.11-1024x682.jpeg",1024,682,true],"1536x1536":["https:\/\/construcaocivil.siriusmarketingedesign.com.br\/wp-content\/uploads\/2021\/10\/SENAI-RJ-WhatsApp-Image-2021-10-01-at-12.43.11.jpeg",1280,852,false],"2048x2048":["https:\/\/construcaocivil.siriusmarketingedesign.com.br\/wp-content\/uploads\/2021\/10\/SENAI-RJ-WhatsApp-Image-2021-10-01-at-12.43.11.jpeg",1280,852,false]},"uagb_author_info":{"display_name":"Jornal da Constru\u00e7\u00e3o Civil","author_link":"https:\/\/construcaocivil.siriusmarketingedesign.com.br\/?author=1"},"uagb_comment_info":0,"uagb_excerpt":"Outubro, 2021 &#8211; Um pr\u00eamio salarial entre 21,3% e 24,9% para os trabalhadores em ocupa\u00e7\u00e3o t\u00e9cnica no Brasil foi evidenciado em 2007, enquanto para a gera\u00e7\u00e3o jovem \u2013 18 anos e com ensino m\u00e9dio completo, perfil exigido para uma ocupa\u00e7\u00e3o t\u00e9cnica, o retorno ficou entre 5,8% e 7,8%, diferentemente de 2014, quando os dados cross-section\u00a0revelaram&hellip;","_links":{"self":[{"href":"https:\/\/construcaocivil.siriusmarketingedesign.com.br\/index.php?rest_route=\/wp\/v2\/posts\/17642","targetHints":{"allow":["GET"]}}],"collection":[{"href":"https:\/\/construcaocivil.siriusmarketingedesign.com.br\/index.php?rest_route=\/wp\/v2\/posts"}],"about":[{"href":"https:\/\/construcaocivil.siriusmarketingedesign.com.br\/index.php?rest_route=\/wp\/v2\/types\/post"}],"author":[{"embeddable":true,"href":"https:\/\/construcaocivil.siriusmarketingedesign.com.br\/index.php?rest_route=\/wp\/v2\/users\/1"}],"replies":[{"embeddable":true,"href":"https:\/\/construcaocivil.siriusmarketingedesign.com.br\/index.php?rest_route=%2Fwp%2Fv2%2Fcomments&post=17642"}],"version-history":[{"count":0,"href":"https:\/\/construcaocivil.siriusmarketingedesign.com.br\/index.php?rest_route=\/wp\/v2\/posts\/17642\/revisions"}],"wp:featuredmedia":[{"embeddable":true,"href":"https:\/\/construcaocivil.siriusmarketingedesign.com.br\/index.php?rest_route=\/wp\/v2\/media\/17643"}],"wp:attachment":[{"href":"https:\/\/construcaocivil.siriusmarketingedesign.com.br\/index.php?rest_route=%2Fwp%2Fv2%2Fmedia&parent=17642"}],"wp:term":[{"taxonomy":"category","embeddable":true,"href":"https:\/\/construcaocivil.siriusmarketingedesign.com.br\/index.php?rest_route=%2Fwp%2Fv2%2Fcategories&post=17642"},{"taxonomy":"post_tag","embeddable":true,"href":"https:\/\/construcaocivil.siriusmarketingedesign.com.br\/index.php?rest_route=%2Fwp%2Fv2%2Ftags&post=17642"}],"curies":[{"name":"wp","href":"https:\/\/api.w.org\/{rel}","templated":true}]}}