{"id":17645,"date":"2021-10-04T19:54:52","date_gmt":"2021-10-04T22:54:52","guid":{"rendered":"https:\/\/www.jornaldaconstrucaocivil.com.br\/?p=17645"},"modified":"2021-10-04T19:54:52","modified_gmt":"2021-10-04T22:54:52","slug":"ex-funcionaria-que-expos-relatorios-do-facebook-mostra-o-rosto-em-entrevista-a-cbs-nos-eua","status":"publish","type":"post","link":"https:\/\/construcaocivil.siriusmarketingedesign.com.br\/?p=17645","title":{"rendered":"Ex-funcion\u00e1ria que exp\u00f4s relat\u00f3rios do Facebook mostra o rosto em entrevista \u00e0 CBS nos EUA"},"content":{"rendered":"<p>Por Marco Britto<\/p>\n<p class=\"\" style=\"text-align: justify;\"><span style=\"color: #ff0000;\">Outubro<\/span>, 2021 &#8211; Ap\u00f3s algumas semanas de um crise de imagem de propor\u00e7\u00e3o mundial, o Facebook viu na TV, assim como a audi\u00eancia do canal americano CBS neste fim de semana, o rosto da ex-funcion\u00e1ria que revelou documentos internos da rede social no que hoje \u00e9 chamado de caso dos \u201cFacebook Papers\u201d, em reportagens publicadas pelo Wall Street Journal.<\/p>\n<p class=\"\" style=\"text-align: justify;\">Frances Haugen, 37, que trabalhou como gerente de produto na equipe de integridade c\u00edvica do Facebook, foi entrevistada neste domingo (3\/10) no programa 60 Minutes, e acusou a empresa de, entre outras malfeitorias, ter culpa pela mobiliza\u00e7\u00e3o que culminou na invas\u00e3o ao Capit\u00f3lio em janeiro, que deixou cinco mortos.<\/p>\n<p class=\"\" style=\"text-align: justify;\">Rumores sobre entrevista da ex-gerente de produto da rede social j\u00e1 corriam pela empresa na sexta-feira (1\/10), quando o vice-presidente de assuntos internacionais, Nick Clegg, fez circular um memorando aos funcion\u00e1rios, publicado pelo jornal The New York Times, \u201cpreparando-os\u201d para eventualmente responder perguntas de \u201camigos e familiares\u201d que surgiriam ap\u00f3s a apari\u00e7\u00e3o de Haugen na TV.<\/p>\n<h5 style=\"text-align: justify;\">Ex-funcion\u00e1ria afirma que Facebook priorizou lucros em detrimento da seguran\u00e7a<\/h5>\n<p class=\"\" style=\"text-align: justify;\">A ex-gerente afirmou que resolveu revelar o que hoje s\u00e3o os \u201cFacebook Papers\u201d pois os documentos provam que o Facebook prioriza repetidamente o crescimento da empresa em detrimento da seguran\u00e7a de seus usu\u00e1rios.<\/p>\n<p class=\"\" style=\"text-align: justify;\">Na entrevista para a CBS, Haugen disse que deixou o Facebook no in\u00edcio do ano ap\u00f3s \u201cficar irritada com a empresa\u201d. Antes de partir, ela copiou memorandos e documentos internos.<\/p>\n<p class=\"\" style=\"text-align: justify;\">\u201cO Facebook repetidamente escolheu otimizar [a plataforma] para seus pr\u00f3prios interesses, como ganhar mais dinheiro\u201d, afirmou a ex-funcion\u00e1ria.<\/p>\n<p class=\"\" style=\"text-align: justify;\">Haugen tamb\u00e9m falou sobre a invas\u00e3o de radicais de extrema-direita ao Congresso americano, alegando que o Facebook ajudou a alimentar a viol\u00eancia.<\/p>\n<p class=\"\" style=\"text-align: justify;\">Na avalia\u00e7\u00e3o da ex-gerente de produto, o Facebook desativou de maneira irrespons\u00e1vel os sistemas de seguran\u00e7a na rede social usados para reduzir a desinforma\u00e7\u00e3o durante as elei\u00e7\u00f5es nos Estados Unidos (EUA).<\/p>\n<p class=\"\" style=\"text-align: justify;\">\u201cAssim que a elei\u00e7\u00e3o acabou, eles os cessaram ou mudaram as configura\u00e7\u00f5es para o que eram antes, para priorizar o crescimento sobre a seguran\u00e7a, e isso realmente parece uma trai\u00e7\u00e3o \u00e0 democracia.\u201d<\/p>\n<div class=\"block-header-wrap\" style=\"text-align: justify;\">\n<div class=\"block-header-inner\">Fonte: MediaTalks<\/div>\n<\/div>\n<div id=\"eaa_after_nth_p_1\" class=\"eaa-wrapper eaa_after_nth_p_1 eaa_desktop\">\n<div class=\"eaa-ad  \">\n<div class=\"aligncenter\">\n<div id=\"banner-728x90-area\" data-google-query-id=\"CN-A4JPmsfMCFXEFuQYdlWwPWQ\">\n<div id=\"google_ads_iframe_\/8804\/parceiros\/media_talks_0__container__\" style=\"text-align: justify;\"><\/div>\n<\/div>\n<\/div>\n<\/div>\n<\/div>\n","protected":false},"excerpt":{"rendered":"<p>Por Marco Britto Outubro, 2021 &#8211; Ap\u00f3s algumas semanas de um crise de imagem de propor\u00e7\u00e3o mundial, o Facebook viu na TV, assim como a audi\u00eancia do canal americano CBS neste fim de semana, o rosto da ex-funcion\u00e1ria que revelou documentos internos da rede social no que hoje \u00e9 chamado de caso dos \u201cFacebook Papers\u201d, [&hellip;]<\/p>\n","protected":false},"author":1,"featured_media":17646,"comment_status":"open","ping_status":"open","sticky":false,"template":"","format":"standard","meta":{"_uag_custom_page_level_css":"","footnotes":""},"categories":[27],"tags":[22274,22275,4814,22273,4841,22276,22277,22278],"class_list":["post-17645","post","type-post","status-publish","format-standard","has-post-thumbnail","hentry","category-acontece","tag-6-de-dados-vendidos-na-darkweb","tag-bigtechs-sob-fogo","tag-facebook","tag-facebook-1","tag-falhas-tecnicas","tag-instagram-e-whatsapp","tag-prejuizos-para-empresas","tag-sites-e-blogs-falidos"],"blocksy_meta":[],"spectra_blocks_featured_image_url":{"thumbnail":{"url":"https:\/\/construcaocivil.siriusmarketingedesign.com.br\/wp-content\/uploads\/2021\/10\/FACEBOOK-facebook-papers-60-minutes-150x150.jpg","width":150,"height":150},"medium":{"url":"https:\/\/construcaocivil.siriusmarketingedesign.com.br\/wp-content\/uploads\/2021\/10\/FACEBOOK-facebook-papers-60-minutes-300x169.jpg","width":300,"height":169},"medium_large":{"url":"https:\/\/construcaocivil.siriusmarketingedesign.com.br\/wp-content\/uploads\/2021\/10\/FACEBOOK-facebook-papers-60-minutes-768x432.jpg","width":768,"height":432},"large":{"url":"https:\/\/construcaocivil.siriusmarketingedesign.com.br\/wp-content\/uploads\/2021\/10\/FACEBOOK-facebook-papers-60-minutes.jpg","width":800,"height":450},"full":{"url":"https:\/\/construcaocivil.siriusmarketingedesign.com.br\/wp-content\/uploads\/2021\/10\/FACEBOOK-facebook-papers-60-minutes.jpg","width":800,"height":450}},"spectra_blocks_author_info":{"display_name":"Jornal da Constru\u00e7\u00e3o Civil","avatar_url":"https:\/\/secure.gravatar.com\/avatar\/973c9774fd44ddaceb026973c4962faa70fc512bc4c9da68e8ebb40fecee6540?s=96&d=mm&r=g","author_link":"https:\/\/construcaocivil.siriusmarketingedesign.com.br\/?author=1","description":"Desde de 2013, levando muitas informa\u00e7\u00f5es, lan\u00e7amentos e produtos de qualidade para toda cadeia produtiva da constru\u00e7\u00e3o. O Futuro da constru\u00e7\u00e3o passa por aqui,"},"uagb_featured_image_src":{"full":["https:\/\/construcaocivil.siriusmarketingedesign.com.br\/wp-content\/uploads\/2021\/10\/FACEBOOK-facebook-papers-60-minutes.jpg",800,450,false],"thumbnail":["https:\/\/construcaocivil.siriusmarketingedesign.com.br\/wp-content\/uploads\/2021\/10\/FACEBOOK-facebook-papers-60-minutes-150x150.jpg",150,150,true],"medium":["https:\/\/construcaocivil.siriusmarketingedesign.com.br\/wp-content\/uploads\/2021\/10\/FACEBOOK-facebook-papers-60-minutes-300x169.jpg",300,169,true],"medium_large":["https:\/\/construcaocivil.siriusmarketingedesign.com.br\/wp-content\/uploads\/2021\/10\/FACEBOOK-facebook-papers-60-minutes-768x432.jpg",768,432,true],"large":["https:\/\/construcaocivil.siriusmarketingedesign.com.br\/wp-content\/uploads\/2021\/10\/FACEBOOK-facebook-papers-60-minutes.jpg",800,450,false],"1536x1536":["https:\/\/construcaocivil.siriusmarketingedesign.com.br\/wp-content\/uploads\/2021\/10\/FACEBOOK-facebook-papers-60-minutes.jpg",800,450,false],"2048x2048":["https:\/\/construcaocivil.siriusmarketingedesign.com.br\/wp-content\/uploads\/2021\/10\/FACEBOOK-facebook-papers-60-minutes.jpg",800,450,false]},"uagb_author_info":{"display_name":"Jornal da Constru\u00e7\u00e3o Civil","author_link":"https:\/\/construcaocivil.siriusmarketingedesign.com.br\/?author=1"},"uagb_comment_info":0,"uagb_excerpt":"Por Marco Britto Outubro, 2021 &#8211; Ap\u00f3s algumas semanas de um crise de imagem de propor\u00e7\u00e3o mundial, o Facebook viu na TV, assim como a audi\u00eancia do canal americano CBS neste fim de semana, o rosto da ex-funcion\u00e1ria que revelou documentos internos da rede social no que hoje \u00e9 chamado de caso dos \u201cFacebook Papers\u201d,&hellip;","_links":{"self":[{"href":"https:\/\/construcaocivil.siriusmarketingedesign.com.br\/index.php?rest_route=\/wp\/v2\/posts\/17645","targetHints":{"allow":["GET"]}}],"collection":[{"href":"https:\/\/construcaocivil.siriusmarketingedesign.com.br\/index.php?rest_route=\/wp\/v2\/posts"}],"about":[{"href":"https:\/\/construcaocivil.siriusmarketingedesign.com.br\/index.php?rest_route=\/wp\/v2\/types\/post"}],"author":[{"embeddable":true,"href":"https:\/\/construcaocivil.siriusmarketingedesign.com.br\/index.php?rest_route=\/wp\/v2\/users\/1"}],"replies":[{"embeddable":true,"href":"https:\/\/construcaocivil.siriusmarketingedesign.com.br\/index.php?rest_route=%2Fwp%2Fv2%2Fcomments&post=17645"}],"version-history":[{"count":0,"href":"https:\/\/construcaocivil.siriusmarketingedesign.com.br\/index.php?rest_route=\/wp\/v2\/posts\/17645\/revisions"}],"wp:featuredmedia":[{"embeddable":true,"href":"https:\/\/construcaocivil.siriusmarketingedesign.com.br\/index.php?rest_route=\/wp\/v2\/media\/17646"}],"wp:attachment":[{"href":"https:\/\/construcaocivil.siriusmarketingedesign.com.br\/index.php?rest_route=%2Fwp%2Fv2%2Fmedia&parent=17645"}],"wp:term":[{"taxonomy":"category","embeddable":true,"href":"https:\/\/construcaocivil.siriusmarketingedesign.com.br\/index.php?rest_route=%2Fwp%2Fv2%2Fcategories&post=17645"},{"taxonomy":"post_tag","embeddable":true,"href":"https:\/\/construcaocivil.siriusmarketingedesign.com.br\/index.php?rest_route=%2Fwp%2Fv2%2Ftags&post=17645"}],"curies":[{"name":"wp","href":"https:\/\/api.w.org\/{rel}","templated":true}]}}