{"id":17675,"date":"2021-10-07T00:59:28","date_gmt":"2021-10-07T03:59:28","guid":{"rendered":"https:\/\/www.jornaldaconstrucaocivil.com.br\/?p=17675"},"modified":"2023-03-24T11:21:05","modified_gmt":"2023-03-24T14:21:05","slug":"efeito-paulo-guedes-alta-da-inflacao-derruba-vendas-do-varejo-em-31","status":"publish","type":"post","link":"https:\/\/construcaocivil.siriusmarketingedesign.com.br\/?p=17675","title":{"rendered":"Efeito Paulo Guedes: Alta da infla\u00e7\u00e3o derruba vendas do varejo em 3,1%"},"content":{"rendered":"<div style=\"text-align: justify;\"><big><span style=\"color: #ff0000;\">Outubro<\/span>, 2021 &#8211; Um dos motivos para a queda \u00e9 a diminui\u00e7\u00e3o das medidas de restri\u00e7\u00f5es do isolamento, que fizeram cair pelo terceiro m\u00eas seguido as compras em hiper e supermercados. Outro destaque do dia \u00e9 a aprova\u00e7\u00e3o no Senado do Novo Marco das Ferrovias. Segundo a GO Associados, o projeto \u00e9 importante para atrair investimentos em infraestrutura para o pa\u00eds.<\/big><\/div>\n<div style=\"text-align: justify;\"><\/div>\n<div style=\"text-align: justify;\"><big>O mercado apostava em alta de 0,7% e a GO Associados fez uma proje\u00e7\u00e3o de alta de 0,9%, mas o que se viu foi uma queda de 3,1% das vendas do varejo no m\u00eas de agosto. Esta \u00e9 maior queda para um m\u00eas de agosto na s\u00e9rie hist\u00f3rica. No ano, o saldo \u00e9 positivo, com as vendas do varejo acumulando alta de 5,1%<\/big><\/div>\n<div style=\"text-align: justify;\"><\/div>\n<div style=\"text-align: justify;\"><big>Tr\u00eas motivos para a forte queda s\u00e3o: a revis\u00e3o do dado de julho, que passou de alta de 1,2% para alta de 2,7%; a infla\u00e7\u00e3o alta, principalmente nos combust\u00edveis e a diminui\u00e7\u00e3o das medidas de restri\u00e7\u00f5es do isolamento, que fizeram cair pelo terceiro m\u00eas seguido as compras em hiper e supermercados, uma vez que as pessoas voltaram a comer em restaurantes.<\/big><\/div>\n<div style=\"text-align: justify;\"><\/div>\n<div style=\"text-align: justify;\"><big>A expectativa \u00e9 que a chegada do Natal melhore as vendas, com o avan\u00e7o do controle da pandemia. Por\u00e9m, a taxa de desemprego alta e a infla\u00e7\u00e3o perto de dois d\u00edgitos s\u00e3o fatores que afetam o consumo em geral.<\/big><\/div>\n<div style=\"text-align: justify;\"><\/div>\n<div style=\"text-align: justify;\"><strong><big>Novo Marco das Ferrovias<\/big><\/strong><\/div>\n<div style=\"text-align: justify;\"><\/div>\n<div style=\"text-align: justify;\"><big>O Senado aprovou o Novo Marco das Ferrovias, de autoria do senador Jos\u00e9 Serra (PSDB-SP). Segundo a GO Associados, o projeto \u00e9 importante para atrair investimentos em infraestrutura para o pa\u00eds. A grande novidade \u00e9 o regime de autoriza\u00e7\u00e3o para a constru\u00e7\u00e3o de ferrovias e de acordo com o Minist\u00e9rio da Infraestrutura, j\u00e1 foram protocolados 14 pedidos de autoriza\u00e7\u00e3o que somam cerca de R$ 80 bilh\u00f5es. O projeto segue para a C\u00e2mara dos Deputados.<\/big><\/div>\n<div style=\"text-align: justify;\"><\/div>\n<div style=\"text-align: justify;\"><strong><big>Pr\u00eamio Nobel<\/big><\/strong><\/div>\n<div style=\"text-align: justify;\"><\/div>\n<div style=\"text-align: justify;\"><big>O pr\u00eamio Nobel de F\u00edsica foi dado para os cientistas Syukuro Manabe, de Princenton, e Klauss Hasselmann, do Instituto Max Planck de Meteorologia. Ambos desenvolveram trabalhos em que suas aplica\u00e7\u00f5es estudam e monitoram as mudan\u00e7as clim\u00e1ticas.<\/big><\/div>\n<div style=\"text-align: justify;\"><\/div>\n<div style=\"text-align: justify;\"><big>Acesse o Minuto de Economia desta quinta-feira (30) e confira a an\u00e1lise completa acerca dos dados divulgados sobre os \u00edndices da economia. Dispon\u00edvel em:\u00a0<span style=\"color: #0000ff;\">https:\/\/goassociados.com.br\/<wbr \/>minuto-de-economia-107\/<\/span><\/big><\/div>\n<div style=\"text-align: justify;\"><\/div>\n","protected":false},"excerpt":{"rendered":"<p>Outubro, 2021 &#8211; Um dos motivos para a queda \u00e9 a diminui\u00e7\u00e3o das medidas de restri\u00e7\u00f5es do isolamento, que fizeram cair pelo terceiro m\u00eas seguido as compras em hiper e supermercados. Outro destaque do dia \u00e9 a aprova\u00e7\u00e3o no Senado do Novo Marco das Ferrovias. Segundo a GO Associados, o projeto \u00e9 importante para atrair [&hellip;]<\/p>\n","protected":false},"author":1,"featured_media":17681,"comment_status":"open","ping_status":"open","sticky":false,"template":"","format":"standard","meta":{"_uag_custom_page_level_css":"","footnotes":""},"categories":[33],"tags":[22298,22299,20338,22297,22300,22296],"class_list":["post-17675","post","type-post","status-publish","format-standard","has-post-thumbnail","hentry","category-mercado","tag-alimentos-sem-carne","tag-bolsonaro-e-paulo-guedes-afundam-o-brasil","tag-feijao-e-leite","tag-inflacao-alta-dispara-10","tag-pobres-pagam-conta-da-crise","tag-pobres-pagam-crise"],"blocksy_meta":[],"spectra_blocks_featured_image_url":{"thumbnail":{"url":"https:\/\/construcaocivil.siriusmarketingedesign.com.br\/wp-content\/uploads\/2021\/10\/REVESTIMENTOS-QUEDA-VENDAS-150x150.jpg","width":150,"height":150},"medium":{"url":"https:\/\/construcaocivil.siriusmarketingedesign.com.br\/wp-content\/uploads\/2021\/10\/REVESTIMENTOS-QUEDA-VENDAS-300x169.jpg","width":300,"height":169},"medium_large":{"url":"https:\/\/construcaocivil.siriusmarketingedesign.com.br\/wp-content\/uploads\/2021\/10\/REVESTIMENTOS-QUEDA-VENDAS-768x432.jpg","width":768,"height":432},"large":{"url":"https:\/\/construcaocivil.siriusmarketingedesign.com.br\/wp-content\/uploads\/2021\/10\/REVESTIMENTOS-QUEDA-VENDAS-1024x576.jpg","width":1024,"height":576},"full":{"url":"https:\/\/construcaocivil.siriusmarketingedesign.com.br\/wp-content\/uploads\/2021\/10\/REVESTIMENTOS-QUEDA-VENDAS-scaled.jpg","width":2560,"height":1440}},"spectra_blocks_author_info":{"display_name":"Jornal da Constru\u00e7\u00e3o Civil","avatar_url":"https:\/\/secure.gravatar.com\/avatar\/973c9774fd44ddaceb026973c4962faa70fc512bc4c9da68e8ebb40fecee6540?s=96&d=mm&r=g","author_link":"https:\/\/construcaocivil.siriusmarketingedesign.com.br\/?author=1","description":"Desde de 2013, levando muitas informa\u00e7\u00f5es, lan\u00e7amentos e produtos de qualidade para toda cadeia produtiva da constru\u00e7\u00e3o. O Futuro da constru\u00e7\u00e3o passa por aqui,"},"uagb_featured_image_src":{"full":["https:\/\/construcaocivil.siriusmarketingedesign.com.br\/wp-content\/uploads\/2021\/10\/REVESTIMENTOS-QUEDA-VENDAS-scaled.jpg",2560,1440,false],"thumbnail":["https:\/\/construcaocivil.siriusmarketingedesign.com.br\/wp-content\/uploads\/2021\/10\/REVESTIMENTOS-QUEDA-VENDAS-150x150.jpg",150,150,true],"medium":["https:\/\/construcaocivil.siriusmarketingedesign.com.br\/wp-content\/uploads\/2021\/10\/REVESTIMENTOS-QUEDA-VENDAS-300x169.jpg",300,169,true],"medium_large":["https:\/\/construcaocivil.siriusmarketingedesign.com.br\/wp-content\/uploads\/2021\/10\/REVESTIMENTOS-QUEDA-VENDAS-768x432.jpg",768,432,true],"large":["https:\/\/construcaocivil.siriusmarketingedesign.com.br\/wp-content\/uploads\/2021\/10\/REVESTIMENTOS-QUEDA-VENDAS-1024x576.jpg",1024,576,true],"1536x1536":["https:\/\/construcaocivil.siriusmarketingedesign.com.br\/wp-content\/uploads\/2021\/10\/REVESTIMENTOS-QUEDA-VENDAS-1536x864.jpg",1536,864,true],"2048x2048":["https:\/\/construcaocivil.siriusmarketingedesign.com.br\/wp-content\/uploads\/2021\/10\/REVESTIMENTOS-QUEDA-VENDAS-2048x1152.jpg",2048,1152,true]},"uagb_author_info":{"display_name":"Jornal da Constru\u00e7\u00e3o Civil","author_link":"https:\/\/construcaocivil.siriusmarketingedesign.com.br\/?author=1"},"uagb_comment_info":0,"uagb_excerpt":"Outubro, 2021 &#8211; Um dos motivos para a queda \u00e9 a diminui\u00e7\u00e3o das medidas de restri\u00e7\u00f5es do isolamento, que fizeram cair pelo terceiro m\u00eas seguido as compras em hiper e supermercados. Outro destaque do dia \u00e9 a aprova\u00e7\u00e3o no Senado do Novo Marco das Ferrovias. Segundo a GO Associados, o projeto \u00e9 importante para atrair&hellip;","_links":{"self":[{"href":"https:\/\/construcaocivil.siriusmarketingedesign.com.br\/index.php?rest_route=\/wp\/v2\/posts\/17675","targetHints":{"allow":["GET"]}}],"collection":[{"href":"https:\/\/construcaocivil.siriusmarketingedesign.com.br\/index.php?rest_route=\/wp\/v2\/posts"}],"about":[{"href":"https:\/\/construcaocivil.siriusmarketingedesign.com.br\/index.php?rest_route=\/wp\/v2\/types\/post"}],"author":[{"embeddable":true,"href":"https:\/\/construcaocivil.siriusmarketingedesign.com.br\/index.php?rest_route=\/wp\/v2\/users\/1"}],"replies":[{"embeddable":true,"href":"https:\/\/construcaocivil.siriusmarketingedesign.com.br\/index.php?rest_route=%2Fwp%2Fv2%2Fcomments&post=17675"}],"version-history":[{"count":0,"href":"https:\/\/construcaocivil.siriusmarketingedesign.com.br\/index.php?rest_route=\/wp\/v2\/posts\/17675\/revisions"}],"wp:featuredmedia":[{"embeddable":true,"href":"https:\/\/construcaocivil.siriusmarketingedesign.com.br\/index.php?rest_route=\/wp\/v2\/media\/17681"}],"wp:attachment":[{"href":"https:\/\/construcaocivil.siriusmarketingedesign.com.br\/index.php?rest_route=%2Fwp%2Fv2%2Fmedia&parent=17675"}],"wp:term":[{"taxonomy":"category","embeddable":true,"href":"https:\/\/construcaocivil.siriusmarketingedesign.com.br\/index.php?rest_route=%2Fwp%2Fv2%2Fcategories&post=17675"},{"taxonomy":"post_tag","embeddable":true,"href":"https:\/\/construcaocivil.siriusmarketingedesign.com.br\/index.php?rest_route=%2Fwp%2Fv2%2Ftags&post=17675"}],"curies":[{"name":"wp","href":"https:\/\/api.w.org\/{rel}","templated":true}]}}