{"id":17700,"date":"2021-10-09T12:16:36","date_gmt":"2021-10-09T15:16:36","guid":{"rendered":"https:\/\/www.jornaldaconstrucaocivil.com.br\/?p=17700"},"modified":"2021-10-09T12:16:36","modified_gmt":"2021-10-09T15:16:36","slug":"muma-celebra-com-selecao-especial-de-designers-do-nordeste","status":"publish","type":"post","link":"https:\/\/construcaocivil.siriusmarketingedesign.com.br\/?p=17700","title":{"rendered":"Muma celebra com sele\u00e7\u00e3o especial de designers do Nordeste"},"content":{"rendered":"<p style=\"text-align: justify;\">S\u00e3o Paulo, <span style=\"color: #ff0000;\">Outubro<\/span> de 2021 &#8211; O Dia do Nordestino \u00e9 comemorado dia 8 de outubro com objetivo de enaltecer e celebrar a cultura, a diversidade folcl\u00f3rica e a identidade de cada estado da regi\u00e3o. Nascida no Recife, a Muma, startup do mercado moveleiro mostra aqui um pequeno recorte do que h\u00e1 de melhor na cria\u00e7\u00e3o e produ\u00e7\u00e3o regional:<\/p>\n<p dir=\"ltr\" style=\"text-align: justify;\"><span id=\"v1docs-internal-guid-d69625c6-7fff-7b7f-6ab4-314a2f40a0f6\"><a href=\"https:\/\/www.muma.com.br\/designers\/carolina-soter\" target=\"_blank\" rel=\"noopener noreferrer\"><span style=\"color: #0000ff;\">#1 Carolina S\u00f3ter<\/span><\/a> \u00e9 Arquiteta e Urbanista formada pela Universidade Federal de Pernambuco. Maranhense de S\u00e3o Lu\u00eds, criada desde a inf\u00e2ncia em Recife, tem paix\u00e3o pela cultura do povo que a acolheu, pela for\u00e7a do trabalho manual da marcenaria e pelas t\u00e9cnicas antigas de ornamenta\u00e7\u00e3o. Cores, grafismos, est\u00e9tica com prop\u00f3sito e pesquisa incessante por novidades s\u00e3o o foco de sua produ\u00e7\u00e3o. Trabalha como arquiteta de interiores e sempre busca a marcenaria autoral como artif\u00edcio de atribuir um olhar afetivo em seus projetos.\u00a0<\/span><\/p>\n<figure id=\"attachment_17701\" aria-describedby=\"caption-attachment-17701\" style=\"width: 300px\" class=\"wp-caption aligncenter\"><img loading=\"lazy\" decoding=\"async\" class=\"size-medium wp-image-17701\" src=\"https:\/\/www.jornaldaconstrucaocivil.com.br\/wp-content\/uploads\/2021\/10\/MUMA-I-300x300.jpg\" alt=\"\" width=\"300\" height=\"300\" srcset=\"https:\/\/construcaocivil.siriusmarketingedesign.com.br\/wp-content\/uploads\/2021\/10\/MUMA-I-300x300.jpg 300w, https:\/\/construcaocivil.siriusmarketingedesign.com.br\/wp-content\/uploads\/2021\/10\/MUMA-I-150x150.jpg 150w, https:\/\/construcaocivil.siriusmarketingedesign.com.br\/wp-content\/uploads\/2021\/10\/MUMA-I-768x768.jpg 768w, https:\/\/construcaocivil.siriusmarketingedesign.com.br\/wp-content\/uploads\/2021\/10\/MUMA-I-100x100.jpg 100w, https:\/\/construcaocivil.siriusmarketingedesign.com.br\/wp-content\/uploads\/2021\/10\/MUMA-I.jpg 900w\" sizes=\"auto, (max-width: 300px) 100vw, 300px\" \/><figcaption id=\"caption-attachment-17701\" class=\"wp-caption-text\">Divulga\u00e7\u00e3o<\/figcaption><\/figure>\n<p dir=\"ltr\" style=\"text-align: justify;\"><span id=\"v1docs-internal-guid-d69625c6-7fff-7b7f-6ab4-314a2f40a0f6\">A linha CS + Muma foi desenvolvida em parceria com a Qina Design com objetivo de disseminar a busca por um m\u00f3vel criativo e com alma, valorizando cada detalhe do trabalho feito \u00e0 m\u00e3o da marchetaria.<\/span><\/p>\n<div>\n<p dir=\"ltr\" style=\"text-align: justify;\"><span id=\"v1docs-internal-guid-01081f22-7fff-9a9c-c9f0-6a0d857f2fb8\"><span style=\"color: #0000ff;\"><a style=\"color: #0000ff;\" href=\"https:\/\/www.muma.com.br\/designers\/nando-de-zezinho\" target=\"_blank\" rel=\"noopener noreferrer\">#2 Nando de Zezinho <\/a><\/span>\u00e9 filho de Mestre Zezinho, um dos mais importantes ceramistas vivos da cidade de Tracunha\u00e9m (PE). Nando tem pe\u00e7as espalhadas pelo mundo todo. Desde pequeno desenvolveu o dom para a arte cer\u00e2mica. Seguindo o estilo do pai, iniciou a vida como artes\u00e3o fazendo imagens sacras, at\u00e9 que no ano 2000, sem muita pretens\u00e3o resolveu fazer uma releitura das pinhas portuguesas, que no per\u00edodo Colonial (s\u00e9culo XIX), eram usadas para demonstrar riqueza e ornamentavam \u00e1reas externas como muros, castelos e escadarias de mans\u00f5es. Com o tempo, as Pinhas foram ganhando espa\u00e7o na decora\u00e7\u00e3o interna e hoje comp\u00f5em lugar de destaque em mesas e salas compartilhando sofistica\u00e7\u00e3o com outras pe\u00e7as de arte.<\/span><\/p>\n<figure id=\"attachment_17702\" aria-describedby=\"caption-attachment-17702\" style=\"width: 300px\" class=\"wp-caption aligncenter\"><img loading=\"lazy\" decoding=\"async\" class=\"size-medium wp-image-17702\" src=\"https:\/\/www.jornaldaconstrucaocivil.com.br\/wp-content\/uploads\/2021\/10\/MUMA-II-300x300.jpg\" alt=\"\" width=\"300\" height=\"300\" srcset=\"https:\/\/construcaocivil.siriusmarketingedesign.com.br\/wp-content\/uploads\/2021\/10\/MUMA-II-300x300.jpg 300w, https:\/\/construcaocivil.siriusmarketingedesign.com.br\/wp-content\/uploads\/2021\/10\/MUMA-II-150x150.jpg 150w, https:\/\/construcaocivil.siriusmarketingedesign.com.br\/wp-content\/uploads\/2021\/10\/MUMA-II-768x768.jpg 768w, https:\/\/construcaocivil.siriusmarketingedesign.com.br\/wp-content\/uploads\/2021\/10\/MUMA-II-100x100.jpg 100w, https:\/\/construcaocivil.siriusmarketingedesign.com.br\/wp-content\/uploads\/2021\/10\/MUMA-II.jpg 900w\" sizes=\"auto, (max-width: 300px) 100vw, 300px\" \/><figcaption id=\"caption-attachment-17702\" class=\"wp-caption-text\">Divulga\u00e7\u00e3o<\/figcaption><\/figure>\n<p dir=\"ltr\" style=\"text-align: justify;\">Sua produ\u00e7\u00e3o \u00e9 em regime semi coletivo, a participa\u00e7\u00e3o da fam\u00edlia no trabalho vai desde o preparo do barro at\u00e9 a modelagem, secagem, queima e pintura das pe\u00e7as.<\/p>\n<p dir=\"ltr\" style=\"text-align: justify;\"><span style=\"color: #0000ff;\"><a style=\"color: #0000ff;\" href=\"https:\/\/www.muma.com.br\/designers\/jair-monteiro-de-souza\" target=\"_blank\" rel=\"noopener noreferrer\">#3 Jair Monteiro de Souza<\/a><\/span>\u00a0 \u00e9 autodidata, nascido e criado em Tracunha\u00e9m (PE). O artes\u00e3o carrega a tradi\u00e7\u00e3o do artesanato em barro, heran\u00e7a de seus av\u00f3s &#8211; por\u00e9m, o aprendizado veio por meio da observa\u00e7\u00e3o. Aos oito anos de idade ele j\u00e1 dava acabamento nas pe\u00e7as que seu pai produzia e desde ent\u00e3o a responsabilidade como oleiro e a criatividade s\u00f3 aumentaram.<\/p>\n<figure id=\"attachment_17703\" aria-describedby=\"caption-attachment-17703\" style=\"width: 300px\" class=\"wp-caption aligncenter\"><img loading=\"lazy\" decoding=\"async\" class=\"size-medium wp-image-17703\" src=\"https:\/\/www.jornaldaconstrucaocivil.com.br\/wp-content\/uploads\/2021\/10\/MUMA-III-300x300.jpg\" alt=\"\" width=\"300\" height=\"300\" srcset=\"https:\/\/construcaocivil.siriusmarketingedesign.com.br\/wp-content\/uploads\/2021\/10\/MUMA-III-300x300.jpg 300w, https:\/\/construcaocivil.siriusmarketingedesign.com.br\/wp-content\/uploads\/2021\/10\/MUMA-III-150x150.jpg 150w, https:\/\/construcaocivil.siriusmarketingedesign.com.br\/wp-content\/uploads\/2021\/10\/MUMA-III-768x768.jpg 768w, https:\/\/construcaocivil.siriusmarketingedesign.com.br\/wp-content\/uploads\/2021\/10\/MUMA-III-100x100.jpg 100w, https:\/\/construcaocivil.siriusmarketingedesign.com.br\/wp-content\/uploads\/2021\/10\/MUMA-III.jpg 900w\" sizes=\"auto, (max-width: 300px) 100vw, 300px\" \/><figcaption id=\"caption-attachment-17703\" class=\"wp-caption-text\">Divulga\u00e7\u00e3o<\/figcaption><\/figure>\n<p dir=\"ltr\" style=\"text-align: justify;\"><span id=\"v1docs-internal-guid-1b0f297f-7fff-7c92-161d-b9eb95e61d5f\">Seu Jair, como \u00e9 conhecido, possui d\u00e9cadas de experi\u00eancia com o artesanato e consolidou-se na \u00e1rea decorativa, fazendo vasos, lumin\u00e1rias, murais com pe\u00e7as de barro e v\u00e1rias outras obras de arte. Suas pe\u00e7as s\u00e3o conhecidas pelo design minimalista, sua qualidade e bom acabamento. S\u00e3o pe\u00e7as sem pintura, onde o fogo do forno \u00e9 o que d\u00e1 um toque \u00fanico para cada uma delas.<\/span><\/p>\n<p dir=\"ltr\" style=\"text-align: justify;\"><span id=\"v1docs-internal-guid-1b0f297f-7fff-7c92-161d-b9eb95e61d5f\"><a href=\"https:\/\/www.muma.com.br\/designers\/studio-massa\" target=\"_blank\" rel=\"noopener noreferrer\"><span style=\"color: #0000ff;\">#4 Renata Brennand<\/span> <\/a>\u00e9 o nome por tr\u00e1s do StudioMassa, um escrit\u00f3rio de design de produtos fundado em 2016. Com forma\u00e7\u00e3o em Design de Interiores e especializa\u00e7\u00f5es em Mobili\u00e1rio na Calif\u00f3rnia, onde iniciou sua carreira, a designer pernambucana traz um olhar ecl\u00e9tico e informal para suas cria\u00e7\u00f5es. O resultado s\u00e3o pe\u00e7as personaliz\u00e1veis, que misturam cores e materiais<\/span><\/p>\n<p dir=\"ltr\">Acesse o site<span style=\"text-decoration: underline; color: #0000ff;\"> <strong><a style=\"color: #0000ff; text-decoration: underline;\" href=\"http:\/\/www.muma.com.br\">www.muma.com.br<\/a><\/strong><\/span><\/p>\n<\/div>\n","protected":false},"excerpt":{"rendered":"<p>S\u00e3o Paulo, Outubro de 2021 &#8211; O Dia do Nordestino \u00e9 comemorado dia 8 de outubro com objetivo de enaltecer e celebrar a cultura, a diversidade folcl\u00f3rica e a identidade de cada estado da regi\u00e3o. Nascida no Recife, a Muma, startup do mercado moveleiro mostra aqui um pequeno recorte do que h\u00e1 de melhor na [&hellip;]<\/p>\n","protected":false},"author":1,"featured_media":17704,"comment_status":"open","ping_status":"open","sticky":false,"template":"","format":"standard","meta":{"_uag_custom_page_level_css":"","footnotes":""},"categories":[28],"tags":[22320,12604,7914,22319,22321,9946],"class_list":["post-17700","post","type-post","status-publish","format-standard","has-post-thumbnail","hentry","category-arquitetura","tag-dia-do-nordeste","tag-mercado-moveleiro","tag-moveis-para-casa","tag-muma","tag-produtos-e-decoracao","tag-recife-pe"],"blocksy_meta":[],"spectra_blocks_featured_image_url":{"thumbnail":{"url":"https:\/\/construcaocivil.siriusmarketingedesign.com.br\/wp-content\/uploads\/2021\/10\/MUMA-LOJA-150x150.jpg","width":150,"height":150},"medium":{"url":"https:\/\/construcaocivil.siriusmarketingedesign.com.br\/wp-content\/uploads\/2021\/10\/MUMA-LOJA-300x200.jpg","width":300,"height":200},"medium_large":{"url":"https:\/\/construcaocivil.siriusmarketingedesign.com.br\/wp-content\/uploads\/2021\/10\/MUMA-LOJA-768x512.jpg","width":768,"height":512},"large":{"url":"https:\/\/construcaocivil.siriusmarketingedesign.com.br\/wp-content\/uploads\/2021\/10\/MUMA-LOJA.jpg","width":1024,"height":683},"full":{"url":"https:\/\/construcaocivil.siriusmarketingedesign.com.br\/wp-content\/uploads\/2021\/10\/MUMA-LOJA.jpg","width":1024,"height":683}},"spectra_blocks_author_info":{"display_name":"Jornal da Constru\u00e7\u00e3o Civil","avatar_url":"https:\/\/secure.gravatar.com\/avatar\/973c9774fd44ddaceb026973c4962faa70fc512bc4c9da68e8ebb40fecee6540?s=96&d=mm&r=g","author_link":"https:\/\/construcaocivil.siriusmarketingedesign.com.br\/?author=1","description":"Desde de 2013, levando muitas informa\u00e7\u00f5es, lan\u00e7amentos e produtos de qualidade para toda cadeia produtiva da constru\u00e7\u00e3o. O Futuro da constru\u00e7\u00e3o passa por aqui,"},"uagb_featured_image_src":{"full":["https:\/\/construcaocivil.siriusmarketingedesign.com.br\/wp-content\/uploads\/2021\/10\/MUMA-LOJA.jpg",1024,683,false],"thumbnail":["https:\/\/construcaocivil.siriusmarketingedesign.com.br\/wp-content\/uploads\/2021\/10\/MUMA-LOJA-150x150.jpg",150,150,true],"medium":["https:\/\/construcaocivil.siriusmarketingedesign.com.br\/wp-content\/uploads\/2021\/10\/MUMA-LOJA-300x200.jpg",300,200,true],"medium_large":["https:\/\/construcaocivil.siriusmarketingedesign.com.br\/wp-content\/uploads\/2021\/10\/MUMA-LOJA-768x512.jpg",768,512,true],"large":["https:\/\/construcaocivil.siriusmarketingedesign.com.br\/wp-content\/uploads\/2021\/10\/MUMA-LOJA.jpg",1024,683,false],"1536x1536":["https:\/\/construcaocivil.siriusmarketingedesign.com.br\/wp-content\/uploads\/2021\/10\/MUMA-LOJA.jpg",1024,683,false],"2048x2048":["https:\/\/construcaocivil.siriusmarketingedesign.com.br\/wp-content\/uploads\/2021\/10\/MUMA-LOJA.jpg",1024,683,false]},"uagb_author_info":{"display_name":"Jornal da Constru\u00e7\u00e3o Civil","author_link":"https:\/\/construcaocivil.siriusmarketingedesign.com.br\/?author=1"},"uagb_comment_info":0,"uagb_excerpt":"S\u00e3o Paulo, Outubro de 2021 &#8211; O Dia do Nordestino \u00e9 comemorado dia 8 de outubro com objetivo de enaltecer e celebrar a cultura, a diversidade folcl\u00f3rica e a identidade de cada estado da regi\u00e3o. Nascida no Recife, a Muma, startup do mercado moveleiro mostra aqui um pequeno recorte do que h\u00e1 de melhor na&hellip;","_links":{"self":[{"href":"https:\/\/construcaocivil.siriusmarketingedesign.com.br\/index.php?rest_route=\/wp\/v2\/posts\/17700","targetHints":{"allow":["GET"]}}],"collection":[{"href":"https:\/\/construcaocivil.siriusmarketingedesign.com.br\/index.php?rest_route=\/wp\/v2\/posts"}],"about":[{"href":"https:\/\/construcaocivil.siriusmarketingedesign.com.br\/index.php?rest_route=\/wp\/v2\/types\/post"}],"author":[{"embeddable":true,"href":"https:\/\/construcaocivil.siriusmarketingedesign.com.br\/index.php?rest_route=\/wp\/v2\/users\/1"}],"replies":[{"embeddable":true,"href":"https:\/\/construcaocivil.siriusmarketingedesign.com.br\/index.php?rest_route=%2Fwp%2Fv2%2Fcomments&post=17700"}],"version-history":[{"count":0,"href":"https:\/\/construcaocivil.siriusmarketingedesign.com.br\/index.php?rest_route=\/wp\/v2\/posts\/17700\/revisions"}],"wp:featuredmedia":[{"embeddable":true,"href":"https:\/\/construcaocivil.siriusmarketingedesign.com.br\/index.php?rest_route=\/wp\/v2\/media\/17704"}],"wp:attachment":[{"href":"https:\/\/construcaocivil.siriusmarketingedesign.com.br\/index.php?rest_route=%2Fwp%2Fv2%2Fmedia&parent=17700"}],"wp:term":[{"taxonomy":"category","embeddable":true,"href":"https:\/\/construcaocivil.siriusmarketingedesign.com.br\/index.php?rest_route=%2Fwp%2Fv2%2Fcategories&post=17700"},{"taxonomy":"post_tag","embeddable":true,"href":"https:\/\/construcaocivil.siriusmarketingedesign.com.br\/index.php?rest_route=%2Fwp%2Fv2%2Ftags&post=17700"}],"curies":[{"name":"wp","href":"https:\/\/api.w.org\/{rel}","templated":true}]}}