{"id":17723,"date":"2021-10-12T14:59:39","date_gmt":"2021-10-12T17:59:39","guid":{"rendered":"https:\/\/www.jornaldaconstrucaocivil.com.br\/?p=17723"},"modified":"2021-10-12T14:59:39","modified_gmt":"2021-10-12T17:59:39","slug":"filme-por-uma-educacao-antirracista-da-produtora-maria-farinha-filmes-e-lancado-no-youtube-do-canal-gnt","status":"publish","type":"post","link":"https:\/\/construcaocivil.siriusmarketingedesign.com.br\/?p=17723","title":{"rendered":"Filme \u201cPor Uma Educa\u00e7\u00e3o Antirracista\u201d, da produtora Maria Farinha Filmes \u00e9 lan\u00e7ado no YouTube do canal GNT"},"content":{"rendered":"<p dir=\"ltr\" style=\"text-align: justify;\"><span id=\"v1docs-internal-guid-7ffa6afa-7fff-10b0-acda-bd65870af46c\">\u201cPor Uma Educa\u00e7\u00e3o Antirracista\u201d convida jovens, adultos, idosos, ind\u00edgenas, negros, orientais e brancos a se engajarem no tema para que ajudem a modificar as pr\u00e1ticas educacionais que conhecemos at\u00e9 hoje. Uma idealiza\u00e7\u00e3o do Alana, produ\u00e7\u00e3o da l\u00edder em entretenimento de impacto na Am\u00e9rica Latina, Maria Farinha Filmes, com dire\u00e7\u00e3o e roteiro de Shirlene Paix\u00e3o, a miniss\u00e9rie audiovisual chegou no YouTube do canal GNT ontem, 11 de outubro,.\u00a0<\/span><\/p>\n<p dir=\"ltr\" style=\"text-align: justify;\"><span id=\"v1docs-internal-guid-7ffa6afa-7fff-10b0-acda-bd65870af46c\">Diariamente, at\u00e9 o dia 15 de outubro, a miniss\u00e9rie \u00a0trar\u00e1 a\u00e7\u00f5es desenvolvidas\/inspiradas pelo trabalho de professores\/facilitadores que subverteram o sistema e criaram novas metodologias, sob uma perspectiva antirracista, multicultural e em harmonia com a natureza. Com uma vis\u00e3o criativa, a miniss\u00e9rie apresenta, em cada um dos cinco epis\u00f3dios de oito minutos, uma fam\u00edlia com personalidades que conversam sobre o tema, com apoio de especialistas como Ailton Krenak, Nilma Lino Gomes, Petronilha Beatriz Gon\u00e7alves da Silva, entre outros.<\/span><\/p>\n<p dir=\"ltr\" style=\"text-align: justify;\"><span id=\"v1docs-internal-guid-7ffa6afa-7fff-10b0-acda-bd65870af46c\">A partir da leitura de livretos, desenvolvidos exclusivamente para a s\u00e9rie e escrito por Rafael Souza-Ribeiro, as fam\u00edlias de Samara Felippo, Aline Wirley, Luana G\u00e9not, Fatou N&#8217;Diaye e M\u00e1rcia Kambeba, transformam essa realidade na pr\u00e1tica, de uma forma divertida e inspiradora, com o apoio dos principais especialistas no assunto e que aprofundam a experi\u00eancia do espectador, jogando luz nas pr\u00e1ticas existentes em salas de aula de diversos cantos do Brasil. Ao final de cada epis\u00f3dio, os especialistas trazem dicas e pr\u00e1ticas para a implementa\u00e7\u00e3o de a\u00e7\u00f5es antirracistas nas escolas e em casa.<\/span><\/p>\n<p dir=\"ltr\" style=\"text-align: justify;\"><span id=\"v1docs-internal-guid-7ffa6afa-7fff-10b0-acda-bd65870af46c\">\u00a0<\/span><span id=\"v1docs-internal-guid-7ffa6afa-7fff-10b0-acda-bd65870af46c\">&#8220;\u2019Por Uma Educa\u00e7\u00e3o Antirracista\u2019 \u00e9 uma oportunidade de remexer as estruturas. De maneira leve e afetiva, tomamos f\u00f4lego para um mergulho vertical. Dirigir, roteirizar e desenvolver essa s\u00e9rie com o time da Maria Farinha Filmes foi um prazer imenso. Cinema e responsabilidade social s\u00e3o uma combina\u00e7\u00e3o que \u00e9 pura pot\u00eancia.\u00a0 Preparem-se para se emocionar e se inspirar&#8221;, diz a diretora, Shirlene Paix\u00e3o.\u00a0<\/span><\/p>\n<p dir=\"ltr\" style=\"text-align: justify;\"><span id=\"v1docs-internal-guid-7ffa6afa-7fff-10b0-acda-bd65870af46c\">Para somar na estrat\u00e9gia de impacto, a distribuidora Flow Impact lan\u00e7a uma campanha para mobilizar fam\u00edlias e escolas unindo artistas, ativistas e institui\u00e7\u00f5es de renome nas \u00e1reas da Educa\u00e7\u00e3o, Direitos Humanos e combate ao Racismo.\u00a0<\/span><\/p>\n<p dir=\"ltr\" style=\"text-align: justify;\"><span id=\"v1docs-internal-guid-7ffa6afa-7fff-10b0-acda-bd65870af46c\">Servi\u00e7o:<\/span><\/p>\n<p dir=\"ltr\" style=\"text-align: justify;\"><span id=\"v1docs-internal-guid-7ffa6afa-7fff-10b0-acda-bd65870af46c\">\u201cPor Uma Escola Antirracista\u201d estreia dia 11\/10, \u00e0s 18h, no YouTube do GNT<\/span><\/p>\n<p dir=\"ltr\" style=\"text-align: justify;\"><span id=\"v1docs-internal-guid-7ffa6afa-7fff-10b0-acda-bd65870af46c\">Epis\u00f3dios di\u00e1rios: de segunda (11) \u00e0 sexta-feira (15), \u00e0s 18h, no YouTube do GNT<\/span><\/p>\n<p dir=\"ltr\" style=\"text-align: justify;\">\n","protected":false},"excerpt":{"rendered":"<p>\u201cPor Uma Educa\u00e7\u00e3o Antirracista\u201d convida jovens, adultos, idosos, ind\u00edgenas, negros, orientais e brancos a se engajarem no tema para que ajudem a modificar as pr\u00e1ticas educacionais que conhecemos at\u00e9 hoje. Uma idealiza\u00e7\u00e3o do Alana, produ\u00e7\u00e3o da l\u00edder em entretenimento de impacto na Am\u00e9rica Latina, Maria Farinha Filmes, com dire\u00e7\u00e3o e roteiro de Shirlene Paix\u00e3o, a [&hellip;]<\/p>\n","protected":false},"author":1,"featured_media":17724,"comment_status":"open","ping_status":"open","sticky":false,"template":"","format":"standard","meta":{"_uag_custom_page_level_css":"","footnotes":""},"categories":[27],"tags":[22339,22334,22336,22337,22338,22335,22340],"class_list":["post-17723","post","type-post","status-publish","format-standard","has-post-thumbnail","hentry","category-acontece","tag-por-uma-educacao-antirracista","tag-educacao-antirracista","tag-escolas-e-universidade-racismo","tag-filme-canal-gnt","tag-maria-farinha-filmes","tag-racismo-e-crime","tag-youtube-canal-gnt"],"blocksy_meta":[],"spectra_blocks_featured_image_url":{"thumbnail":{"url":"https:\/\/construcaocivil.siriusmarketingedesign.com.br\/wp-content\/uploads\/2021\/10\/EDUCACAO-OK-150x150.jpg","width":150,"height":150},"medium":{"url":"https:\/\/construcaocivil.siriusmarketingedesign.com.br\/wp-content\/uploads\/2021\/10\/EDUCACAO-OK-300x169.jpg","width":300,"height":169},"medium_large":{"url":"https:\/\/construcaocivil.siriusmarketingedesign.com.br\/wp-content\/uploads\/2021\/10\/EDUCACAO-OK.jpg","width":576,"height":324},"large":{"url":"https:\/\/construcaocivil.siriusmarketingedesign.com.br\/wp-content\/uploads\/2021\/10\/EDUCACAO-OK.jpg","width":576,"height":324},"full":{"url":"https:\/\/construcaocivil.siriusmarketingedesign.com.br\/wp-content\/uploads\/2021\/10\/EDUCACAO-OK.jpg","width":576,"height":324}},"spectra_blocks_author_info":{"display_name":"Jornal da Constru\u00e7\u00e3o Civil","avatar_url":"https:\/\/secure.gravatar.com\/avatar\/973c9774fd44ddaceb026973c4962faa70fc512bc4c9da68e8ebb40fecee6540?s=96&d=mm&r=g","author_link":"https:\/\/construcaocivil.siriusmarketingedesign.com.br\/?author=1","description":"Desde de 2013, levando muitas informa\u00e7\u00f5es, lan\u00e7amentos e produtos de qualidade para toda cadeia produtiva da constru\u00e7\u00e3o. O Futuro da constru\u00e7\u00e3o passa por aqui,"},"uagb_featured_image_src":{"full":["https:\/\/construcaocivil.siriusmarketingedesign.com.br\/wp-content\/uploads\/2021\/10\/EDUCACAO-OK.jpg",576,324,false],"thumbnail":["https:\/\/construcaocivil.siriusmarketingedesign.com.br\/wp-content\/uploads\/2021\/10\/EDUCACAO-OK-150x150.jpg",150,150,true],"medium":["https:\/\/construcaocivil.siriusmarketingedesign.com.br\/wp-content\/uploads\/2021\/10\/EDUCACAO-OK-300x169.jpg",300,169,true],"medium_large":["https:\/\/construcaocivil.siriusmarketingedesign.com.br\/wp-content\/uploads\/2021\/10\/EDUCACAO-OK.jpg",576,324,false],"large":["https:\/\/construcaocivil.siriusmarketingedesign.com.br\/wp-content\/uploads\/2021\/10\/EDUCACAO-OK.jpg",576,324,false],"1536x1536":["https:\/\/construcaocivil.siriusmarketingedesign.com.br\/wp-content\/uploads\/2021\/10\/EDUCACAO-OK.jpg",576,324,false],"2048x2048":["https:\/\/construcaocivil.siriusmarketingedesign.com.br\/wp-content\/uploads\/2021\/10\/EDUCACAO-OK.jpg",576,324,false]},"uagb_author_info":{"display_name":"Jornal da Constru\u00e7\u00e3o Civil","author_link":"https:\/\/construcaocivil.siriusmarketingedesign.com.br\/?author=1"},"uagb_comment_info":0,"uagb_excerpt":"\u201cPor Uma Educa\u00e7\u00e3o Antirracista\u201d convida jovens, adultos, idosos, ind\u00edgenas, negros, orientais e brancos a se engajarem no tema para que ajudem a modificar as pr\u00e1ticas educacionais que conhecemos at\u00e9 hoje. Uma idealiza\u00e7\u00e3o do Alana, produ\u00e7\u00e3o da l\u00edder em entretenimento de impacto na Am\u00e9rica Latina, Maria Farinha Filmes, com dire\u00e7\u00e3o e roteiro de Shirlene Paix\u00e3o, a&hellip;","_links":{"self":[{"href":"https:\/\/construcaocivil.siriusmarketingedesign.com.br\/index.php?rest_route=\/wp\/v2\/posts\/17723","targetHints":{"allow":["GET"]}}],"collection":[{"href":"https:\/\/construcaocivil.siriusmarketingedesign.com.br\/index.php?rest_route=\/wp\/v2\/posts"}],"about":[{"href":"https:\/\/construcaocivil.siriusmarketingedesign.com.br\/index.php?rest_route=\/wp\/v2\/types\/post"}],"author":[{"embeddable":true,"href":"https:\/\/construcaocivil.siriusmarketingedesign.com.br\/index.php?rest_route=\/wp\/v2\/users\/1"}],"replies":[{"embeddable":true,"href":"https:\/\/construcaocivil.siriusmarketingedesign.com.br\/index.php?rest_route=%2Fwp%2Fv2%2Fcomments&post=17723"}],"version-history":[{"count":0,"href":"https:\/\/construcaocivil.siriusmarketingedesign.com.br\/index.php?rest_route=\/wp\/v2\/posts\/17723\/revisions"}],"wp:featuredmedia":[{"embeddable":true,"href":"https:\/\/construcaocivil.siriusmarketingedesign.com.br\/index.php?rest_route=\/wp\/v2\/media\/17724"}],"wp:attachment":[{"href":"https:\/\/construcaocivil.siriusmarketingedesign.com.br\/index.php?rest_route=%2Fwp%2Fv2%2Fmedia&parent=17723"}],"wp:term":[{"taxonomy":"category","embeddable":true,"href":"https:\/\/construcaocivil.siriusmarketingedesign.com.br\/index.php?rest_route=%2Fwp%2Fv2%2Fcategories&post=17723"},{"taxonomy":"post_tag","embeddable":true,"href":"https:\/\/construcaocivil.siriusmarketingedesign.com.br\/index.php?rest_route=%2Fwp%2Fv2%2Ftags&post=17723"}],"curies":[{"name":"wp","href":"https:\/\/api.w.org\/{rel}","templated":true}]}}